{"id":107797,"date":"2026-06-25T15:20:05","date_gmt":"2026-06-25T15:20:05","guid":{"rendered":"https:\/\/www.europesays.com\/sk\/107797\/"},"modified":"2026-06-25T15:20:05","modified_gmt":"2026-06-25T15:20:05","slug":"spor-v-madarsku-premier-tlaci-na-prokuraturu-v-kauze-ukrajinskeho-konvoja","status":"publish","type":"post","link":"https:\/\/www.europesays.com\/sk\/107797\/","title":{"rendered":"Spor v Ma\u010farsku: Premi\u00e9r tla\u010d\u00ed na prokurat\u00faru v kauze ukrajinsk\u00e9ho konvoja"},"content":{"rendered":"<p>Z\u013eava \u010desk\u00fd premi\u00e9r Andrej Babi\u0161, po\u013esk\u00fd premi\u00e9r Donald Tusk, ma\u010farsk\u00fd premi\u00e9r Peter Magyar a slovensk\u00fd premi\u00e9r Robert Fico prich\u00e1dzaj\u00fa na tla\u010dov\u00fa konferenciu na z\u00e1ver jednod\u0148ov\u00e9ho summitu kraj\u00edn Vy\u0161ehradskej skupiny (V4) v Kr\u00e1\u013eovskom z\u00e1mku v G\u00f6d\u00f6ll\u0151 v se\t\t\t\t\t\t(Zdroj: SITA\/AP\/Robert Hegedus\/MTI)\t\t\t\t\t<\/p>\n<p>BUDAPE\u0160\u0164 &#8211; Predseda ma\u010farskej vl\u00e1dy P\u00e9ter Magyar o\u010dak\u00e1va, \u017ee gener\u00e1lny prokur\u00e1tor G\u00e1bor B\u00e1lint Nagy vo \u0161tvrtok do 15.00 h ozn\u00e1mi verejnosti podrobnosti vy\u0161etrovania pr\u00edpadu ukrajinsk\u00e9ho konvoja so zlatom a hotovos\u0165ou, v opa\u010dnom pr\u00edpade zverejn\u00ed inform\u00e1cie s\u00e1m. Na z\u00e1klade spr\u00e1vy servera telex.hu o tom informuje spravodajca v Budape\u0161ti.<\/p>\n<p>Magyar nazna\u010dil, \u017ee gener\u00e1lny prokur\u00e1tor by mal \u010doskoro odst\u00fapi\u0165, pri\u010dom tento krok m\u00f4\u017ee s\u00favisie\u0165 s marcov\u00fdm zadr\u017ean\u00edm ukrajinsk\u00e9ho transportu pod b\u00fdvalou vl\u00e1dou. \u201eAko pokra\u010duje vy\u0161etrovanie konvoja so zlatom, v\u00e1\u017een\u00fd gener\u00e1lny prokur\u00e1tor?\u201c polo\u017eil ot\u00e1zku Magyar a dodal, \u017ee mnoh\u00fdch \u013eud\u00ed zauj\u00edma, kto bol doteraz vypo\u010d\u00favan\u00fd ako podozriv\u00fd, pre\u010do len oni a kto \u010fal\u0161\u00ed bude zatknut\u00fd.<\/p>\n<p>Premi\u00e9r avizoval, \u017ee ak Nagy nezverejn\u00ed v\u00fdvoj pr\u00edpadu, po vypr\u0161an\u00ed ultim\u00e1ta sa podel\u00ed o viacer\u00e9 dostupn\u00e9 \u201eve\u013emi zauj\u00edmav\u00e9 a d\u00f4le\u017eit\u00e9\u201c inform\u00e1cie. Server telex.hu 3. j\u00fana s odvolan\u00edm sa na rozhovory so zdrojmi obozn\u00e1men\u00fdmi s touto z\u00e1le\u017eitos\u0165ou alebo priamo zapojen\u00fdmi do nej uviedol, \u017ee vl\u00e1da predch\u00e1dzaj\u00faceho premi\u00e9ra Viktora Orb\u00e1na sa rozhodla 5. marca vykona\u0165 raziu v ukrajinskom \u201ezlatom konvoji\u201c, hoci na to neexistovalo \u017eiadne odborn\u00e9 od\u00f4vodnenie.<\/p>\n<p>Incident vyvolal v\u00e1\u017ene medzin\u00e1rodn\u00e9 pob\u00farenie<\/p>\n<p>Incident, ktor\u00fd bol zverejnen\u00fd na druh\u00fd de\u0148, vyvolal v\u00e1\u017ene medzin\u00e1rodn\u00e9 pob\u00farenie. Orb\u00e1nova vl\u00e1da na Facebooku zverejnila z\u00e1sah, pri\u010dom vl\u00e1dna komunik\u00e1cia nazna\u010dovala, \u017ee Ukrajinci peniaze a zlato prepravovali neleg\u00e1lne. Pod\u013ea Kyjeva v\u0161ak Ma\u010farsko Ukrajincom jednoducho ukradlo peniaze. Z vyhl\u00e1sen\u00ed predstavite\u013eov teraj\u0161ej vl\u00e1dnej strany Tisza vypl\u00fdva, \u017ee z\u00e1sah pova\u017euj\u00fa za \u201ecielen\u00fa politick\u00fa provok\u00e1ciu\u201c zo strany predch\u00e1dzaj\u00facej vl\u00e1dnej moci.<\/p>\n<p>Zamestnancov ukrajinskej \u0161t\u00e1tnej banky, ktor\u00ed prev\u00e1\u017eali hotovos\u0165 v r\u00e1mci pravidelnej prepravy medzi bankami v Rak\u00fasku a Ukrajine, zadr\u017eali 5. marca na ma\u010farskom \u00fazem\u00ed pr\u00edslu\u0161n\u00edci Protiteroristick\u00e9ho centra (TEK). Zaistili 40 mili\u00f3nov eur v hotovosti, 35 mili\u00f3nov dol\u00e1rov a dev\u00e4\u0165 kilogramov zlata a pr\u00edpad vy\u0161etrovali pre podozrenie z prania \u0161pinav\u00fdch pe\u0148az\u00ed. Ukrajinsk\u00fdch ob\u010danov nesk\u00f4r z Ma\u010farska vyhostili a zadr\u017ean\u00e9 aut\u00e1 vr\u00e1tili.<\/p>\n<p>Zadr\u017eanie pe\u0148az\u00ed a zlata<\/p>\n<p>Zadr\u017eanie pe\u0148az\u00ed a zlata vyvolalo kr\u00e1tko pred ma\u010farsk\u00fdmi parlamentn\u00fdmi vo\u013ebami roztr\u017eku medzi oboma krajinami. Ukrajinsk\u00fd minister zahrani\u010dn\u00fdch vec\u00ed Andrej Sybiha tvrdil, \u017ee Ma\u010farsko otvorene priznalo, \u017ee zaisten\u00fa z\u00e1sielku hotovosti a zlata pou\u017eije na vydieranie Kyjeva. Kr\u00e1tko predt\u00fdm ma\u010farsk\u00fd minister v\u00fdstavby a dopravy J\u00e1nos L\u00e1z\u00e1r uviedol, \u017ee zadr\u017eanie z\u00e1sielky protiteroristickou jednotkou na ma\u010farskom \u00fazem\u00ed nebolo n\u00e1hodn\u00e9. Dodal vtedy, \u017ee ju nevr\u00e1tia Kyjevu, k\u00fdm ropovodom Dru\u017eba nepote\u010die ropa. Preprava ropy do Ma\u010farska cez ropovod Dru\u017eba bola 23. apr\u00edla op\u00e4\u0165 spusten\u00e1 a v parlamentn\u00fdch vo\u013eb\u00e1ch 12. apr\u00edla z\u00edskala opozi\u010dn\u00e1 strana Tisza P\u00e9tera Magyara \u00fastavn\u00fa v\u00e4\u010d\u0161inu.<\/p>\n","protected":false},"excerpt":{"rendered":"Z\u013eava \u010desk\u00fd premi\u00e9r Andrej Babi\u0161, po\u013esk\u00fd premi\u00e9r Donald Tusk, ma\u010farsk\u00fd premi\u00e9r Peter Magyar a slovensk\u00fd premi\u00e9r Robert Fico&hellip;\n","protected":false},"author":2,"featured_media":107798,"comment_status":"","ping_status":"","sticky":false,"template":"","format":"standard","meta":{"footnotes":"","_share_on_mastodon":"0"},"categories":[8],"tags":[36481,33,3373,43,40,42,36,50,2090,49,48],"class_list":["post-107797","post","type-post","status-publish","format-standard","has-post-thumbnail","category-svet","tag-konvoj","tag-news","tag-peter-magyar","tag-sk","tag-slovak","tag-slovencina","tag-spravy","tag-svet","tag-vysetrovanie","tag-world","tag-world-news"],"share_on_mastodon":{"url":"https:\/\/pubeurope.com\/@sk\/116811427105532814","error":""},"_links":{"self":[{"href":"https:\/\/www.europesays.com\/sk\/wp-json\/wp\/v2\/posts\/107797","targetHints":{"allow":["GET"]}}],"collection":[{"href":"https:\/\/www.europesays.com\/sk\/wp-json\/wp\/v2\/posts"}],"about":[{"href":"https:\/\/www.europesays.com\/sk\/wp-json\/wp\/v2\/types\/post"}],"author":[{"embeddable":true,"href":"https:\/\/www.europesays.com\/sk\/wp-json\/wp\/v2\/users\/2"}],"replies":[{"embeddable":true,"href":"https:\/\/www.europesays.com\/sk\/wp-json\/wp\/v2\/comments?post=107797"}],"version-history":[{"count":0,"href":"https:\/\/www.europesays.com\/sk\/wp-json\/wp\/v2\/posts\/107797\/revisions"}],"wp:featuredmedia":[{"embeddable":true,"href":"https:\/\/www.europesays.com\/sk\/wp-json\/wp\/v2\/media\/107798"}],"wp:attachment":[{"href":"https:\/\/www.europesays.com\/sk\/wp-json\/wp\/v2\/media?parent=107797"}],"wp:term":[{"taxonomy":"category","embeddable":true,"href":"https:\/\/www.europesays.com\/sk\/wp-json\/wp\/v2\/categories?post=107797"},{"taxonomy":"post_tag","embeddable":true,"href":"https:\/\/www.europesays.com\/sk\/wp-json\/wp\/v2\/tags?post=107797"}],"curies":[{"name":"wp","href":"https:\/\/api.w.org\/{rel}","templated":true}]}}