{"id":108355,"date":"2026-06-26T08:26:15","date_gmt":"2026-06-26T08:26:15","guid":{"rendered":"https:\/\/www.europesays.com\/sk\/108355\/"},"modified":"2026-06-26T08:26:15","modified_gmt":"2026-06-26T08:26:15","slug":"smutne-kosicke-vyrocie-pred-85-rokmi-mesto-bombardovali-dodnes-nie-je-jasne-kto-stal-za-utokom-regiony-spravy","status":"publish","type":"post","link":"https:\/\/www.europesays.com\/sk\/108355\/","title":{"rendered":"Smutn\u00e9 ko\u0161ick\u00e9 v\u00fdro\u010die. Pred 85 rokmi mesto bombardovali, dodnes nie je jasn\u00e9, kto st\u00e1l za \u00fatokom &#8211; Regi\u00f3ny &#8211; Spr\u00e1vy"},"content":{"rendered":"<p itemprop=\"description\">Dovtedy pokojn\u00e9 Ko\u0161ice \u010delili bomb\u00e1m, ktor\u00e9 zab\u00edjali. K tragickej udalosti do\u0161lo 26. j\u00fana 1941.<\/p>\n<p>\t\t\t\t\t \t\t\t\tKo\u0161ice &#8211; miesta, ktor\u00e9 v j\u00fani 1941 zasiahli bomby \t\t\t<\/p>\n<p>\t \t\t\t Video \t<\/p>\n<p>\t\t\t\tDnes to tak nevyzer\u00e1, no pred 85 rokmi dopadlo na tieto miesta Ko\u0161\u00edc viacero b\u00f4mb. Vtedy tu st\u00e1li domy, dnes je tu s\u00eddlisko Kuzm\u00e1nyho. \t\t\t\t\/\t\t\t\t\t\t\t\t\tZdroj: TV Pravda\/Boris Macko \t\t\t\t\t\t<\/p>\n<p>Hoci boli dovtedy Ko\u0161ice v \u201ez\u00e1vetr\u00ed&#8220;, situ\u00e1cia sa ve\u013emi r\u00fdchlo zmenila. Kr\u00e1tko po jednej popoludn\u00ed 26.\u00a0j\u00fana 1941\u00a0za\u017eilo mesto bombardovanie. N\u00e1sledky boli hroziv\u00e9. V\u00a0priebehu dvoch min\u00fat dopadlo na centrum Ko\u0161\u00edc 29\u00a0b\u00f4mb. Tie mali na svedom\u00ed \u017eivoty 32\u00a0\u013eud\u00ed a 80\u00a0zranen\u00fdch.<\/p>\n<p>Protivzdu\u0161n\u00e1 obrana nestihla reagova\u0165<\/p>\n<p>Smutnou z\u00e1hadou dodnes ost\u00e1va ot\u00e1zka, kto vlastne mesto, bombardoval. Existuje viacero te\u00f3ri\u00ed, no ka\u017ed\u00e1 m\u00e1 svoje pre aj proti. V\u010faka viacer\u00fdm skuto\u010dnostiam sa zrejme z\u00e1hadu nepodar\u00ed tak skoro rozl\u00fa\u0161ti\u0165 a mo\u017eno k\u00a0tomu nikdy ned\u00f4jde. Ist\u00e9 je, \u017ee pod\u013ea niektor\u00fdch zdrojov bomby na Ko\u0161ice zhodili tri neozna\u010den\u00e9 bombard\u00e9ry. In\u00fdmi slovami, nemali jasn\u00e9 v\u00fdsostn\u00e9 znaky pomocou ktor\u00fdch by sa dalo ur\u010di\u0165, ku ktor\u00e9mu \u0161t\u00e1tu, resp. letectvu patria. Bombard\u00e9ry prileteli od juhov\u00fdchodu tri dvojmotorov\u00e9 bombard\u00e9ry. N\u00e1sledne za\u010dali mesto bombardova\u0165. I\u0161lo o\u00a0\u00fazemie ohrani\u010den\u00e9 dne\u0161n\u00fdmi ulicami Karpatsk\u00e1, Hradbov\u00e1 a Braniskov\u00e1.<\/p>\n<p>\t\t\t \t\t\t\t\t\t\t\t<img decoding=\"async\" class=\"lazy article-detail-image\" alt=\"Pred 85. rokmi 26. j\u00fana 1941 \u010delili Ko\u0161ice...\" src=\"https:\/\/www.europesays.com\/sk\/wp-content\/uploads\/2026\/06\/kosice-bombardovanie-1941-2-svetova-vojna-clanokW.jpg\"\/> \t\t\t\t\t\t\t\t\t\t\t \t\t\t\t\t\t\tFoto: Wikipedia \t\t\t\t\t\t\t\t<\/p>\n<p>\t\t\t\t \t\t\t\t\tBombardovanie Kosic &#8211; zniceny dom \t\t\t\t \t\t\t\t\t\t\t\t\tPred 85. rokmi 26. j\u00fana 1941 \u010delili Ko\u0161ice bombardovaniu. Vy\u017eiadalo si vy\u0161e 30 obet\u00ed a desiatky zranen\u00fdch. Okrem po\u0161ty a kas\u00e1rn\u00ed dopadli bomby aj na domy. Dodnes nie je jasn\u00e9, kto je za t\u00fdmto \u00fatokom. \t\t\t\t\t\t<\/p>\n<p>Hoci v\u00a0Ko\u0161iciach bolo v\u00a0tom \u010dase viacero kas\u00e1rn\u00ed, medzi nimi aj jednotky protivzdu\u0161nej obrany, tie neboli schopn\u00e9 na \u00fatok v\u00f4bec reagova\u0165. Pr\u00e1ve kas\u00e1rne na dne\u0161nej Moyzesovej, resp. Kuzm\u00e1nyho dostali nieko\u013eko z\u00e1sahov a vy\u017eiadali si \u017eivoty nieko\u013ek\u00fdch vojakov. \u010eal\u0161ie bomby trafili po\u0161tu a zabili nieko\u013eko zamestnancov. Zvy\u0161n\u00e9 bomby bohu\u017eia\u013e dopadli na obytn\u00e9, v\u00e4\u010d\u0161inou rodinn\u00e9 domy. Dnes stoja na ich mieste z\u00a0v\u00e4\u010d\u0161ej \u010dasti panel\u00e1ky s\u00eddliska Kuzm\u00e1nyho.<\/p>\n<p>\t\t\t \t\t\t\t\t\t\t\t<img decoding=\"async\" class=\"lazy article-detail-image\" alt=\"Pred 85. rokmi 26. j\u00fana 1941 \u010delili Ko\u0161ice...\" src=\"https:\/\/www.europesays.com\/sk\/wp-content\/uploads\/2026\/06\/kosice-bombardovanie-1941-2-svetova-vojna-clanokW.png\"\/> \t\t\t\t\t\t\t\t\t\t\t \t\t\t\t\t\t\tFoto: Wikipedia \t\t\t\t\t\t\t\t<\/p>\n<p>\t\t\t\t \t\t\t\t\tBombardovanie Kosic &#8211; posta 3 \t\t\t\t \t\t\t\t\t\t\t\t\tPred 85. rokmi 26. j\u00fana 1941 \u010delili Ko\u0161ice bombardovaniu. Vy\u017eiadalo si vy\u0161e 30 obet\u00ed a desiatky zranen\u00fdch. Dopadli aj na po\u0161tu a zabili aj nieko\u013eko jej zamestnancov. Dodnes nie je jasn\u00e9, kto je za t\u00fdmto \u00fatokom. \t\t\t\t\t\t<\/p>\n<p>Po\u010fme v\u0161ak k\u00a0tomu, kto a pre\u010do mohol Ko\u0161ice bombardova\u0165. Mesto patrilo po Viedenskej arbitr\u00e1\u017ei od jesene 1938\u00a0Horthyovsk\u00e9mu Ma\u010farsku. Tu treba e\u0161te doda\u0165, \u017ee hne\u010f na druh\u00fd de\u0148 po bombardovan\u00ed Ko\u0161\u00edc, 27.\u00a0j\u00fana 1941\u00a0v\u00a0d\u00f4sledku leteck\u00e9ho \u00fatoku na Ko\u0161ice vyhl\u00e1sila ma\u010farsk\u00e1 vl\u00e1da vojnu Sovietskemu zv\u00e4zu. Ako p\u00ed\u0161e Jaroslav \u0160ajtar v\u00a0\u010dasopise Reflex, pod\u013ea niektor\u00fdch pozorovan\u00ed zo zeme mali bombard\u00e9ry \u017elt\u00e9 ozna\u010denia, ktor\u00e9 mali stroje mocnost\u00ed \u0161t\u00e1tov\u00a0Osi.<\/p>\n<p>Sovieti, Nemci, \u010di Rumuni?<\/p>\n<p>Dvaja pronemecky orientovan\u00ed ma\u010farsk\u00ed gener\u00e1li Henrik Werth a K\u00e1roly Barta v\u0161ak vyhl\u00e1sili, \u017ee za \u00fatokom ur\u010dite stoj\u00ed Sovietsky zv\u00e4z. Pod\u013ea jednej z\u00a0te\u00f3ri\u00ed mali sovietski piloti bombardova\u0165 slovensk\u00fd Pre\u0161ov, ktor\u00fd si pom\u00fdlili s\u00a0v\u00a0tom \u010dase ma\u010farsk\u00fdmi Ko\u0161icami. Teoreticky je to mo\u017en\u00e9, len\u017eeo Sovieti mali v\u00a0tom \u010dase dos\u0165 starost\u00ed z\u00a0nemeck\u00fdm \u00fatokom a sotva by chcel za\u010da\u0165 konflikt s\u00a0\u010fal\u0161\u00edm, aj ke\u010f men\u0161\u00edm a slab\u0161\u00edm \u0161t\u00e1tom. V\u00a0Pre\u0161ove ale mal by\u0165 v\u00a0tom \u010dase nemeck\u00fd konzul\u00e1t, ktor\u00fd mohol zohra\u0165 \u00falohy na pr\u00edpravu vojny zo\u00a0ZSSR.<\/p>\n<p>\u00dato\u010dn\u00edkov mali usved\u010di\u0165 aj pou\u017eit\u00e9 100\u00a0\u2013 kilogramov\u00e9 bomby sovietskej v\u00fdroby. Dve z\u00a0nich nevybuchli a boli na nich n\u00e1pisy v\u00a0azbuke. Tu sa dost\u00e1vame k\u00a0\u010fal\u0161\u00edm mo\u017en\u00fdm p\u00e1chate\u013eom. Ofici\u00e1lne sovietske org\u00e1ny odmietli, \u017ee by podnikli leteck\u00fd \u00fatok na Ko\u0161ice. Spom\u00ednan\u00e9 sovietske bomby pou\u017e\u00edvalo viacero \u0161t\u00e1tov. Mnoho historikov podozrieva z\u00a0bombardovania Nemcov, ktor\u00ed mali fingovan\u00fdm sovietskym bombardovan\u00edm zatiahnu\u0165 do vojny so Sovietskym zv\u00e4zom aj Ma\u010farsko. Sovietske bomby mohli Nemci ukoristi\u0165 po\u010das svojho \u0165a\u017eenia. Navy\u0161e vtedaj\u0161\u00ed velite\u013e Ko\u0161ick\u00e9ho vojensk\u00e9ho letectva \u00c1d\u00e1m Kr\u00fady identifikoval bombard\u00e9ry ako nemeck\u00e9 Heinkel HE 111, no \u00fadajne bolo nariaden\u00e9, aby sa o\u00a0tom ml\u010dalo.<\/p>\n<p class=\"article-detail-body-galeria-description\">Pred 85. rokmi 26. j\u00fana 1941 \u010delili Ko\u0161ice bombardovaniu. Vy\u017eiadalo si vy\u0161e 30 obet\u00ed a desiatky zranen\u00fdch. Dodnes nie je jasn\u00e9, kto je za t\u00fdmto \u00fatokom.<\/p>\n<p>\t\t<a href=\"https:\/\/spravy.pravda.sk\/fotogaleria\/89171-bombardovanie-kosic\/#1\" rel=\"nofollow noopener\" target=\"_blank\"><img decoding=\"async\" class=\"lazy\" alt=\"Pred 85. rokmi 26. j\u00fana 1941 \u010delili Ko\u0161ice...\" src=\"https:\/\/www.europesays.com\/sk\/wp-content\/uploads\/2026\/06\/kosice-bombardovanie-1941-2-svetova-vojna_04-strednaW.jpg\"\/><\/a><\/p>\n<p>\t\t<a href=\"https:\/\/spravy.pravda.sk\/fotogaleria\/89171-bombardovanie-kosic\/#2\" rel=\"nofollow noopener\" target=\"_blank\"><img decoding=\"async\" class=\"lazy\" alt=\"Pred 85. rokmi 26. j\u00fana 1941 \u010delili Ko\u0161ice...\" src=\"https:\/\/www.europesays.com\/sk\/wp-content\/uploads\/2026\/06\/kosice-bombardovanie-1941-2-svetova-vojna_03-malaW.jpg\"\/><\/a><\/p>\n<p>Proti bombardovaniu Nemcami hovor\u00ed fakt, \u017ee nemali stroje, ktor\u00e9 boli prisp\u00f4soben\u00e9 na nesenie sovietskych b\u00f4mb. Navy\u0161e sa v\u00a0nemeck\u00fdch arch\u00edvoch nena\u0161li \u017eiadne zmienky o\u00a0bombardovan\u00ed Ko\u0161\u00edc. Tret\u00edm argumentom proti je, \u017ee Nemci potrebovali vtedaj\u0161ie Ma\u010farsko ako ur\u010dit\u00e9 z\u00e1zemie. Navy\u0161e nemeck\u00ed velitelia nemali o\u00a0v\u00fdzbroji a v\u00fdcviku ma\u010farskej arm\u00e1dy vysok\u00fa mienku a preto neboli presved\u010den\u00ed, \u017ee by im v\u00a0\u0165a\u017een\u00ed proti Sovietskemu zv\u00e4zu nejako pomohli.<\/p>\n<p>\t\t\t \t\t\t\t\t\t\t\t<img decoding=\"async\" class=\"lazy article-detail-image\" alt=\"Pred 85. rokmi 26. j\u00fana 1941 \u010delili Ko\u0161ice...\" src=\"https:\/\/www.europesays.com\/sk\/wp-content\/uploads\/2026\/06\/kosice-bombardovanie-1941-2-svetova-vojna_04-clanokW.jpg\"\/> \t\t\t\t\t\t\t\t\t\t\t \t\t\t\t\t\t\tFoto: Boris Macko \t\t\t\t\t\t\t\t<\/p>\n<p>\t\t\t\t \t\t\t\t\tBombardovanie Kosic posta dnes 1 \t\t\t\t \t\t\t\t\t\t\t\t\tPred 85. rokmi 26. j\u00fana 1941 \u010delili Ko\u0161ice bombardovaniu. Vy\u017eiadalo si vy\u0161e 30 obet\u00ed a desiatky zranen\u00fdch. Dopadli aj na po\u0161tu a po\u0161kodili ju. Dnes je na jej stene umiestnen\u00e1 pam\u00e4tn\u00e1 tabu\u013ea na pamiatku obet\u00ed bombardovania. \t\t\t\t\t\t<\/p>\n<p>Objavili sa aj te\u00f3rie o\u00a0ma\u010farskom \u201esamobombardovan\u00ed&#8220;. No tu je protiargumentom fakt, \u017ee pre Ma\u010farov boli ned\u00e1vno z\u00edskan\u00e9 Ko\u0161ice cenn\u00fdm mestom. Navy\u0161e tu mali aj mnoh\u00ed vysokopostaven\u00ed velitelia svoju rodinu, \u010di zn\u00e1mych a nemohli vedie\u0165, \u010di nebud\u00fa po\u010das bombardovania ohrozen\u00ed. Navy\u0161e nemohli vopred odhadn\u00fa\u0165 pr\u00e1ve po\u010det\u00a0obet\u00ed.<\/p>\n<p>\t\t\t \t\t\t\t\t\t\t\t<img decoding=\"async\" class=\"lazy article-detail-image\" alt=\"Pred 85. rokmi 26. j\u00fana 1941 \u010delili Ko\u0161ice...\" src=\"https:\/\/www.europesays.com\/sk\/wp-content\/uploads\/2026\/06\/kosice-bombardovanie-1941-2-svetova-vojna_03-clanokW.jpg\"\/> \t\t\t\t\t\t\t\t\t\t\t \t\t\t\t\t\t\tFoto: Boris Macko \t\t\t\t\t\t\t\t<\/p>\n<p>\t\t\t\t \t\t\t\t\tBombardovanie Kosic posta dnes 2 \t\t\t\t \t\t\t\t\t\t\t\t\tPred 85. rokmi 26. j\u00fana 1941 \u010delili Ko\u0161ice bombardovaniu. Vy\u017eiadalo si vy\u0161e 30 obet\u00ed a desiatky zranen\u00fdch. Dopadli aj na po\u0161tu a po\u0161kodili ju. Dnes je na jej stene umiestnen\u00e1 pam\u00e4tn\u00e1 tabu\u013ea na pamiatku obet\u00ed bombardovania. \t\t\t\t\t\t<\/p>\n<p>Tret\u00edm a celkom zauj\u00edmav\u00fdm p\u00f4vodcom \u00fatoku mohlo by\u0165 vtedaj\u0161ie Rumunsko. S\u00edce rovnako, ako Ma\u010farsko, st\u00e1lo na strane Nemcov, no so susedom mali nevyrovnan\u00e9 \u00fa\u010dty. Ma\u010farsko im zabralo Sedmohradsko. Rumuni sa im mohli pomsti\u0165 tak, \u017ee bombardovan\u00edm Ko\u0161\u00edc by ich zatiahli do vojny proti Sovietskemu zv\u00e4zu. Je pravda, \u017ee rumunsk\u00e1 arm\u00e1da na to mala prostriedky. Zolt\u00e1n Balassa vo svojom \u010dl\u00e1nku v\u00a0denn\u00edku Korz\u00e1r na jednej strane t\u00fato te\u00f3riu podporil tvrden\u00edm Poliakov, \u017ee pr\u00e1ve tri stroje PZL 37B LOS ich v\u00fdroby sa mohli z\u00fa\u010dastni\u0165 na bombardovan\u00ed Ko\u0161\u00edc. Inak, s\u00fa podobn\u00e9 nemeck\u00fdm Heinkelom HE\u00a0111.<\/p>\n<p>\t\t\t \t\t\t\t\t\t\t\t<img decoding=\"async\" class=\"lazy article-detail-image\" alt=\"Pred 85. rokmi 26. j\u00fana 1941 \u010delili Ko\u0161ice...\" src=\"https:\/\/www.europesays.com\/sk\/wp-content\/uploads\/2026\/06\/kosice-bombardovanie-1941-2-svetova-vojna_01-clanokW.png\"\/> \t\t\t\t\t\t\t\t\t\t\t \t\t\t\t\t\t\tFoto: Wikipedia \t\t\t\t\t\t\t\t<\/p>\n<p>\t\t\t\t \t\t\t\t\tBombardovanie Kosic &#8211; posta \t\t\t\t \t\t\t\t\t\t\t\t\tPred 85. rokmi 26. j\u00fana 1941 \u010delili Ko\u0161ice bombardovaniu. Vy\u017eiadalo si vy\u0161e 30 obet\u00ed a desiatky zranen\u00fdch. Dopadli aj na po\u0161tu a zabili aj nieko\u013eko jej zamestnancov. Dodnes nie je jasn\u00e9, kto je za t\u00fdmto \u00fatokom. \t\t\t\t\t\t<\/p>\n<p>Rumunsko ich malo vo v\u00fdzbroji a \u010do je podstatn\u00e9, mohli unies\u0165 sovietske 100\u00a0\u2013 kilov\u00e9 bomby. Len\u017ee tie mali ve\u013ek\u00fd priemer\u00a0\u2013 35\u00a0centimetrov. Ke\u010f\u017ee Nemci napadli Sovietsky zv\u00e4z 22.\u00a0j\u00fana 1941\u00a0a Ko\u0161ice boli bombardovan\u00e9 \u0161tyri dni nato, Rumuni by museli za ten \u010das svoje bombard\u00e9ry upravi\u0165. Plus by museli dopredu tu\u0161i\u0165, \u017ee Ma\u010fari sa do vojny na v\u00fdchodnom fronte po boku Nemecka nezapoja.<\/p>\n<p>Najmlad\u0161ou obe\u0165ou bolo die\u0165a<\/p>\n<p>Ako vidno, zatia\u013e sa historikom nepodarilo ani jednu z\u00a0t\u00fdchto te\u00f3ri\u00ed definit\u00edvne potvrdi\u0165 ani vyvr\u00e1ti\u0165. Ist\u00e9 s\u00fa v\u0161ak obete, najmlad\u0161ou bola 12\u00a0\u2013 ro\u010dn\u00e1 M\u00e1ria Dzedzinov\u00e1, ranen\u00ed aj ve\u013ek\u00e9 \u0161kody, ktor\u00e9 za sebou bombardovanie zanechalo.<\/p>\n<p>\t\t\t \t\t\t\t\t\t\t\t<img decoding=\"async\" class=\"lazy article-detail-image\" alt=\"Pred 85. rokmi 26. j\u00fana 1941 \u010delili Ko\u0161ice...\" src=\"https:\/\/www.europesays.com\/sk\/wp-content\/uploads\/2026\/06\/kosice-bombardovanie-1941-2-svetova-vojna_02-clanokW.jpg\"\/> \t\t\t\t\t\t\t\t\t\t\t \t\t\t\t\t\t\tFoto: Boris Macko \t\t\t\t\t\t\t\t<\/p>\n<p>\t\t\t\t \t\t\t\t\tBombardovanie Kosic tabula \t\t\t\t \t\t\t\t\t\t\t\t\tPred 85. rokmi 26. j\u00fana 1941 \u010delili Ko\u0161ice bombardovaniu. Vy\u017eiadalo si vy\u0161e 30 obet\u00ed a desiatky zranen\u00fdch. Dopadli aj na po\u0161tu a po\u0161kodili ju. Dnes je na jej stene umiestnen\u00e1 pam\u00e4tn\u00e1 tabu\u013ea na pamiatku obet\u00ed bombardovania. \t\t\t\t\t\t<\/p>\n<p>V\u00a0roku 2009\u00a0bola v\u0161etk\u00fdm obetiam bombardovania odhalen\u00e1 pam\u00e4tn\u00e1 tabu\u013ea na budove Po\u0161ty 1, ktor\u00e1 bola v\u00a0roku 1941\u00a0po\u0161koden\u00e1 a zahynuli viacer\u00ed jej zamestnanci. Autorom je ko\u0161ick\u00fd keramik\u00e1r Zbigniew Ni\u0161ponsk\u00fd\u00a0Gut.<\/p>\n","protected":false},"excerpt":{"rendered":"Dovtedy pokojn\u00e9 Ko\u0161ice \u010delili bomb\u00e1m, ktor\u00e9 zab\u00edjali. K tragickej udalosti do\u0161lo 26. j\u00fana 1941. Ko\u0161ice &#8211; miesta, ktor\u00e9&hellip;\n","protected":false},"author":2,"featured_media":108356,"comment_status":"","ping_status":"","sticky":false,"template":"","format":"standard","meta":{"footnotes":"","_share_on_mastodon":"0"},"categories":[22],"tags":[36616,22586,36617,17214,28949,19598,137,7945,9697,561,29730,3679,3378,14947,43,40,39,42,41,30967,18790,13415,1181],"class_list":["post-108355","post","type-post","status-publish","format-standard","has-post-thumbnail","category-kosice","tag-36616","tag-2-svetova-vojna","tag-bombardovali","tag-bombardovanie","tag-dodnes","tag-jasne","tag-kosice","tag-kosicke","tag-kto","tag-mesto","tag-nie","tag-pred","tag-regiony","tag-rokmi","tag-sk","tag-slovak","tag-slovakia","tag-slovencina","tag-slovensko","tag-smutne","tag-stal","tag-utokom","tag-vyrocie"],"share_on_mastodon":{"url":"https:\/\/pubeurope.com\/@sk\/116815461733661702","error":""},"_links":{"self":[{"href":"https:\/\/www.europesays.com\/sk\/wp-json\/wp\/v2\/posts\/108355","targetHints":{"allow":["GET"]}}],"collection":[{"href":"https:\/\/www.europesays.com\/sk\/wp-json\/wp\/v2\/posts"}],"about":[{"href":"https:\/\/www.europesays.com\/sk\/wp-json\/wp\/v2\/types\/post"}],"author":[{"embeddable":true,"href":"https:\/\/www.europesays.com\/sk\/wp-json\/wp\/v2\/users\/2"}],"replies":[{"embeddable":true,"href":"https:\/\/www.europesays.com\/sk\/wp-json\/wp\/v2\/comments?post=108355"}],"version-history":[{"count":0,"href":"https:\/\/www.europesays.com\/sk\/wp-json\/wp\/v2\/posts\/108355\/revisions"}],"wp:featuredmedia":[{"embeddable":true,"href":"https:\/\/www.europesays.com\/sk\/wp-json\/wp\/v2\/media\/108356"}],"wp:attachment":[{"href":"https:\/\/www.europesays.com\/sk\/wp-json\/wp\/v2\/media?parent=108355"}],"wp:term":[{"taxonomy":"category","embeddable":true,"href":"https:\/\/www.europesays.com\/sk\/wp-json\/wp\/v2\/categories?post=108355"},{"taxonomy":"post_tag","embeddable":true,"href":"https:\/\/www.europesays.com\/sk\/wp-json\/wp\/v2\/tags?post=108355"}],"curies":[{"name":"wp","href":"https:\/\/api.w.org\/{rel}","templated":true}]}}