{"id":108381,"date":"2026-06-26T08:52:09","date_gmt":"2026-06-26T08:52:09","guid":{"rendered":"https:\/\/www.europesays.com\/sk\/108381\/"},"modified":"2026-06-26T08:52:09","modified_gmt":"2026-06-26T08:52:09","slug":"analytik-hodnoti-sled-udalosti-po-smrti-lukostrelkyne-a-ukazuje-na-pravny-spor","status":"publish","type":"post","link":"https:\/\/www.europesays.com\/sk\/108381\/","title":{"rendered":"Analytik hodnot\u00ed sled udalost\u00ed po smrti lukostrelkyne a ukazuje na pr\u00e1vny spor"},"content":{"rendered":"<p>Analytik Br\u00e1nik hodnot\u00ed, \u010do sa na mieste nehody malo dia\u0165.\t\t\t\t\t\t(Zdroj: Facebook\/Radovan Br\u00e1nik, TASR\/Pavel Neubauer, Topky\/Vlado Anjel)\t\t\t\t\t<\/p>\n<p>BRATISLAVA &#8211; Smr\u0165 24-ro\u010dnej reprezentantky v lukostre\u013ebe Denisy Hurban Bar\u00e1nkovej po tragickej nehode v bratislavskej Petr\u017ealke na\u010falej vyvol\u00e1va mno\u017estvo ot\u00e1zok. Bezpe\u010dnostn\u00fd analytik Radovan Br\u00e1nik vo svojom obsiahlom stanovisku upozor\u0148uje, \u017ee na z\u00e1klade doteraz zn\u00e1mych inform\u00e1ci\u00ed m\u00f4\u017ee by\u0165 sporn\u00fd samotn\u00fd pokyn, ktor\u00fd mal vodi\u010d po\u0161koden\u00e9ho auta dosta\u0165 od zasahuj\u00facich hasi\u010dov.<\/p>\n<p>K trag\u00e9dii do\u0161lo po silnej b\u00farke v nede\u013eu 21. j\u00fana na Osusk\u00e9ho ulici. Na zaparkovan\u00e9 vozidlo spadol strom. Pod\u013ea medializovan\u00fdch inform\u00e1ci\u00ed port\u00e1lu\u00a0<a href=\"https:\/\/tnlive.sk\/sport\/clanok\/1037229-manzel-zosnulej-olympionicky-24-prehovoril-opisal-okamih-ked-prisiel-o-lasku-svojho-zivota\" target=\"_blank\" rel=\"nofollow noopener\">tnlive.sk<\/a> mali hasi\u010di vodi\u010da vyzva\u0165, aby auto spod stromu presunul. Za\u010dal c\u00fava\u0165, av\u0161ak \u00faplne nekontrolovane a pod\u013ea mlad\u00e9ho vdovca Vladim\u00edra Hurbana malo dokonca toto \u0165a\u017ek\u00e9 SUV t\u00farova\u0165.<\/p>\n<p>Vozidlo sa n\u00e1sledne sp\u00e4tn\u00fdm smerom prudko rozbehlo, vy\u0161lo mimo parkoviska a zrazilo 24-ro\u010dn\u00fa olympijsk\u00fa \u0161portovky\u0148u a tie\u017e 11-ro\u010dn\u00e9 diev\u010da. Pr\u00edtomn\u00ed hasi\u010di za\u010dali dvojicu okam\u017eite zachra\u0148ova\u0165 a poskytli im aj prv\u00fa pomoc. \u017dia\u013e, mlad\u00e1 lukostrelky\u0148a po prevoze do nemocnice zomrela, die\u0165a zost\u00e1va hospitalizovan\u00e9.<\/p>\n<p>Prv\u00fd spor, na ktor\u00fd s odstupom dn\u00ed pouk\u00e1zal bezpe\u010dnostn\u00fd analytik<\/p>\n<p>Ve\u013emi zn\u00e1my bezpe\u010dnostn\u00fd analytik Radovan Br\u00e1nik po t\u00fdchto inform\u00e1ci\u00e1ch zdie\u013eal rozsiahly status pr\u00e1vneho charakteru, kde upozor\u0148uje, \u017ee z\u00e1konn\u00e9 opr\u00e1vnenia hasi\u010dov vo vz\u0165ahu k civiln\u00fdm osob\u00e1m m\u00f4\u017eu by\u0165 v\u00fdrazne u\u017e\u0161ie, ne\u017e si verejnos\u0165 mysl\u00ed.<\/p>\n<p>Pod\u013ea neho z\u00e1kon umo\u017e\u0148uje velite\u013eovi z\u00e1sahu osoby z miesta vyk\u00e1za\u0165 alebo im ulo\u017ei\u0165 ur\u010dit\u00e9 obmedzenia, nie v\u0161ak prikazova\u0165 rizikov\u00e9 konanie.<\/p>\n<p>\t<a href=\"https:\/\/www.topky.sk\/gl\/9583507\/6383381\/Analytik-o-osudnej-noci--kedy-zomrela-mlada-olympionicka--Poziadavka-hasicov-a-pravny-SPOR--mali-na-toto-vobec-narok-\" rel=\"nofollow noopener\" target=\"_blank\"><br \/>\n\t\t<img decoding=\"async\" alt=\"Analytik o osudnej noci,\" aria-describedby=\"img-res-6383381\" class=\"\" height=\"1600\" id=\"6383381\" loading=\"lazy\" onerror=\"imgArticleLoadErr(this)\" src=\"https:\/\/www.europesays.com\/sk\/wp-content\/uploads\/2026\/06\/bezpecnostny-analytik-Radovan-Branik-bezpecnostny-expert.jpg\" style=\"aspect-ratio:1.000\" title=\"Analytik o osudnej noci,\" width=\"1600\"\/>\t\t\t<\/p>\n<p>\n\t\t\t\tZobrazi\u0165 gal\u00e9riu (3)\t\t\t<\/p>\n<p>\t<\/a><\/p>\n<p>\t\u00a0(Zdroj: Facebook\/Radovan Br\u00e1nik)<\/p>\n<p>&#8222;Opr\u00e1vnenie vo\u010di civilom je formulovan\u00e9 ako pr\u00e1vo vyk\u00e1za\u0165 osoby, alebo ich podriadi\u0165 obmedzeniam. Nie je to opr\u00e1vnenie prik\u00e1za\u0165 civilovi vykona\u0165 akt\u00edvny rizikov\u00fd \u00fakon,&#8220; uviedol analytik. Dodal, \u017ee pri osobe nach\u00e1dzaj\u00facej sa v strese by mala by\u0165 sk\u00f4r snaha zabr\u00e1ni\u0165 nebezpe\u010dn\u00e9mu konaniu.<\/p>\n<p>Je rozdiel, \u010di ide o po\u017eiar alebo o osobn\u00fa pomoc od civilistov<\/p>\n<p>Pod\u013ea Br\u00e1nika je d\u00f4le\u017eit\u00e9 aj to, \u010di pokyn na premiestnenie auta vydal profesion\u00e1lny hasi\u010d alebo dobrovo\u013en\u00edk. Upozor\u0148uje, \u017ee dobrovo\u013en\u00ed hasi\u010di nemaj\u00fa rovnak\u00e9 opr\u00e1vnenia ako pr\u00edslu\u0161n\u00edci Hasi\u010dsk\u00e9ho a z\u00e1chrann\u00e9ho zboru. Z\u00e1rove\u0148 zd\u00f4raz\u0148uje, \u017ee spadnut\u00fd strom na vozidle nie je po\u017eiar a pr\u00e1vne mo\u017enosti vy\u017eadova\u0165 osobn\u00fa pomoc od civilistov s\u00fa v tak\u00fdchto situ\u00e1ci\u00e1ch obmedzen\u00e9. &#8222;Pri z\u00e1chrann\u00fdch pr\u00e1cach mimo po\u017eiaru je z\u00e1klad pre vynucovanie osobnej pomoci od civilov podstatne u\u017e\u0161\u00ed. A aj tam, kde povinnos\u0165 osobnej a vecnej pomoci existuje, z\u00e1kon po\u010d\u00edta s vy\u0148at\u00edm z tejto povinnosti (\u00a7 48) &#8211; nikto nie je povinn\u00fd poskytn\u00fa\u0165 pomoc sp\u00f4sobom, ktor\u00fd ho sam\u00e9ho alebo in\u00fdch ohrozuje, alebo na ktor\u00fd nie je objekt\u00edvne, \u010di subjekt\u00edvne sp\u00f4sobil\u00fd,&#8220; mysl\u00ed si.<\/p>\n<p>\t<a href=\"https:\/\/www.topky.sk\/gl\/9583507\/6525431\/Analytik-o-osudnej-noci--kedy-zomrela-mlada-olympionicka--Poziadavka-hasicov-a-pravny-SPOR--mali-na-toto-vobec-narok-\" rel=\"nofollow noopener\" target=\"_blank\"><br \/>\n\t\t<img decoding=\"async\" alt=\"Analytik o osudnej noci,\" aria-describedby=\"img-res-6525431\" class=\"\" height=\"1200\" id=\"6525431\" loading=\"lazy\" onerror=\"imgArticleLoadErr(this)\" src=\"https:\/\/www.europesays.com\/sk\/wp-content\/uploads\/2026\/06\/strom-krematorium-kolaz-Denisa-Hurban-Barankova.jpg\" style=\"aspect-ratio:1.333\" title=\"Analytik o osudnej noci,\" width=\"1600\"\/>\t\t\t<\/p>\n<p>\n\t\t\t\tZobrazi\u0165 gal\u00e9riu (3)\t\t\t<\/p>\n<p>\t<\/a><\/p>\n<p>\t\u00a0(Zdroj: Topky\/J\u00e1n Zemiar, TASR\/Martin Baumann, SITA\/AP Photo\/Gustavo Garello)<\/p>\n<p>Analytik preto tvrd\u00ed, \u017ee pokyn na na\u0161tartovanie a presunutie po\u0161koden\u00e9ho auta mohol by\u0165 teoreticky vydan\u00fd aj mimo z\u00e1konn\u00fdch opr\u00e1vnen\u00ed. &#8222;Prik\u00e1za\u0165, \u010di umo\u017eni\u0165 vodi\u010dovi rozbehn\u00fa\u0165 zjavne \u0165a\u017eko po\u0161koden\u00e9 vozidlo bez ak\u00e9hoko\u013evek predch\u00e1dzaj\u00faceho overenia jeho technick\u00e9ho stavu prekra\u010duje r\u00e1mec opr\u00e1vnenia,&#8220; p\u00ed\u0161e Br\u00e1nik.<\/p>\n<p>Osobitn\u00fa pozornos\u0165 venuje aj trestn\u00e9mu st\u00edhaniu vodi\u010da. Ten \u010del\u00ed obvineniu pre usmrtenie a ubl\u00ed\u017eenie na zdrav\u00ed z nedbanlivosti. Br\u00e1nik v\u0161ak pr\u00edzvukuje, \u017ee bez znaleck\u00e9ho sk\u00famania technick\u00e9ho stavu auta nie je mo\u017en\u00e9 jednozna\u010dne ur\u010di\u0165, \u010di pr\u00ed\u010dinou trag\u00e9die bolo konanie vodi\u010da alebo technick\u00e1 porucha sp\u00f4soben\u00e1 p\u00e1dom stromu.<\/p>\n<p>Popis udalost\u00ed indikuje technick\u00e9 zlyhanie vozidla, mysl\u00ed si analytik<\/p>\n<p>&#8222;Z opisu vypl\u00fdva, \u017ee vozidlo \u201evyto\u010dilo motor na najvy\u0161\u0161ie obr\u00e1tky\u201d napriek snahe vodi\u010da iba mierne c\u00favnu\u0165. To indikuje technick\u00e9 zlyhanie vozidla &#8211; s pravdepodobn\u00fdm n\u00e1sledkom po\u0161kodenia sp\u00f4soben\u00e9ho p\u00e1dom stromu (po\u0161koden\u00e1 elektronika, plynov\u00e9 lanko, riadiaca jednotka a pod.). Ak je to tak, re\u0165azec pr\u00ed\u010din je: po\u0161kodenie stromom &#8211; porucha &#8211; prevr\u00e1tenie. Bez znaleck\u00e9ho sk\u00famania vozidla nemo\u017eno ur\u010di\u0165, \u010di dominantnou pr\u00ed\u010dinou bola porucha (zavinen\u00e1 po\u0161koden\u00edm + pr\u00edkazom rozbehn\u00fa\u0165 defektn\u00e9 auto), alebo konanie vodi\u010da. Pri trestn\u00fdch \u010dinoch tohto typu plat\u00ed, \u017ee sp\u00f4soben\u00fd n\u00e1sledok nemo\u017eno oddeli\u0165 od konania p\u00e1chate\u013ea, lebo medzi konan\u00edm a n\u00e1sledkom mus\u00ed existova\u0165 pr\u00ed\u010dinn\u00fd vz\u0165ah,&#8220; nazd\u00e1va sa Br\u00e1nik.<\/p>\n<p>Br\u00e1nik z\u00e1rove\u0148 kritizuje aj niektor\u00e9 verejn\u00e9 vyjadrenia o vine vodi\u010da. Tvrd\u00ed, \u017ee pred\u010dasn\u00e9 z\u00e1very m\u00f4\u017eu nar\u00e1\u017ea\u0165 na princ\u00edp prezumpcie neviny.<\/p>\n<p>Na z\u00e1ver zd\u00f4raz\u0148uje, \u017ee jeho stanovisko nie je \u00fatokom na hasi\u010dov. &#8222;Nik na mieste nekonal so zl\u00fdm \u00famyslom. Probl\u00e9m spo\u010d\u00edva v tom, \u017ee dobr\u00fd \u00famysel nie je ani z\u010faleka posta\u010duj\u00faci,&#8220; uviedol analytik.<\/p>\n","protected":false},"excerpt":{"rendered":"Analytik Br\u00e1nik hodnot\u00ed, \u010do sa na mieste nehody malo dia\u0165. (Zdroj: Facebook\/Radovan Br\u00e1nik, TASR\/Pavel Neubauer, Topky\/Vlado Anjel) BRATISLAVA&hellip;\n","protected":false},"author":2,"featured_media":108382,"comment_status":"","ping_status":"","sticky":false,"template":"","format":"standard","meta":{"footnotes":"","_share_on_mastodon":"0"},"categories":[6],"tags":[3788,36623,28583,2388,35693,535,2118,36624,43,40,44,39,42,45,41,8545],"class_list":["post-108381","post","type-post","status-publish","format-standard","has-post-thumbnail","category-slovensko","tag-analyza","tag-bezpecnostny-analytik","tag-denisa-hurban-barankova","tag-dopravna-nehoda","tag-lukostrelkyna","tag-nehoda","tag-petrzalka","tag-radovan-branik","tag-sk","tag-slovak","tag-slovak-republic","tag-slovakia","tag-slovencina","tag-slovenska-republika","tag-slovensko","tag-vodic"],"share_on_mastodon":{"url":"https:\/\/pubeurope.com\/@sk\/116815563807735672","error":""},"_links":{"self":[{"href":"https:\/\/www.europesays.com\/sk\/wp-json\/wp\/v2\/posts\/108381","targetHints":{"allow":["GET"]}}],"collection":[{"href":"https:\/\/www.europesays.com\/sk\/wp-json\/wp\/v2\/posts"}],"about":[{"href":"https:\/\/www.europesays.com\/sk\/wp-json\/wp\/v2\/types\/post"}],"author":[{"embeddable":true,"href":"https:\/\/www.europesays.com\/sk\/wp-json\/wp\/v2\/users\/2"}],"replies":[{"embeddable":true,"href":"https:\/\/www.europesays.com\/sk\/wp-json\/wp\/v2\/comments?post=108381"}],"version-history":[{"count":0,"href":"https:\/\/www.europesays.com\/sk\/wp-json\/wp\/v2\/posts\/108381\/revisions"}],"wp:featuredmedia":[{"embeddable":true,"href":"https:\/\/www.europesays.com\/sk\/wp-json\/wp\/v2\/media\/108382"}],"wp:attachment":[{"href":"https:\/\/www.europesays.com\/sk\/wp-json\/wp\/v2\/media?parent=108381"}],"wp:term":[{"taxonomy":"category","embeddable":true,"href":"https:\/\/www.europesays.com\/sk\/wp-json\/wp\/v2\/categories?post=108381"},{"taxonomy":"post_tag","embeddable":true,"href":"https:\/\/www.europesays.com\/sk\/wp-json\/wp\/v2\/tags?post=108381"}],"curies":[{"name":"wp","href":"https:\/\/api.w.org\/{rel}","templated":true}]}}