{"id":109047,"date":"2026-06-27T00:52:24","date_gmt":"2026-06-27T00:52:24","guid":{"rendered":"https:\/\/www.europesays.com\/sk\/109047\/"},"modified":"2026-06-27T00:52:24","modified_gmt":"2026-06-27T00:52:24","slug":"kosice-kupalisko-cervena-hviezda-startuje-sezonu-uz-tuto-sobotu-cakaju-vas-novinky-aj-styri-bazeny","status":"publish","type":"post","link":"https:\/\/www.europesays.com\/sk\/109047\/","title":{"rendered":"Ko\u0161ice: K\u00fapalisko \u010cerven\u00e1 hviezda \u0161tartuje sez\u00f3nu u\u017e t\u00fato sobotu \u2013 \u010dakaj\u00fa v\u00e1s novinky aj \u0161tyri baz\u00e9ny"},"content":{"rendered":"<p>\t\t\t\t\t\t\t<img decoding=\"async\" src=\"https:\/\/www.europesays.com\/sk\/wp-content\/uploads\/2026\/06\/kupalisko-tehelne-pole3.webp\" alt=\" Ilustra\u010dn\u00e9 foto. ZDROJ: Kupaliska.sk\" style=\"aspect-ratio: 1.33;object-fit: cover; display:inline; width: 100%;\" fetchpriority=\"high\"\/><\/p>\n<p>\t\t\t\t\t Ilustra\u010dn\u00e9 foto. ZDROJ: Kupaliska.sk<\/p>\n<p>\t\t<img decoding=\"async\" src=\"https:\/\/www.europesays.com\/sk\/wp-content\/uploads\/2026\/06\/1782521544_18_author-default.jpg\" aria-label=\"Autor\"\/><\/p>\n<p>K\u00fapalisko \u010cerven\u00e1 hviezda v ko\u0161ickej mestskej \u010dasti Star\u00e9 Mesto za\u010d\u00edna svoju letn\u00fa sez\u00f3nu v sobotu (27. 6.). Pre n\u00e1v\u0161tevn\u00edkov bud\u00fa k dispoz\u00edcii \u0161tyri baz\u00e9ny vr\u00e1tane 33-metrov\u00e9ho vodnop\u00f3lov\u00e9ho baz\u00e9na, v\u00edrivky a gastroz\u00f3ny. V prev\u00e1dzke bude od 9.00 do 19.00 h. TASR o tom informovalo mesto Ko\u0161ice na soci\u00e1lnej sieti.<\/p>\n<p>\u201eNovinkou je modern\u00fd turniketov\u00fd syst\u00e9m,\u201c uviedol magistr\u00e1t. Pripomenul, \u017ee permanentku zak\u00fapen\u00fa na \u010cervenej hviezde m\u00f4\u017eu n\u00e1v\u0161tevn\u00edci vyu\u017e\u00edva\u0165 po\u010das celej sez\u00f3ny aj na k\u00fapalisku Rumanova.<\/p>\n<p>K\u00fapalisk\u00e1 Ryba \u2013 Ani\u010dka a Rumanova otvorili svoje br\u00e1ny minul\u00fd piatok. Spolo\u010dn\u00e1 kapacita v\u0161etk\u00fdch troch ko\u0161ick\u00fdch mestsk\u00fdch k\u00fapal\u00edsk dosahuje pribli\u017ene 4000 n\u00e1v\u0161tevn\u00edkov. Na jednotliv\u00fdch str\u00e1nkach k\u00fapal\u00edsk si n\u00e1v\u0161tevn\u00edci m\u00f4\u017eu pozrie\u0165 aj aktu\u00e1lnu kapacitu.<\/p>\n<p class=\"tags\">Viac o t\u00e9me: <a href=\"https:\/\/regiony.zoznam.sk\/tag\/bazeny\/\" rel=\"nofollow noopener\" target=\"_blank\">baz\u00e9ny<\/a>, <a href=\"https:\/\/regiony.zoznam.sk\/tag\/kosice-2\/\" rel=\"nofollow noopener\" target=\"_blank\">Kosice<\/a>, <a href=\"https:\/\/regiony.zoznam.sk\/tag\/kupalisko-cervena-hviezda\/\" rel=\"nofollow noopener\" target=\"_blank\">k\u00fapalisko \u010cerven\u00e1 hviezda<\/a>, <a href=\"https:\/\/regiony.zoznam.sk\/tag\/letna-sezona\/\" rel=\"nofollow noopener\" target=\"_blank\">letn\u00e1 sez\u00f3na<\/a>, <a href=\"https:\/\/regiony.zoznam.sk\/tag\/novinky\/\" rel=\"nofollow noopener\" target=\"_blank\">novinky<\/a>, <a href=\"https:\/\/regiony.zoznam.sk\/tag\/otvorenie-kupaliska\/\" rel=\"nofollow noopener\" target=\"_blank\">otvorenie k\u00fapaliska<\/a>, <a href=\"https:\/\/regiony.zoznam.sk\/tag\/permanentka\/\" rel=\"nofollow noopener\" target=\"_blank\">permanentka<\/a>, <a href=\"https:\/\/regiony.zoznam.sk\/tag\/rumanova\/\" rel=\"nofollow noopener\" target=\"_blank\">Rumanova<\/a>, <a href=\"https:\/\/regiony.zoznam.sk\/tag\/stare-mesto\/\" rel=\"nofollow noopener\" target=\"_blank\">Star\u00e9 mesto<\/a><\/p>\n<p>\t\tKoment\u00e1re k \u010dl\u00e1nku<\/p>\n<p>Moment\u00e1lne nie je pridan\u00fd \u017eiadny koment\u00e1r<\/p>\n","protected":false},"excerpt":{"rendered":"Ilustra\u010dn\u00e9 foto. ZDROJ: Kupaliska.sk K\u00fapalisko \u010cerven\u00e1 hviezda v ko\u0161ickej mestskej \u010dasti Star\u00e9 Mesto za\u010d\u00edna svoju letn\u00fa sez\u00f3nu v&hellip;\n","protected":false},"author":2,"featured_media":109048,"comment_status":"","ping_status":"","sticky":false,"template":"","format":"standard","meta":{"footnotes":"","_share_on_mastodon":"0"},"categories":[22],"tags":[35519,137,35109,24058,96,36802,36803,36804,43,40,39,42,41,1568],"class_list":["post-109047","post","type-post","status-publish","format-standard","has-post-thumbnail","category-kosice","tag-bazeny","tag-kosice","tag-kupalisko-cervena-hviezda","tag-letna-sezona","tag-novinky","tag-otvorenie-kupaliska","tag-permanentka","tag-rumanova","tag-sk","tag-slovak","tag-slovakia","tag-slovencina","tag-slovensko","tag-stare-mesto"],"share_on_mastodon":{"url":"https:\/\/pubeurope.com\/@sk\/116819338518411659","error":""},"_links":{"self":[{"href":"https:\/\/www.europesays.com\/sk\/wp-json\/wp\/v2\/posts\/109047","targetHints":{"allow":["GET"]}}],"collection":[{"href":"https:\/\/www.europesays.com\/sk\/wp-json\/wp\/v2\/posts"}],"about":[{"href":"https:\/\/www.europesays.com\/sk\/wp-json\/wp\/v2\/types\/post"}],"author":[{"embeddable":true,"href":"https:\/\/www.europesays.com\/sk\/wp-json\/wp\/v2\/users\/2"}],"replies":[{"embeddable":true,"href":"https:\/\/www.europesays.com\/sk\/wp-json\/wp\/v2\/comments?post=109047"}],"version-history":[{"count":0,"href":"https:\/\/www.europesays.com\/sk\/wp-json\/wp\/v2\/posts\/109047\/revisions"}],"wp:featuredmedia":[{"embeddable":true,"href":"https:\/\/www.europesays.com\/sk\/wp-json\/wp\/v2\/media\/109048"}],"wp:attachment":[{"href":"https:\/\/www.europesays.com\/sk\/wp-json\/wp\/v2\/media?parent=109047"}],"wp:term":[{"taxonomy":"category","embeddable":true,"href":"https:\/\/www.europesays.com\/sk\/wp-json\/wp\/v2\/categories?post=109047"},{"taxonomy":"post_tag","embeddable":true,"href":"https:\/\/www.europesays.com\/sk\/wp-json\/wp\/v2\/tags?post=109047"}],"curies":[{"name":"wp","href":"https:\/\/api.w.org\/{rel}","templated":true}]}}