{"id":109567,"date":"2026-06-27T14:53:11","date_gmt":"2026-06-27T14:53:11","guid":{"rendered":"https:\/\/www.europesays.com\/sk\/109567\/"},"modified":"2026-06-27T14:53:11","modified_gmt":"2026-06-27T14:53:11","slug":"pri-cunovskom-jazere-nasli-telo-mladej-zeny-bez-znamok-zivota-policia-vyzyva-na-opatrnost","status":"publish","type":"post","link":"https:\/\/www.europesays.com\/sk\/109567\/","title":{"rendered":"Pri \u010cunovskom jazere na\u0161li telo mladej \u017eeny bez zn\u00e1mok \u017eivota. Pol\u00edcia vyz\u00fdva na opatrnos\u0165"},"content":{"rendered":"<p>            BRATISLAVA  \/<br \/>\n         Pol\u00edcia prijala kr\u00e1tko po 12.30 h na linke 158 ozn\u00e1menie o n\u00e1leze tela mladej \u017eeny bez zn\u00e1mok \u017eivota v bl\u00edzkosti brehu \u010cunovsk\u00e9ho jazera. Po pr\u00edchode na miesto policajti inform\u00e1ciu preverili a potvrdili jej pravdivos\u0165.\n    <\/p>\n<p class=\"text\">Mu\u017e sa utopil vo vodnej n\u00e1dr\u017ei Prusy<\/p>\n<p>Telo objavili pri brehu jazera<\/p>\n<p>Po pr\u00edchode na miesto policajti ozn\u00e1menie preverili a potvrdili. Pod\u013ea dostupn\u00fdch inform\u00e1ci\u00ed mala by\u0165 \u017eena n\u00e1jden\u00e1 v bl\u00edzkosti brehu jazera. Na miesto bola okam\u017eite privolan\u00e1 r\u00fdchla zdravotn\u00e1 slu\u017eba. Z\u00e1chran\u00e1ri sa 21-ro\u010dn\u00fa \u017eenu pok\u00fa\u0161ali resuscitova\u0165, no napriek ich snahe bolo kr\u00e1tko po 13.00 h kon\u0161tatovan\u00e9 jej \u00famrtie.<\/p>\n<p>    <a href=\"https:\/\/www.noviny.sk\/krimi\/1225807-teple-pocasie-si-vyziadalo-dalsiu-obet-na-prirodnom-strkovisku-sa-utopil-muz\" class=\"img\" rel=\"nofollow noopener\" target=\"_blank\"><br \/>\n        <img decoding=\"async\" class=\"lazyload \" src=\"https:\/\/www.europesays.com\/sk\/wp-content\/uploads\/2026\/06\/1782571991_948_359f43f8-74df-429f-a022-c37d996d5630.jpeg\" alt=\"Tepl\u00e9 po\u010dasie si vy\u017eiadalo \u010fal\u0161iu obe\u0165: Na pr\u00edrodnom \u0161trkovisku sa utopil mu\u017e\" title=\"Tepl\u00e9 po\u010dasie si vy\u017eiadalo \u010fal\u0161iu obe\u0165: Na pr\u00edrodnom \u0161trkovisku sa utopil mu\u017e\"\/><br \/>\n    <\/a><\/p>\n<p>Pre\u010d\u00edtajte si tie\u017e<\/p>\n<p>            <a href=\"https:\/\/www.noviny.sk\/krimi\/1225807-teple-pocasie-si-vyziadalo-dalsiu-obet-na-prirodnom-strkovisku-sa-utopil-muz\" rel=\"nofollow noopener\" target=\"_blank\"><br \/>\n                Tepl\u00e9 po\u010dasie si vy\u017eiadalo \u010fal\u0161iu obe\u0165: Na pr\u00edrodnom \u0161trkovisku sa utopil mu\u017e<br \/>\n            <\/a><\/p>\n<p>Svedkovia ju vytiahli z vody<\/p>\n<p>Pod\u013ea inform\u00e1ci\u00ed telev\u00edzie JOJ ide o \u010fal\u0161\u00ed pr\u00edpad trag\u00e9die pri k\u00fapan\u00ed v tejto lokalite. 21-ro\u010dn\u00e1 \u017eena mala pod\u013ea svedkov zosta\u0165 na plyt\u010dine, zatia\u013e \u010do jej dve zn\u00e1me sa i\u0161li k\u00fapa\u0165.<\/p>\n<p>N\u00e1sledne ju mali z vody vytiahnu\u0165 \u013eudia, ktor\u00ed sa v tom \u010dase nach\u00e1dzali na brehu. \u017dena u\u017e vtedy nejavila zn\u00e1mky \u017eivota. Pr\u00edtomn\u00ed okam\u017eite za\u010dali s resuscit\u00e1ciou a privolali z\u00e1chrann\u00e9 zlo\u017eky. Ani tie u\u017e jej v\u0161ak nedok\u00e1zali pom\u00f4c\u0165.<\/p>\n<p class=\"selectable-text copyable-text x15bjb6t x1n2onr6\">&#8222;Na mieste zasahovala ambulancia r\u00fdchlej lek\u00e1rskej pomoci. Napriek snahe z\u00e1chran\u00e1rov sa u\u017e 21-ro\u010dnej \u017eene nedalo pom\u00f4c\u0165, &#8220; opisuje hovorky\u0148a Opera\u010dn\u00e9ho strediska\u00a0z\u00e1chrannej zdravotnej slu\u017eby SR Petra Klime\u0161ov\u00e1<\/p>\n<p>    <a href=\"https:\/\/www.noviny.sk\/krimi\/1225327-tragicky-den-pri-vode-na-slovensku-sa-utopilo-niekolko-ludi-medzi-obetami-je-aj-18-rocny-mladik\" class=\"img\" rel=\"nofollow noopener\" target=\"_blank\"><br \/>\n        <img decoding=\"async\" class=\"lazyload \" src=\"https:\/\/www.europesays.com\/sk\/wp-content\/uploads\/2026\/06\/1782571991_246_053a154a-5bc2-4b69-884d-1fbe90260999.jpeg\" alt=\"Tragick\u00fd de\u0148 pri vode: Na Slovensku sa utopilo nieko\u013eko \u013eud\u00ed, medzi obe\u0165ami je aj 18-ro\u010dn\u00fd mlad\u00edk\" title=\"Tragick\u00fd de\u0148 pri vode: Na Slovensku sa utopilo nieko\u013eko \u013eud\u00ed, medzi obe\u0165ami je aj 18-ro\u010dn\u00fd mlad\u00edk\"\/><br \/>\n    <\/a><\/p>\n<p>Pre\u010d\u00edtajte si tie\u017e<\/p>\n<p>            <a href=\"https:\/\/www.noviny.sk\/krimi\/1225327-tragicky-den-pri-vode-na-slovensku-sa-utopilo-niekolko-ludi-medzi-obetami-je-aj-18-rocny-mladik\" rel=\"nofollow noopener\" target=\"_blank\"><br \/>\n                Tragick\u00fd de\u0148 pri vode: Na Slovensku sa utopilo nieko\u013eko \u013eud\u00ed, medzi obe\u0165ami je aj 18-ro\u010dn\u00fd mlad\u00edk<br \/>\n            <\/a><\/p>\n<p>Pr\u00edpad vy\u0161etruje pol\u00edcia<\/p>\n<p>Okolnosti tragickej udalosti vy\u0161etruj\u00fa policajti Okresn\u00e9ho riadite\u013estva Policajn\u00e9ho zboru v Bratislave V. Presn\u00e9 pr\u00ed\u010diny smrti zatia\u013e nie s\u00fa zn\u00e1me.<\/p>\n<p>Pol\u00edcia varuje pred rizikami pri vode<\/p>\n<p>Pol\u00edcia z\u00e1rove\u0148 op\u00e4tovne vyz\u00fdva verejnos\u0165 na zv\u00fd\u0161en\u00fa opatrnos\u0165 pri n\u00e1v\u0161teve vodn\u00fdch pl\u00f4ch. Ob\u010danov upozor\u0148uje, aby neprece\u0148ovali svoje sily a schopnosti a vyhli sa nadmern\u00e9mu po\u017e\u00edvaniu alkoholu po\u010das k\u00fapania \u010di pobytu pri vode.<\/p>\n","protected":false},"excerpt":{"rendered":"BRATISLAVA \/ Pol\u00edcia prijala kr\u00e1tko po 12.30 h na linke 158 ozn\u00e1menie o n\u00e1leze tela mladej \u017eeny bez&hellip;\n","protected":false},"author":2,"featured_media":109568,"comment_status":"","ping_status":"","sticky":false,"template":"","format":"standard","meta":{"footnotes":"","_share_on_mastodon":"0"},"categories":[21],"tags":[136,33893,15007,557,43,40,39,42,41,36934,11168],"class_list":["post-109567","post","type-post","status-publish","format-standard","has-post-thumbnail","category-bratislava","tag-bratislava","tag-cunovo","tag-jazero","tag-krimi","tag-sk","tag-slovak","tag-slovakia","tag-slovencina","tag-slovensko","tag-utopena","tag-utopenie"],"share_on_mastodon":{"url":"https:\/\/pubeurope.com\/@sk\/116822645564925234","error":""},"_links":{"self":[{"href":"https:\/\/www.europesays.com\/sk\/wp-json\/wp\/v2\/posts\/109567","targetHints":{"allow":["GET"]}}],"collection":[{"href":"https:\/\/www.europesays.com\/sk\/wp-json\/wp\/v2\/posts"}],"about":[{"href":"https:\/\/www.europesays.com\/sk\/wp-json\/wp\/v2\/types\/post"}],"author":[{"embeddable":true,"href":"https:\/\/www.europesays.com\/sk\/wp-json\/wp\/v2\/users\/2"}],"replies":[{"embeddable":true,"href":"https:\/\/www.europesays.com\/sk\/wp-json\/wp\/v2\/comments?post=109567"}],"version-history":[{"count":0,"href":"https:\/\/www.europesays.com\/sk\/wp-json\/wp\/v2\/posts\/109567\/revisions"}],"wp:featuredmedia":[{"embeddable":true,"href":"https:\/\/www.europesays.com\/sk\/wp-json\/wp\/v2\/media\/109568"}],"wp:attachment":[{"href":"https:\/\/www.europesays.com\/sk\/wp-json\/wp\/v2\/media?parent=109567"}],"wp:term":[{"taxonomy":"category","embeddable":true,"href":"https:\/\/www.europesays.com\/sk\/wp-json\/wp\/v2\/categories?post=109567"},{"taxonomy":"post_tag","embeddable":true,"href":"https:\/\/www.europesays.com\/sk\/wp-json\/wp\/v2\/tags?post=109567"}],"curies":[{"name":"wp","href":"https:\/\/api.w.org\/{rel}","templated":true}]}}