{"id":109769,"date":"2026-06-27T18:23:10","date_gmt":"2026-06-27T18:23:10","guid":{"rendered":"https:\/\/www.europesays.com\/sk\/109769\/"},"modified":"2026-06-27T18:23:10","modified_gmt":"2026-06-27T18:23:10","slug":"tragedia-na-zlatych-pieskoch-dvaja-mladici-sa-dlhsie-nevynarali-z-vody-zachranarom-sa-ich-nepodarilo-ozivit","status":"publish","type":"post","link":"https:\/\/www.europesays.com\/sk\/109769\/","title":{"rendered":"Trag\u00e9dia na Zlat\u00fdch pieskoch: Dvaja mlad\u00edci sa dlh\u0161ie nevyn\u00e1rali z vody, z\u00e1chran\u00e1rom sa ich nepodarilo o\u017eivi\u0165"},"content":{"rendered":"<p>            BRATISLAVA  \/<br \/>\n         Pri jazere na Zlat\u00fdch pieskoch v Bratislave zasahovali v\u0161etky z\u00e1chrann\u00e9 zlo\u017eky. Dvaja mlad\u00edci mali vojs\u0165 do vody a dlh\u0161\u00ed \u010das sa nevynorili. Obidvoch na\u0161li a z vody vytiahli.\n    <\/p>\n<p>Na mieste prist\u00e1l aj z\u00e1chran\u00e1rsky vrtu\u013en\u00edk. Mlad\u00edkov vo veku 23 a 24 rokov za\u010dali z\u00e1chran\u00e1ri resuscitova\u0165, no aj napriek snahe z\u00e1chran\u00e1rov sa ich nepodarilo o\u017eivi\u0165. V lokalite sa tento v\u00edkend kon\u00e1 aj hudobn\u00fd festival.<\/p>\n<p>Obaja mu\u017ei boli cudzinci. &#8222;Na mieste zasahovali dve pozemn\u00e9 ambulancie a vrtu\u013en\u00edk leteckej zachrannej slu\u017eby. U 24 ro\u010dn\u00e9ho a 23 ro\u010dn\u00e9ho mu\u017ea, napriek snahe z\u00e1chran\u00e1rov, \u017eia\u013e muselo by\u0165 kon\u0161tatovan\u00e9 \u00famrtie,&#8220;\u00a0uviedla pre TV JOJ hovorky\u0148a Opera\u010dn\u00e9ho strediska z\u00e1chran\u00e1rov Petra Klime\u0161ov\u00e1.<\/p>\n<p>Od pondelka (22. 6.) ide o dvan\u00e1ste \u00famrtie vo vode na Slovensku.<\/p>\n<p>Spr\u00e1vu aktualizujeme.<\/p>\n","protected":false},"excerpt":{"rendered":"BRATISLAVA \/ Pri jazere na Zlat\u00fdch pieskoch v Bratislave zasahovali v\u0161etky z\u00e1chrann\u00e9 zlo\u017eky. Dvaja mlad\u00edci mali vojs\u0165 do&hellip;\n","protected":false},"author":2,"featured_media":109770,"comment_status":"","ping_status":"","sticky":false,"template":"","format":"standard","meta":{"footnotes":"","_share_on_mastodon":"0"},"categories":[21],"tags":[136,15007,43,40,39,42,41,11168,8791],"class_list":["post-109769","post","type-post","status-publish","format-standard","has-post-thumbnail","category-bratislava","tag-bratislava","tag-jazero","tag-sk","tag-slovak","tag-slovakia","tag-slovencina","tag-slovensko","tag-utopenie","tag-zlate-piesky"],"share_on_mastodon":{"url":"https:\/\/pubeurope.com\/@sk\/116823471127174155","error":""},"_links":{"self":[{"href":"https:\/\/www.europesays.com\/sk\/wp-json\/wp\/v2\/posts\/109769","targetHints":{"allow":["GET"]}}],"collection":[{"href":"https:\/\/www.europesays.com\/sk\/wp-json\/wp\/v2\/posts"}],"about":[{"href":"https:\/\/www.europesays.com\/sk\/wp-json\/wp\/v2\/types\/post"}],"author":[{"embeddable":true,"href":"https:\/\/www.europesays.com\/sk\/wp-json\/wp\/v2\/users\/2"}],"replies":[{"embeddable":true,"href":"https:\/\/www.europesays.com\/sk\/wp-json\/wp\/v2\/comments?post=109769"}],"version-history":[{"count":0,"href":"https:\/\/www.europesays.com\/sk\/wp-json\/wp\/v2\/posts\/109769\/revisions"}],"wp:featuredmedia":[{"embeddable":true,"href":"https:\/\/www.europesays.com\/sk\/wp-json\/wp\/v2\/media\/109770"}],"wp:attachment":[{"href":"https:\/\/www.europesays.com\/sk\/wp-json\/wp\/v2\/media?parent=109769"}],"wp:term":[{"taxonomy":"category","embeddable":true,"href":"https:\/\/www.europesays.com\/sk\/wp-json\/wp\/v2\/categories?post=109769"},{"taxonomy":"post_tag","embeddable":true,"href":"https:\/\/www.europesays.com\/sk\/wp-json\/wp\/v2\/tags?post=109769"}],"curies":[{"name":"wp","href":"https:\/\/api.w.org\/{rel}","templated":true}]}}