{"id":110085,"date":"2026-06-28T06:42:13","date_gmt":"2026-06-28T06:42:13","guid":{"rendered":"https:\/\/www.europesays.com\/sk\/110085\/"},"modified":"2026-06-28T06:42:13","modified_gmt":"2026-06-28T06:42:13","slug":"jojka-ukonci-jeden-zo-svojich-najvacsich-serialovych-hitov-po-siestich-rokoch-prichadza-definitivne-finale-o-serialoch","status":"publish","type":"post","link":"https:\/\/www.europesays.com\/sk\/110085\/","title":{"rendered":"JOJka ukon\u010d\u00ed jeden zo svojich najv\u00e4\u010d\u0161\u00edch seri\u00e1lov\u00fdch hitov. Po \u0161iestich rokoch prich\u00e1dza definit\u00edvne fin\u00e1le &#8211; O\u00a0seri\u00e1loch"},"content":{"rendered":"<p itemprop=\"description\">Nemocni\u010dn\u00e9 pr\u00edbehy, ktor\u00e9 si roky dr\u017eali vern\u00e9 publikum, smeruj\u00fa do fin\u00e1le. Posledn\u00e9 epiz\u00f3dy v\u0161ak pr\u00eddu inak, ne\u017e boli div\u00e1ci zvyknut\u00ed.<\/p>\n<p>Telev\u00edzny pr\u00edbeh z\u00a0prostredia lek\u00e1rov, sestier a pacientov sa bl\u00ed\u017ei k\u00a0z\u00e1veru. Seri\u00e1l Nemocnica, ktor\u00fd JOJka uviedla v\u00a0auguste 2021, dostane svoju posledn\u00fa kapitolu po rokoch, po\u010das ktor\u00fdch si z\u00edskal stabiln\u00e9 publikum.<\/p>\n<p>\t<a class=\"promo-clanok\" href=\"https:\/\/www.mediaklik.sk\/o-serialoch\/clanok\/820173-finale-slubu-bozk-temne-obavy\/\" rel=\"nofollow noopener\" target=\"_blank\"> \t\t\t\t\t<img decoding=\"async\" src=\"https:\/\/www.europesays.com\/sk\/wp-content\/uploads\/2026\/06\/1782628932_41_slub-stvorec.jpg\" class=\"promo-clanok-image\" alt=\"S\u013eub II\"\/> \t\t\t \t\t\t\t \t\t\t\t\t\t\t\t\t\t\t\u010c\u00edtajte viac \t\t\t\t\t\t\t\t\t \t\t\t\t \t\t\t\t\tFin\u00e1le S\u013eubu prinieslo bozk, na ktor\u00fd div\u00e1ci \u010dakali cel\u00fa s\u00e9riu. Rados\u0165 v\u0161ak r\u00fdchlo vystriedali temn\u00e9 obavy fan\u00fa\u0161ikov \t\t\t\t \t\t\t \t\t\t<\/a><\/p>\n<p>Div\u00e1ci v\u0161ak z\u00e1vere\u010dn\u00e9 epiz\u00f3dy neuvidia v\u00a0be\u017enom telev\u00edznom vysielan\u00ed. \u0160trn\u00e1sta s\u00e9ria pr\u00edde po\u010das jesene na JOJ play, teda na platformu, kde si seri\u00e1l postupne vybudoval siln\u00fa skupinu vern\u00fdch sledovate\u013eov.<\/p>\n<p>Rozl\u00fa\u010dka so seri\u00e1lom, ktor\u00fd stavil na em\u00f3cie<\/p>\n<p>Nemocnica si div\u00e1kov nez\u00edskala iba pr\u00edpadmi z\u00a0opera\u010dn\u00fdch s\u00e1l \u010di ambulanci\u00ed. Jej z\u00e1klad tvorili aj \u013eudsk\u00e9 osudy, s\u00fakromn\u00e9 tr\u00e1penia post\u00e1v a vz\u0165ahy, ktor\u00e9 sa \u010dasto komplikovali rovnako ako samotn\u00e9 diagn\u00f3zy.<\/p>\n<p>V\u00a0jednotliv\u00fdch \u010dastiach sa objavovalo viacero pacientskych pr\u00edbehov. Ka\u017ed\u00fd z\u00a0nich prin\u00e1\u0161al in\u00fa zdravotn\u00fa t\u00e9mu, no z\u00e1rove\u0148 aj osobn\u00fa rovinu, v\u010faka ktorej seri\u00e1l nep\u00f4sobil iba ako sled medic\u00ednskych situ\u00e1ci\u00ed.<\/p>\n<p>Tvorcovia ukazovali, \u017ee pr\u00e1ca v\u00a0nemocnici nie je len o\u00a0odbornosti. Lek\u00e1ri a sestry museli zvl\u00e1da\u0165 stres, tlak, r\u00fdchle rozhodnutia aj chv\u00edle, ke\u010f sa od nich o\u010dak\u00e1valo, \u017ee bud\u00fa pacientom oporou.<\/p>\n<p>\t<a class=\"promo-clanok\" href=\"https:\/\/www.mediaklik.sk\/o-serialoch\/clanok\/819859-jojka-chysta-letny-serialovy-tahak-s-mitasom-exoticke-tunisko-more-a-zamotane-vztahy-mozu-byt-jej-velkym-tromfom\/\" rel=\"nofollow noopener\" target=\"_blank\"> \t\t\t\t\t<img decoding=\"async\" src=\"https:\/\/www.europesays.com\/sk\/wp-content\/uploads\/2026\/06\/vona-mora_02-stvorec.jpg\" class=\"promo-clanok-image\" alt=\"vona-mora\"\/> \t\t\t \t\t\t\t \t\t\t\t\t\t\t\t\t\t\t\u010c\u00edtajte viac \t\t\t\t\t\t\t\t\t \t\t\t\t \t\t\t\t\tJOJka chyst\u00e1 letn\u00fd seri\u00e1lov\u00fd \u0165ah\u00e1k s Mita\u0161om. Exotick\u00e9 Tunisko, more a zamotan\u00e9 vz\u0165ahy m\u00f4\u017eu by\u0165 jej ve\u013ek\u00fdm tromfom \t\t\t\t \t\t\t \t\t\t<\/a><\/p>\n<p>Koniec projektu zasiahne aj hercov, ktor\u00ed v\u00a0\u0148om str\u00e1vili dlh\u00fd \u010das. Franti\u0161ek Kov\u00e1r svoju rozl\u00fa\u010dku op\u00edsal pre Nov\u00fd \u010cas ve\u013emi osobne. \u201eVeci prich\u00e1dzaj\u00fa a odch\u00e1dzaj\u00fa. Seri\u00e1l som si ve\u013emi ob\u013e\u00fabil, bola tam skvel\u00e1 partia \u013eud\u00ed a v\u00fdborn\u00fd re\u017eis\u00e9r Honzo Nov\u00e1k, ktor\u00fd to cel\u00e9 zastre\u0161oval. Je mi to \u013e\u00fato, ale ned\u00e1 sa s\u00a0t\u00fdm ni\u010d robi\u0165, \u010dlovek sa s\u00a0t\u00fdm mus\u00ed vyrovna\u0165,\u201c povedal pre <a target=\"_blank\" href=\"https:\/\/www.cas.sk\/prominenti\/koniec-serialu-nemocnica-po-6-rokoch-o-kolko-penazi-pridu-herecke-hviezdy?itm_modul=react_novycas_prominenti&amp;itm_brand=novycas&amp;itm_template=hp&amp;itm_position=1&amp;itm_cb_position=mid_main_2\" rel=\"nofollow noopener\">Nov\u00fd \u010cas<\/a>.<\/p>\n<p>Fin\u00e1le zamieri na JOJ play<\/p>\n<p>Telev\u00edzia JOJ potvrdila, \u017ee posledn\u00e1 s\u00e9ria sa stane s\u00fa\u010das\u0165ou jesennej ponuky jej streamovacej platformy. Pre fan\u00fa\u0161ikov to znamen\u00e1 n\u00e1vrat zn\u00e1mych post\u00e1v, no z\u00e1rove\u0148 aj definit\u00edvnu bodku za ich pr\u00edbehmi.<\/p>\n<p>Katar\u00edna Noskov\u00e1, PR TV JOJ, pribl\u00ed\u017eila pre port\u00e1l <a target=\"_blank\" href=\"https:\/\/svetevity.sk\/magazin\/celebrity\/96288657-oblubeny-slovensky-serial-po-rokoch-konci-neuveritelnych-sest-rokov-a-273-epizod\" rel=\"nofollow noopener\">Svetevity.sk<\/a> aj tvoriv\u00fd t\u00edm, ktor\u00fd stoj\u00ed za z\u00e1vere\u010dn\u00fdmi \u010das\u0165ami. \u201eOb\u013e\u00faben\u00fd seri\u00e1l TV JOJ Nemocnica sa v\u00a0jesennej vysielacej \u0161trukt\u00fare vr\u00e1ti do vysielania so svojou z\u00e1vere\u010dnou 14.\u00a0s\u00e9riou. Div\u00e1ci bud\u00fa m\u00f4c\u0165 sledova\u0165 osudy hrdinov z\u00a0lek\u00e1rskeho prostredia na streamovacej platforme JOJ play. Aj na z\u00e1vere\u010dnej s\u00e9rii sa podie\u013eal t\u00edm kreat\u00edvnej producentky Hany Lasicovej a re\u017eis\u00e9ra J\u00e1na Nov\u00e1ka,\u201c potvrdila pre port\u00e1l Svetevity.sk PR TV JOJ Katar\u00edna Noskov\u00e1.<\/p>\n<p>\t<a class=\"promo-clanok\" href=\"https:\/\/www.mediaklik.sk\/o-serialoch\/clanok\/818873-dalsia-oblubena-postava-z-dunaja-konci-hviezda-serialu-zverejnila-odkaz-ktory-fanusikovia-citaju-ako-definitivne-zbohom\/\" rel=\"nofollow noopener\" target=\"_blank\"> \t\t\t\t\t<img decoding=\"async\" src=\"https:\/\/www.europesays.com\/sk\/wp-content\/uploads\/2026\/06\/dunaj-kucerovci_01-stvorec.jpg\" class=\"promo-clanok-image\" alt=\"dunaj-kucerovci\"\/> \t\t\t \t\t\t\t \t\t\t\t\t\t\t\t\t\t\t\u010c\u00edtajte viac \t\t\t\t\t\t\t\t\t \t\t\t\t \t\t\t\t\t\u010eal\u0161ia ob\u013e\u00faben\u00e1 postava z Dunaja kon\u010d\u00ed? Hviezda seri\u00e1lu zverejnila odkaz, ktor\u00fd fan\u00fa\u0161ikovia \u010d\u00edtaj\u00fa ako definit\u00edvne zbohom \t\t\t\t \t\t\t \t\t\t<\/a><\/p>\n<p>Po\u010das rokov sa v\u00a0seri\u00e1li objavilo viacero v\u00fdrazn\u00fdch mien slovensk\u00e9ho herectva. Patrili k\u00a0nim Alexander B\u00e1rta, Marek Majesk\u00fd, Zuzana K\u00e1nocz \u010di Franti\u0161ek Kov\u00e1r, pri\u010dom projekt pomohol viacer\u00fdm tv\u00e1ram zosta\u0165 pravidelne v\u00a0kontakte s\u00a0telev\u00edznym publikom.<\/p>\n<p>Odchod Nemocnice m\u00e1 aj finan\u010dn\u00fd rozmer. Pod\u013ea z\u00e1kulisn\u00fdch inform\u00e1ci\u00ed sa honor\u00e1re hercov v\u00a0hlavn\u00fdch \u00faloh\u00e1ch mohli pohybova\u0165 pribli\u017ene od 500\u00a0do 800\u00a0eur za jeden nat\u00e1\u010dac\u00ed de\u0148, hoci presn\u00e1 suma z\u00e1visela od konkr\u00e9tnej postavy a rozsahu pr\u00e1ce. Koniec seri\u00e1lu preto neznamen\u00e1 iba emot\u00edvne fin\u00e1le, ale aj ukon\u010denie pravideln\u00e9ho pracovn\u00e9ho priestoru pre \u010das\u0165 hereck\u00e9ho obsadenia.<\/p>\n","protected":false},"excerpt":{"rendered":"Nemocni\u010dn\u00e9 pr\u00edbehy, ktor\u00e9 si roky dr\u017eali vern\u00e9 publikum, smeruj\u00fa do fin\u00e1le. Posledn\u00e9 epiz\u00f3dy v\u0161ak pr\u00eddu inak, ne\u017e boli&hellip;\n","protected":false},"author":2,"featured_media":110086,"comment_status":"","ping_status":"","sticky":false,"template":"","format":"standard","meta":{"footnotes":"","_share_on_mastodon":"0"},"categories":[15],"tags":[70,5239,31705,311,249,5428,43,40,39,42,41,107,3263,71],"class_list":["post-110085","post","type-post","status-publish","format-standard","has-post-thumbnail","category-zabava","tag-entertainment","tag-finale","tag-joj-play","tag-koniec","tag-serial","tag-serial-nemocnica","tag-sk","tag-slovak","tag-slovakia","tag-slovencina","tag-slovensko","tag-televizia","tag-tv-joj","tag-zabava"],"share_on_mastodon":{"url":"https:\/\/pubeurope.com\/@sk\/116826377429178354","error":""},"_links":{"self":[{"href":"https:\/\/www.europesays.com\/sk\/wp-json\/wp\/v2\/posts\/110085","targetHints":{"allow":["GET"]}}],"collection":[{"href":"https:\/\/www.europesays.com\/sk\/wp-json\/wp\/v2\/posts"}],"about":[{"href":"https:\/\/www.europesays.com\/sk\/wp-json\/wp\/v2\/types\/post"}],"author":[{"embeddable":true,"href":"https:\/\/www.europesays.com\/sk\/wp-json\/wp\/v2\/users\/2"}],"replies":[{"embeddable":true,"href":"https:\/\/www.europesays.com\/sk\/wp-json\/wp\/v2\/comments?post=110085"}],"version-history":[{"count":0,"href":"https:\/\/www.europesays.com\/sk\/wp-json\/wp\/v2\/posts\/110085\/revisions"}],"wp:featuredmedia":[{"embeddable":true,"href":"https:\/\/www.europesays.com\/sk\/wp-json\/wp\/v2\/media\/110086"}],"wp:attachment":[{"href":"https:\/\/www.europesays.com\/sk\/wp-json\/wp\/v2\/media?parent=110085"}],"wp:term":[{"taxonomy":"category","embeddable":true,"href":"https:\/\/www.europesays.com\/sk\/wp-json\/wp\/v2\/categories?post=110085"},{"taxonomy":"post_tag","embeddable":true,"href":"https:\/\/www.europesays.com\/sk\/wp-json\/wp\/v2\/tags?post=110085"}],"curies":[{"name":"wp","href":"https:\/\/api.w.org\/{rel}","templated":true}]}}