{"id":110454,"date":"2026-06-28T15:28:11","date_gmt":"2026-06-28T15:28:11","guid":{"rendered":"https:\/\/www.europesays.com\/sk\/110454\/"},"modified":"2026-06-28T15:28:11","modified_gmt":"2026-06-28T15:28:11","slug":"poziar-plavarne-sposobil-elektricky-skuter-2","status":"publish","type":"post","link":"https:\/\/www.europesays.com\/sk\/110454\/","title":{"rendered":"Po\u017eiar plav\u00e1rne sp\u00f4sobil elektrick\u00fd sk\u00fater"},"content":{"rendered":"<p>Hasi\u010di mali \u010do robi\u0165.\t\t\t\t\t\t(Zdroj: Facebook\/Hasi\u010dsk\u00fd a z\u00e1chrann\u00fd zbor &#8211; Ko\u0161ick\u00fd kraj)\t\t\t\t\t<\/p>\n<p>TREBI\u0160OV &#8211; Trebi\u0161ovsk\u00ed hasi\u010di zasahovali v noci na nede\u013eu pri po\u017eiari v objekte mestskej plav\u00e1rne v Trebi\u0161ove, pri ktorom sa jedna osoba nad\u00fdchala splod\u00edn horenia. Po\u017eiar vznikol na elektrickom sk\u00fatri a n\u00e1sledne sa roz\u0161\u00edril do strojovne plav\u00e1rne. Informovalo o tom Krajsk\u00e9 riadite\u013estvo Hasi\u010dsk\u00e9ho a z\u00e1chrann\u00e9ho zboru (HaZZ) v Ko\u0161iciach na soci\u00e1lnej sieti.<\/p>\n<p>Pre siln\u00e9 zadymenie zasahovali hasi\u010di s pou\u017eit\u00edm auton\u00f3mnych d\u00fdchac\u00edch pr\u00edstrojov. Osobu, ktor\u00e1 sa nach\u00e1dzala na mieste, previezli z\u00e1chran\u00e1ri do nemocnice na \u010fal\u0161ie o\u0161etrenie.<\/p>\n<p>\t<a href=\"https:\/\/www.topky.sk\/gl\/9584101\/6528881\/Dramaticka-noc-v-Trebisove--Hasici-do-neskorych-hodin-bojovali-s-poziarom-plavarne--25-tisicova-skoda-\" rel=\"nofollow noopener\" target=\"_blank\"><br \/>\n\t\t<img decoding=\"async\" alt=\"Dramatick\u00e1 noc v Trebi\u0161ove:\" aria-describedby=\"img-res-6528881\" class=\"\" height=\"2133\" id=\"6528881\" loading=\"lazy\" onerror=\"imgArticleLoadErr(this)\" src=\"https:\/\/www.europesays.com\/sk\/wp-content\/uploads\/2026\/06\/1782660491_2_poziar-plavaren-Trebisov-Hasicsky-a-zachranny-zbor---Kosicky-kraj.jpg\" style=\"aspect-ratio:0.750\" title=\"Dramatick\u00e1 noc v Trebi\u0161ove:\" width=\"1600\"\/>\t\t\t<\/p>\n<p>\n\t\t\t\tZobrazi\u0165 gal\u00e9riu (3)\t\t\t<\/p>\n<p>\t<\/a><\/p>\n<p>\t\u00a0(Zdroj: Facebook\/Hasi\u010dsk\u00fd a z\u00e1chrann\u00fd zbor &#8211; Ko\u0161ick\u00fd kraj)<\/p>\n<p>Priamu \u0161kodu predbe\u017ene vy\u010d\u00edslili na 25.000 eur. \u201eV\u010faka r\u00fdchlemu z\u00e1sahu hasi\u010dov sa podarilo uchr\u00e1ni\u0165 technol\u00f3giu a objekt v hodnote pribli\u017ene jeden mili\u00f3n eur,\u201c uviedli z HaZZ s t\u00fdm, \u017ee pr\u00ed\u010dina vzniku po\u017eiaru je predmetom vy\u0161etrovania.<\/p>\n<p>\t<a href=\"https:\/\/www.topky.sk\/gl\/9584101\/6528875\/Dramaticka-noc-v-Trebisove--Hasici-do-neskorych-hodin-bojovali-s-poziarom-plavarne--25-tisicova-skoda-\" rel=\"nofollow noopener\" target=\"_blank\"><br \/>\n\t\t<img decoding=\"async\" alt=\"Dramatick\u00e1 noc v Trebi\u0161ove:\" aria-describedby=\"img-res-6528875\" class=\"\" height=\"2133\" id=\"6528875\" loading=\"lazy\" onerror=\"imgArticleLoadErr(this)\" src=\"https:\/\/www.europesays.com\/sk\/wp-content\/uploads\/2026\/06\/1782660491_976_poziar-plavaren-Trebisov-Hasicsky-a-zachranny-zbor---Kosicky-kraj.jpg\" style=\"aspect-ratio:0.750\" title=\"Dramatick\u00e1 noc v Trebi\u0161ove:\" width=\"1600\"\/>\t\t\t<\/p>\n<p>\n\t\t\t\tZobrazi\u0165 gal\u00e9riu (3)\t\t\t<\/p>\n<p>\t<\/a><\/p>\n<p>\t\u00a0(Zdroj: Facebook\/Hasi\u010dsk\u00fd a z\u00e1chrann\u00fd zbor &#8211; Ko\u0161ick\u00fd kraj)<\/p>\n","protected":false},"excerpt":{"rendered":"Hasi\u010di mali \u010do robi\u0165. (Zdroj: Facebook\/Hasi\u010dsk\u00fd a z\u00e1chrann\u00fd zbor &#8211; Ko\u0161ick\u00fd kraj) TREBI\u0160OV &#8211; Trebi\u0161ovsk\u00ed hasi\u010di zasahovali v&hellip;\n","protected":false},"author":2,"featured_media":110455,"comment_status":"","ping_status":"","sticky":false,"template":"","format":"standard","meta":{"footnotes":"","_share_on_mastodon":"0"},"categories":[6],"tags":[150,29934,147,43,40,44,39,42,45,41,1773],"class_list":["post-110454","post","type-post","status-publish","format-standard","has-post-thumbnail","category-slovensko","tag-hasici","tag-plavaren","tag-poziar","tag-sk","tag-slovak","tag-slovak-republic","tag-slovakia","tag-slovencina","tag-slovenska-republika","tag-slovensko","tag-trebisov"],"share_on_mastodon":{"url":"https:\/\/pubeurope.com\/@sk\/116828445706116288","error":""},"_links":{"self":[{"href":"https:\/\/www.europesays.com\/sk\/wp-json\/wp\/v2\/posts\/110454","targetHints":{"allow":["GET"]}}],"collection":[{"href":"https:\/\/www.europesays.com\/sk\/wp-json\/wp\/v2\/posts"}],"about":[{"href":"https:\/\/www.europesays.com\/sk\/wp-json\/wp\/v2\/types\/post"}],"author":[{"embeddable":true,"href":"https:\/\/www.europesays.com\/sk\/wp-json\/wp\/v2\/users\/2"}],"replies":[{"embeddable":true,"href":"https:\/\/www.europesays.com\/sk\/wp-json\/wp\/v2\/comments?post=110454"}],"version-history":[{"count":0,"href":"https:\/\/www.europesays.com\/sk\/wp-json\/wp\/v2\/posts\/110454\/revisions"}],"wp:featuredmedia":[{"embeddable":true,"href":"https:\/\/www.europesays.com\/sk\/wp-json\/wp\/v2\/media\/110455"}],"wp:attachment":[{"href":"https:\/\/www.europesays.com\/sk\/wp-json\/wp\/v2\/media?parent=110454"}],"wp:term":[{"taxonomy":"category","embeddable":true,"href":"https:\/\/www.europesays.com\/sk\/wp-json\/wp\/v2\/categories?post=110454"},{"taxonomy":"post_tag","embeddable":true,"href":"https:\/\/www.europesays.com\/sk\/wp-json\/wp\/v2\/tags?post=110454"}],"curies":[{"name":"wp","href":"https:\/\/api.w.org\/{rel}","templated":true}]}}