{"id":110628,"date":"2026-06-28T19:07:13","date_gmt":"2026-06-28T19:07:13","guid":{"rendered":"https:\/\/www.europesays.com\/sk\/110628\/"},"modified":"2026-06-28T19:07:13","modified_gmt":"2026-06-28T19:07:13","slug":"natalia-germani-ohuruje-v-bikinach-este-viac-ako-vona-mora-vas-ocari-krasa-jej-tela-2","status":"publish","type":"post","link":"https:\/\/www.europesays.com\/sk\/110628\/","title":{"rendered":"Nat\u00e1lia Germani ohuruje v bikin\u00e1ch: E\u0161te viac ako V\u00d4\u0147A MORA v\u00e1s o\u010dar\u00ed kr\u00e1sa jej tela!"},"content":{"rendered":"<p>BRATISLAVA &#8211; Nielen dobr\u00e1 here\u010dka, ale aj kr\u00e1sna \u017eena! Nat\u00e1lia Germani po druhom p\u00f4rode poriadne zapracovala na svojej postave. A oplatilo sa! Ke\u010f v novom seri\u00e1li V\u00f4\u0148a mora vych\u00e1dza z mora, m\u00f4\u017eete na nej o\u010di necha\u0165&#8230;<\/p>\n<p>Za\u010diatok leta patr\u00ed seri\u00e1lovej novinke V\u00f4\u0148a mora. Div\u00e1kov \u010dak\u00e1 pr\u00edbeh ve\u013evyslanca Martina Skalu (Mari\u00e1n Mita\u0161), ktor\u00fd sa ocit\u00e1 v Tunise, kde sa podie\u013ea na otvoren\u00ed novej slovenskej ambas\u00e1dy. Do \u017eivota mu vst\u00fapi Lucia (Nat\u00e1lia Germ\u00e1ni), majite\u013eka cestovnej agent\u00fary, ktor\u00e1 sa pohybuje medzi turistami, miestnymi obyvate\u013emi aj diplomatick\u00fdm prostred\u00edm ambas\u00e1dy.\u00a0Lucia je \u017eivotaschopn\u00e1 mlad\u00e1 \u017eena, ktor\u00e1 miluje cestovanie, \u013eud\u00ed a \u017eivot. A postupne zrejme aj ve\u013evyslanca&#8230;<\/p>\n<p>Seri\u00e1l V\u00f4\u0148a mora sa odohr\u00e1va v exotickom prostred\u00ed Tuniska, \u010do pre Nat\u00e1liu Germani nebolo \u00faplne jednoduch\u00e9. \u010co ju v\u0161ak na spolupr\u00e1cu oslsovilo, bol t\u00edm, atmosf\u00e9ra, cestovanie, kolegovia, dobrodru\u017estvo. \u201eRomantick\u00fd \u017e\u00e1ner som okrem toho neto\u010dila pomerne dlho, tak\u017ee to bola pre m\u0148a hereck\u00e1 v\u00fdzva. Bola to perfektn\u00e1 v\u00fdroba so skvelou pracovnou aj \u013eudskou atmosf\u00e9rou,\u201c\u00a0zhodnotila here\u010dka, ktor\u00e1 stv\u00e1r\u0148uje Luciu Pokorn\u00fa. Z\u00e1rove\u0148 prizn\u00e1va, \u017ee zladi\u0165 cestovanie a rodinu nebolo celkom jednoduch\u00e9.\u00a0\u201eJe to v\u017edy tak trochu kombinatorika. Po\u010das nakr\u00facania V\u00f4ne mora to bolo e\u0161te trochu n\u00e1ro\u010dnej\u0161ie kv\u00f4li najmlad\u0161iemu \u010dlenovi rodiny. Pl\u00e1novali sme to tak, aby mal\u00e1 bola aj so mnou a z\u00e1rove\u0148 aby bolo o \u0148u postaran\u00e9, ke\u010f pracujem. Striedali sme sa s man\u017eelom, niekedy bola so mnou cel\u00e1 rodina, inokedy je s de\u0165mi on. Pod\u013ea toho, ako mal aj on pr\u00e1cu. V prvej etape tam boli aj moji rodi\u010dia a pom\u00e1hali mi,\u201c\u00a0pochva\u013euje si \u00fastretov\u00fd pr\u00edstup produkcie Nat\u00e1lia.<\/p>\n<p>&#13;<br \/>\n\u201eMal\u00e1 mala v \u010dase nakr\u00facania necel\u00fd rok, po prv\u00fd raz som bola bez nej osem dn\u00ed. Prv\u00fd de\u0148 bol pre m\u0148a zvl\u00e1\u0161tny, potom som si zvykla \u2013 aj v\u010faka tomu, \u017ee z domu chodili sam\u00e9 pozit\u00edvne spr\u00e1vy: \u017ee je usmiata, dobre spink\u00e1, m\u00e1 sa dobre. Boli sme v neust\u00e1lom spojen\u00ed, telefonovali sme si cez video a ja som sa te\u0161ila domov,\u201c\u00a0priznala here\u010dka, ktor\u00e1 po\u010das nakr\u00facania str\u00e1vila zatia\u013e najdhl\u0161\u00ed \u010dase bez rodiny.<\/p>\n<p>\u010co v\u0161ak neujde div\u00e1kovmu pozorn\u00e9mu oku, je nielen hereck\u00fd v\u00fdkon Nat\u00e1lie, ale aj jej dokonal\u00e1 postava. Mama dvoch det\u00ed sa dala ve\u013emi r\u00fdchlo do formy a ohuruje hrie\u0161nym telom. Z\u00e1bery, ke\u010f vych\u00e1dza z mora, si budete p\u00fa\u0161\u0165a\u0165 dookola&#8230;<br \/>&#13;<br \/>\n\u00a0<\/p>\n<p>Nat\u00e1lia Germani ohuruje v bikin\u00e1ch: Viac ako V\u00f4\u0148a mora v\u00e1s o\u010dar\u00ed kr\u00e1sa jej tela!\t\t(Zdroj: TV JOJ)\t<\/p>\n<p>\t\tHlasovanie ukon\u010den\u00e9<\/p>\n<p>\t\t\t\t{{ poll.title }}<\/p>\n<p>\t\t\t\t\t<img :alt=\"pollImageDescription()\" :src=\"https:\/\/www.topky.sk\/cl\/100313\/9428663\/poll.img_url\" class=\"box-quiz-new-image-questionnaire\"\/><\/p>\n<p>{{ poll.image_description }} (Zdroj: {{ poll.image_resource }})<\/p>\n<p>\t\t\t\t\t\t\t\t\t\t\t<img :alt=\"questionImageDescription(question)\" :src=\"https:\/\/www.topky.sk\/cl\/100313\/9428663\/question.img_url\" class=\"box-quiz-new-image-top\"\/><\/p>\n<p>Zdroj: {{ question.image_resource }}<\/p>\n<p>\n\t\t\t\t\t\t\t\t\t\t\t{{ question.text }}\n\t\t\t\t\t\t\t\t\t\t<\/p>\n<p>{{ question.text }}<\/p>\n<p>\t\t\t\t\t\t\t\t\t\t\t\t\t\t<img :alt=\"questionImageDescription(question)\" :src=\"https:\/\/www.topky.sk\/cl\/100313\/9428663\/question.img_url\" class=\"box-quiz-new-image-top\"\/><\/p>\n<p>Zdroj: {{ question.image_resource }}<\/p>\n<p>{{ poll.title }}<\/p>\n<p>{{ question.text }}<\/p>\n<p>\t\t\t\t\t\t\t\t\t\t\t\t\t\t<img :alt=\"questionImageDescription(question)\" :src=\"https:\/\/www.topky.sk\/cl\/100313\/9428663\/question.img_url\" class=\"box-quiz-new-image-top\"\/><\/p>\n<p>Zdroj: {{ question.image_resource }}<\/p>\n<p>{{ poll.rating_worst}}<\/p>\n<p>{{ poll.rating_best}}<\/p>\n<p>{{ poll.rating_best}}<\/p>\n<p>{{ poll.rating_worst}}<\/p>\n<p>\t\t\t\t\t\t\t\t\t\t\t\t\t{{ answer.text }}<\/p>\n<p>\t\t\t\t\t\t\t\t\t\t\t\t\t{{ answer.text }}<\/p>\n<p>\t\t\t\t\t{{ poll.title }}<\/p>\n<p v-if=\"poll.contact_form\">{{ poll.thanks }}<\/p>\n<p>{{ question.text }}<\/p>\n<p>\t\t\t\t\t\t\t\t\t<img :alt=\"questionImageDescription(question)\" :src=\"https:\/\/www.topky.sk\/cl\/100313\/9428663\/question.img_url\" class=\"box-quiz-new-image-top\"\/><\/p>\n<p>Zdroj: {{ question.image_resource }}<\/p>\n<p>Priemern\u00e9 hodnotenie: {{ question.rating }}<\/p>\n<p> Va\u0161e hodnotenie: {{ question.user_rating }}<\/p>\n<p>{{ question.text }}<\/p>\n<p>\t\t\t\t\t\t\t\t\t<img :alt=\"questionImageDescription(question)\" :src=\"https:\/\/www.topky.sk\/cl\/100313\/9428663\/question.img_url\" class=\"box-quiz-new-image-top\"\/><\/p>\n<p>Zdroj: {{ question.image_resource }}<\/p>\n<p>{{ poll.rating_worst}}<\/p>\n<p>{{ poll.rating_best}}<\/p>\n<p>{{ poll.rating_best}}<\/p>\n<p>{{ poll.rating_worst}}<\/p>\n<p>Priemern\u00e9 hodnotenie: {{ question.rating }}<\/p>\n<p> Va\u0161e hodnotenie: {{ question.user_rating }}<\/p>\n<p>Hlasovalo: {{questions[0].votes}}<\/p>\n<p>\t\t\t\t\t\t{{ poll.title }}<\/p>\n<p>\t\t\t\t\t\t\t<img :alt=\"pollImageDescription()\" :src=\"https:\/\/www.topky.sk\/cl\/100313\/9428663\/poll.img_url\" class=\"box-quiz-new-image-questionnaire\"\/><\/p>\n<p>{{ poll.image_description }} (Zdroj: {{ poll.image_resource }})<\/p>\n<p>{{ qIndex+1 }}\/{{ questions.length }}<\/p>\n<p>\t\t\t\t\t\t\t\t\t<img :alt=\"questionImageDescription(question)\" :src=\"https:\/\/www.topky.sk\/cl\/100313\/9428663\/question.img_url\" class=\"box-quiz-new-image-top\"\/><br \/>\n\t\t\t\t\t\t\t\t\t<a class=\"box-quiz-new-magnifier\" href=\"#\" title=\"Zv\u00e4\u010d\u0161i\u0165 obr\u00e1zok\">\u00a0<\/a><\/p>\n<p>Zdroj: {{ question.image_resource }}<\/p>\n<p>{{ question.text }}<\/p>\n<p>M\u00f4\u017eete ozna\u010di\u0165 viacero odpoved\u00ed.<\/p>\n<p class=\"profile-name\">{{ profiles[profileEvalueated.index].name }}<\/p>\n<p v-if=\"poll.show_profiles_percentage\">Zhoda: {{ profileEvalueated.weightPercentage }}%<\/p>\n<p>\t\t\t\t\t\t\t\t\t<img :alt=\"profiles[profileEvalueated.index].image_description\" :src=\"https:\/\/www.topky.sk\/cl\/100313\/9428663\/profiles[profileEvalueated.index].img_url\" class=\"box-quiz-new-image-questionnaire\"\/><\/p>\n<p>{{ profiles[profileEvalueated.index].image_description }} (Zdroj: {{ profiles[profileEvalueated.index].image_resource }})<\/p>\n<p><\/p>\n<p>\t\t\t\t\t\t\t\u00d7<br \/>\n\t\t\t\t\t\t\t<img :alt=\"imageModal.imgDescription\" :src=\"https:\/\/www.topky.sk\/cl\/100313\/9428663\/imageModal.imgUrl\" :style=\"isEmbed ? computeModalImageStyle() : ''\"\/><\/p>\n<p>V seri\u00e1li maj\u00fa v\u00fdrazn\u00e9 \u00falohy aj Jana Labajov\u00e1, Daniel \u017dul\u010d\u00e1k, Tom\u00e1\u0161 Mischura \u010di Diana Ristov\u00e1. V\u00f4\u0148a mora prinesie desa\u0165 pr\u00edbehov odohr\u00e1vaj\u00facich sa v exotickom Tunise, ktor\u00e9 sp\u00e1ja priestor novootvorenej slovenskej ambas\u00e1dy a jej zamestnancov. Ka\u017ed\u00e1 epiz\u00f3da funguje ako samostatn\u00fd pr\u00edbeh a div\u00e1kom pon\u00fakne dovolenkov\u00fa atmosf\u00e9ru, ktor\u00fa Slov\u00e1ci miluj\u00fa a ve\u013emi dobre poznaj\u00fa. V\u00f4\u0148a mora prin\u00e1\u0161a bezstarostn\u00fd pocit leta a oddychu.\u00a0Od 30. j\u00fana bud\u00fa jednotliv\u00e9 epiz\u00f3dy postupne prib\u00fada\u0165 exkluz\u00edvne na platforme Joj Play.<\/p>\n<p>\u00a0<\/p>\n","protected":false},"excerpt":{"rendered":"BRATISLAVA &#8211; Nielen dobr\u00e1 here\u010dka, ale aj kr\u00e1sna \u017eena! Nat\u00e1lia Germani po druhom p\u00f4rode poriadne zapracovala na svojej&hellip;\n","protected":false},"author":2,"featured_media":110629,"comment_status":"","ping_status":"","sticky":false,"template":"","format":"standard","meta":{"footnotes":"","_share_on_mastodon":"0"},"categories":[15],"tags":[70,991,249,43,40,39,42,41,3263,37194,71],"class_list":["post-110628","post","type-post","status-publish","format-standard","has-post-thumbnail","category-zabava","tag-entertainment","tag-natalia-germani","tag-serial","tag-sk","tag-slovak","tag-slovakia","tag-slovencina","tag-slovensko","tag-tv-joj","tag-vona-mora","tag-zabava"],"share_on_mastodon":{"url":"https:\/\/pubeurope.com\/@sk\/116829306733208724","error":""},"_links":{"self":[{"href":"https:\/\/www.europesays.com\/sk\/wp-json\/wp\/v2\/posts\/110628","targetHints":{"allow":["GET"]}}],"collection":[{"href":"https:\/\/www.europesays.com\/sk\/wp-json\/wp\/v2\/posts"}],"about":[{"href":"https:\/\/www.europesays.com\/sk\/wp-json\/wp\/v2\/types\/post"}],"author":[{"embeddable":true,"href":"https:\/\/www.europesays.com\/sk\/wp-json\/wp\/v2\/users\/2"}],"replies":[{"embeddable":true,"href":"https:\/\/www.europesays.com\/sk\/wp-json\/wp\/v2\/comments?post=110628"}],"version-history":[{"count":0,"href":"https:\/\/www.europesays.com\/sk\/wp-json\/wp\/v2\/posts\/110628\/revisions"}],"wp:featuredmedia":[{"embeddable":true,"href":"https:\/\/www.europesays.com\/sk\/wp-json\/wp\/v2\/media\/110629"}],"wp:attachment":[{"href":"https:\/\/www.europesays.com\/sk\/wp-json\/wp\/v2\/media?parent=110628"}],"wp:term":[{"taxonomy":"category","embeddable":true,"href":"https:\/\/www.europesays.com\/sk\/wp-json\/wp\/v2\/categories?post=110628"},{"taxonomy":"post_tag","embeddable":true,"href":"https:\/\/www.europesays.com\/sk\/wp-json\/wp\/v2\/tags?post=110628"}],"curies":[{"name":"wp","href":"https:\/\/api.w.org\/{rel}","templated":true}]}}