{"id":110935,"date":"2026-06-29T06:40:11","date_gmt":"2026-06-29T06:40:11","guid":{"rendered":"https:\/\/www.europesays.com\/sk\/110935\/"},"modified":"2026-06-29T06:40:11","modified_gmt":"2026-06-29T06:40:11","slug":"mimoriadne-obrovsky-poziar-zachvatil-vyznamne-budovy-v-centre-mesta-zasahuju-hasici-video-skazy","status":"publish","type":"post","link":"https:\/\/www.europesays.com\/sk\/110935\/","title":{"rendered":"MIMORIADNE OBROVSK\u00dd PO\u017dIAR zachv\u00e1til v\u00fdznamn\u00e9 budovy v centre mesta! Zasahuj\u00fa hasi\u010di, VIDEO skazy"},"content":{"rendered":"<p>\t\t\t\t\t\t\t<a href=\"https:\/\/regiony.zoznam.sk\/galeria\/852520\/1\" rel=\"nofollow noopener\" target=\"_blank\"><br \/>\n\t\t\t\t\t<img decoding=\"async\" src=\"https:\/\/www.europesays.com\/sk\/wp-content\/uploads\/2026\/06\/1782715208_930_prave-teraz-cervena.jpg\" alt=\"Ilustra\u010dn\u00e9 foto. Zdroj: regiony.sk  \" style=\"aspect-ratio: 1.33;object-fit: cover; display:inline; width: 100%;\" fetchpriority=\"high\"\/><br \/>\n\t\t\t\t<\/a><\/p>\n<p>\t\t\t\t\tIlustra\u010dn\u00e9 foto. Zdroj: regiony.sk  <\/p>\n<p>\t\t<img decoding=\"async\" src=\"https:\/\/www.europesays.com\/sk\/wp-content\/uploads\/2026\/06\/1782715209_834_author-default.jpg\" aria-label=\"Autor\"\/><\/p>\n<p>Rozsiahly po\u017eiar vypukol v noci z nedele na pondelok v centre \u0160t\u00farova v okrese Nov\u00e9 Z\u00e1mky. Plamene zasiahli strechy viacer\u00fdch objektov v mestskom rade budov vr\u00e1tane pizz\u00e9rie, gal\u00e9rie, kina a penzi\u00f3nu. Hasi\u010di na mieste zasahuj\u00fa aj r\u00e1no.<\/p>\n<p>Pod\u013ea predbe\u017en\u00fdch inform\u00e1ci\u00ed za\u010dalo horie\u0165 pred 3.30 h na streche kina na \u0161t\u00farovskom korze. Na miesto okam\u017eite vyrazili \u0161t\u00farovsk\u00ed hasi\u010di aj dobrovo\u013en\u00e9 jednotky z okolia. Z\u00e1bery, ktor\u00e9 vznikli nadr\u00e1nom, zachyt\u00e1vaj\u00fa vysok\u00e9 plamene v centre mesta, informuje port\u00e1l <a href=\"https:\/\/ujszo.com\/regio\/fotok-hatalmas-tuz-parkany-kozpontjaban-a-teljes-varosi-ingatlan-teteje-egett-a-tuzoltok-meg\" type=\"link\" id=\"https:\/\/ujszo.com\/regio\/fotok-hatalmas-tuz-parkany-kozpontjaban-a-teljes-varosi-ingatlan-teteje-egett-a-tuzoltok-meg\" target=\"_blank\" rel=\"noreferrer noopener nofollow\">ujszo.com<\/a>.<\/p>\n<p>Zdroj: Facebook\/P\u00e1rk\u00e1ny k\u00e9pekben \/ \u0160t\u00farovo v obrazoch\/Attila Benkovics<\/p>\n<p>Hasi\u010di chr\u00e1nili kino<\/p>\n<p>Prim\u00e1tor \u0160t\u00farova Eugen Szab\u00f3 r\u00e1no uviedol, \u017ee hasi\u010di u\u017e maj\u00fa situ\u00e1ciu pod kontrolou, no strechy st\u00e1le ochladzuj\u00fa a miestami sa objavuj\u00fa men\u0161ie plamene. Pod\u013ea neho horel cel\u00fd p\u00e1s mestsk\u00fdch budov od s\u00fakromnej turistickej kancel\u00e1rie a\u017e po pr\u00e1zdny priestor, kde sa zvykne parkova\u0165.<\/p>\n<p>Mohlo by v\u00e1s zauj\u00edma\u0165:<\/p>\n<p>Reklama<\/p>\n<p> div {<br \/>\ntext-align: left;<br \/>\nfont-size: 12px;<br \/>\ncolor: #6f6f6f;<br \/>\n}<\/p>\n<p>#onnetwork-banner > div:first-child {<br \/>\ntext-align: left;<br \/>\nfont-weight: 700;<br \/>\npadding-bottom: 5px;<br \/>\nfont-size: 14px;<br \/>\ncolor: #000000;<br \/>\n}<\/p>\n<p>]]><\/p>\n<p>Ohe\u0148 pravdepodobne vznikol v \u010dasti pri streche pizz\u00e9rie, kde sa strecha aj prepadla. Plamene zasiahli aj gal\u00e9riu a kino. Cel\u00e1 strecha penzi\u00f3nu Welya zhorela.<\/p>\n<p>Zdroj: Facebook<\/p>\n<p>\u201eHasi\u010di e\u0161te st\u00e1le pracuj\u00fa, chladia a polievaj\u00fa budovy, ale st\u00e1le sa objavuj\u00fa men\u0161ie plamene,\u201c povedal prim\u00e1tor. Doplnil, \u017ee zasahuj\u00faci sa sna\u017eili ochr\u00e1ni\u0165 zadn\u00fa \u010das\u0165 strechy kina, aby sa po\u017eiar neroz\u0161\u00edril k technike a do ned\u00e1vno zrekon\u0161truovanej kinos\u00e1ly.<\/p>\n<p>\t\t<a href=\"https:\/\/bratislava.zoznam.sk\/poplach-na-letisku-v-bratislave-lietadlo-obklucili-zachranari-hasici-aj-sanitky-prve-info-z-miesta\/\" rel=\"nofollow noopener\" target=\"_blank\"><br \/>\n\t\t\t<img decoding=\"async\" src=\"https:\/\/www.europesays.com\/sk\/wp-content\/uploads\/2026\/06\/1782715210_850_regiony-aktualna-sprava.jpg\" alt=\"POPLACH NA LETISKU v Bratislave: Lietadlo obk\u013e\u00fa\u010dili z\u00e1chran\u00e1ri, hasi\u010di aj sanitky. Prv\u00e9 info z miesta\" loading=\"lazy\"\/><br \/>\n\t\t<\/a><\/p>\n<p style=\"color:#000;\">Pre\u010d\u00edtajte si tie\u017e<\/p>\n<p>\t\t\t<a href=\"https:\/\/bratislava.zoznam.sk\/poplach-na-letisku-v-bratislave-lietadlo-obklucili-zachranari-hasici-aj-sanitky-prve-info-z-miesta\/\" rel=\"nofollow noopener\" target=\"_blank\">POPLACH NA LETISKU v Bratislave: Lietadlo obk\u013e\u00fa\u010dili z\u00e1chran\u00e1ri, hasi\u010di aj sanitky. Prv\u00e9 info z miesta<\/a><\/p>\n<p>Gal\u00e9riu a kino zatvoria<\/p>\n<p>Velite\u013e \u0161t\u00farovsk\u00fdch hasi\u010dov Zsolt Ki\u00e1nek pre \u00daj Sz\u00f3 uviedol, \u017ee strecha kina prehorela, no po\u017eiar sa tam podarilo zastavi\u0165 a kinos\u00e1lu hasi\u010di zachr\u00e1nili.<\/p>\n<p>\t\t\t\t<a href=\"https:\/\/regiony.zoznam.sk\/galeria\/852520\/1\/\" rel=\"nofollow noopener\" target=\"_blank\"><br \/>\n\t\t\t\t\t<img decoding=\"async\" src=\"https:\/\/www.europesays.com\/sk\/wp-content\/uploads\/2026\/06\/parkany-es-videke-sturovo-a-okolie.jpg\"\/><br \/>\n\t\t\t\t<\/a><\/p>\n<p>\t\t\t\t<a href=\"https:\/\/regiony.zoznam.sk\/galeria\/852520\/1\/\" rel=\"nofollow noopener\" target=\"_blank\"><br \/>\n\t\t\t\t\t<img decoding=\"async\" src=\"https:\/\/www.europesays.com\/sk\/wp-content\/uploads\/2026\/06\/parkany-es-videke-sturovo-a-okolie2.jpg\"\/><br \/>\n\t\t\t\t<\/a><\/p>\n<p>Techniku a ozvu\u010denie, ktor\u00e9 sa dalo odnies\u0165, pracovn\u00edci vyniesli von. Zvy\u0161ok prekryli. Strecha gal\u00e9rie horela a prepadla sa, strecha pizz\u00e9rie \u00faplne zhorela. Po\u017eiar po\u0161kodil aj strechu penzi\u00f3nu Welya, jeho zadn\u00e1 \u010das\u0165 v\u0161ak pod\u013ea hasi\u010dov nezhorela.<\/p>\n<p>Prim\u00e1tor ozn\u00e1mil, \u017ee gal\u00e9riu a kino ur\u010dit\u00fd \u010das neotvoria.<\/p>\n<p>Spr\u00e1vu budeme aktualizova\u0165.<\/p>\n<p class=\"tags\">Viac o t\u00e9me: <a href=\"https:\/\/regiony.zoznam.sk\/tag\/hasici\/\" rel=\"nofollow noopener\" target=\"_blank\">hasi\u010di<\/a>, <a href=\"https:\/\/regiony.zoznam.sk\/tag\/poziar\/\" rel=\"nofollow noopener\" target=\"_blank\">po\u017eiar<\/a>, <a href=\"https:\/\/regiony.zoznam.sk\/tag\/sturovo\/\" rel=\"nofollow noopener\" target=\"_blank\">\u0160t\u00farovo<\/a><\/p>\n<p>\t\tKoment\u00e1re k \u010dl\u00e1nku<\/p>\n<p>Moment\u00e1lne nie je pridan\u00fd \u017eiadny koment\u00e1r<\/p>\n","protected":false},"excerpt":{"rendered":"Ilustra\u010dn\u00e9 foto. Zdroj: regiony.sk Rozsiahly po\u017eiar vypukol v noci z nedele na pondelok v centre \u0160t\u00farova v okrese&hellip;\n","protected":false},"author":2,"featured_media":110936,"comment_status":"","ping_status":"","sticky":false,"template":"","format":"standard","meta":{"footnotes":"","_share_on_mastodon":"0"},"categories":[6],"tags":[150,147,43,40,44,39,42,45,41,27399],"class_list":["post-110935","post","type-post","status-publish","format-standard","has-post-thumbnail","category-slovensko","tag-hasici","tag-poziar","tag-sk","tag-slovak","tag-slovak-republic","tag-slovakia","tag-slovencina","tag-slovenska-republika","tag-slovensko","tag-sturovo"],"share_on_mastodon":{"url":"https:\/\/pubeurope.com\/@sk\/116832031693599377","error":""},"_links":{"self":[{"href":"https:\/\/www.europesays.com\/sk\/wp-json\/wp\/v2\/posts\/110935","targetHints":{"allow":["GET"]}}],"collection":[{"href":"https:\/\/www.europesays.com\/sk\/wp-json\/wp\/v2\/posts"}],"about":[{"href":"https:\/\/www.europesays.com\/sk\/wp-json\/wp\/v2\/types\/post"}],"author":[{"embeddable":true,"href":"https:\/\/www.europesays.com\/sk\/wp-json\/wp\/v2\/users\/2"}],"replies":[{"embeddable":true,"href":"https:\/\/www.europesays.com\/sk\/wp-json\/wp\/v2\/comments?post=110935"}],"version-history":[{"count":0,"href":"https:\/\/www.europesays.com\/sk\/wp-json\/wp\/v2\/posts\/110935\/revisions"}],"wp:featuredmedia":[{"embeddable":true,"href":"https:\/\/www.europesays.com\/sk\/wp-json\/wp\/v2\/media\/110936"}],"wp:attachment":[{"href":"https:\/\/www.europesays.com\/sk\/wp-json\/wp\/v2\/media?parent=110935"}],"wp:term":[{"taxonomy":"category","embeddable":true,"href":"https:\/\/www.europesays.com\/sk\/wp-json\/wp\/v2\/categories?post=110935"},{"taxonomy":"post_tag","embeddable":true,"href":"https:\/\/www.europesays.com\/sk\/wp-json\/wp\/v2\/tags?post=110935"}],"curies":[{"name":"wp","href":"https:\/\/api.w.org\/{rel}","templated":true}]}}