{"id":111798,"date":"2026-06-30T01:13:24","date_gmt":"2026-06-30T01:13:24","guid":{"rendered":"https:\/\/www.europesays.com\/sk\/111798\/"},"modified":"2026-06-30T01:13:24","modified_gmt":"2026-06-30T01:13:24","slug":"slovaka-si-vybrali-po-23-rokoch-som-rad-aky-mali-o-mna-zaujem-hovori-draftovany-obranca","status":"publish","type":"post","link":"https:\/\/www.europesays.com\/sk\/111798\/","title":{"rendered":"Slov\u00e1ka si vybrali po 23 rokoch. Som r\u00e1d, ak\u00fd mali o m\u0148a z\u00e1ujem, hovor\u00ed draftovan\u00fd obranca"},"content":{"rendered":"<p class=\"align-left\">Pred majstrovstvami sveta do 18 rokov by ste ho na\u0161li v jedinom rebr\u00ed\u010dku. Skautsk\u00e1 agent\u00fara McKeen&#8217;s Hockey ho zaradila do 3. kola. Po \u00faspe\u0161nom \u0161ampion\u00e1te? To u\u017e ch\u00fdbal v m\u00e1loktorom.<\/p>\n<p class=\"align-left\">Obranca Jakub Flori\u0161 sa zaradil k \u010fal\u0161\u00edm draftovan\u00fdm Slov\u00e1kom v tohtoro\u010dnom v\u00fdbere talentov do NHL. Zo 106. poz\u00edcie si ho vybral Nashville, jeden z t\u00edmov, ktor\u00fd mal o Flori\u0161a najv\u00e4\u010d\u0161\u00ed z\u00e1ujem.<\/p>\n<p class=\"align-left\">\u201eSom \u0161\u0165astn\u00fd, \u017ee som bol draftovan\u00fd. Som r\u00e1d, \u017ee cel\u00e1 t\u00e1 drina, \u010di u\u017e za cel\u00fd \u017eivot, alebo t\u00fato posledn\u00fa sez\u00f3nu, sa vyplatila. Ve\u013emi ma to te\u0161\u00ed,&#8220; povedal 18-ro\u010dn\u00fd obranca v rozhovore pre n\u00e1\u0161 denn\u00edk.<\/p>\n<p class=\"align-left\">\u201eBol som doma s rodinou, pozerali sme prenos a d\u00fafali, \u017ee si ma vyber\u00fa. Mal som tam viacero klubov, pri ktor\u00fdch som si myslel, \u017ee by ma mohli draftova\u0165, Nashville bol jeden z favoritov. Som za to r\u00e1d.<\/p>\n<p class=\"align-left\">Ako postupne plynul draft, pozeral som si, ak\u00e9 v\u00fdbery m\u00e1 e\u0161te Nashville a kde si ma m\u00f4\u017eu vybra\u0165. Povedal som si, \u017ee z tejto poz\u00edcie (\u010d. 106, pozn.) by to mohlo vyjs\u0165 a tak sa aj stalo. Bol som z toho \u0161\u0165astn\u00fd,&#8220; dodal Flori\u0161.<\/p>\n<p>Po drafte ho \u010dakali n\u00e1ro\u010dn\u00e9 lety<\/p>\n<p class=\"align-left\">Hne\u010f po v\u00fdbere ho priv\u00edtali v organiz\u00e1cii Predators. \u201eVolal mi najprv ich f\u00ednsky skaut a potom \u010desk\u00fd skaut. S n\u00edm sme sa rozpr\u00e1vali, ako v\u0161etko funguje, ko\u013eko trv\u00e1 development kemp, kedy pr\u00eddu letenky a \u010do sa tam bude dia\u0165,&#8220; vrav\u00ed slovensk\u00fd obranca, ktor\u00fd hne\u010f v nede\u013eu r\u00e1no po drafte cestoval do Ameriky, aby bol okolo \u0161iestej ve\u010der tamoj\u0161ieho \u010dasu v Nashville.<\/p>\n<p class=\"align-left\">\u201eRovno prv\u00fd de\u0148 m\u00e1me aj fyzick\u00e9 testy, d\u00fafam, \u017ee mi to nedaj\u00fa hne\u010f spravi\u0165,&#8220; zasmial sa Flori\u0161.<\/p>\n<p class=\"align-left\">V s\u00eddle organiz\u00e1cie Predators \u010dak\u00e1 ich mlad\u00e9 talenty rozvojov\u00fd (development) kemp. Potrv\u00e1 od nedele do piatku. \u201eCel\u00fd t\u00fd\u017ede\u0148 m\u00e1me jeden tr\u00e9ning denne a potom v piatok z\u00e1pas. Dostal som od nich ve\u013ea emailov, \u010do budeme robi\u0165 na kempe s ich tr\u00e9nermi, bud\u00fa tam nutri\u010dn\u00ed \u0161pecialisti. Hlavn\u00fd cie\u013e bude teambuilding a budovanie kolekt\u00edvu,&#8220; vysvet\u013euje Flori\u0161.<\/p>\n<p class=\"align-left\">Medzi n\u00e1dejami Predators nem\u00e1 \u017eiadne zn\u00e1me tv\u00e1re. \u201eZatia\u013e nie, ale pozeral som si p\u00e1r hr\u00e1\u010dov, \u010do bolo tie\u017e draftovan\u00fdch do Nashvillu. Je tam jeden \u010desk\u00fd brank\u00e1r (Jakub Milota, pozn.), d\u00fafam, \u017ee ho stretnem na development kempe. Z Eur\u00f3py tento rok draftovali okrem m\u0148a e\u0161te jedn\u00e9ho \u0160v\u00e9da (Philip Hemmyr), toho asi stretnem v New Yorku, ke\u010f budeme prestupova\u0165 na let do Nashvillu.&#8220;<\/p>\n<p>    <img decoding=\"async\" data-js-image-id=\"019dfc24-5a14-7dd6-a92b-42f3a1aea018\" class=\"img lazyload\" src=\"https:\/\/www.europesays.com\/sk\/wp-content\/uploads\/2026\/05\/019dfc24-5a14-7dd6-a92b-42f3a1aea018.jpg\"  loading=\"lazy\" alt=\"Jakub Flori\u0161 (v\u013eavo) oslavuje g\u00f3l so spoluhr\u00e1\u010dom Oliverom Ozog\u00e1nym.\" width=\"640\" height=\"360\"\/><\/p>\n<p>\n                            Jakub Flori\u0161 (v\u013eavo) oslavuje g\u00f3l so spoluhr\u00e1\u010dom Oliverom Ozog\u00e1nym. (zdroj: IIHF)\n            <\/p>\n<p>Pomohli medzin\u00e1rodn\u00e9 turnaje<\/p>\n<p class=\"align-left\">Na d\u00f4le\u017eit\u00e9 ot\u00e1zky, napr\u00edklad kde bude obranca f\u00ednskeho Lukko Rauma p\u00f4sobi\u0165 v \u010fal\u0161ej sez\u00f3ne, e\u0161te nepri\u0161iel \u010das. \u201eMysl\u00edm si, \u017ee toto sa bude rie\u0161i\u0165 a\u017e po kempe, mo\u017eno po\u010das neho. S gener\u00e1lnym mana\u017e\u00e9rom alebo nejakou vy\u0161\u0161ou autoritou v organiz\u00e1cii som sa e\u0161te nerozpr\u00e1val,&#8220; poznamenal Jakub Flori\u0161.<\/p>\n<p class=\"align-left\">Nashville nepatr\u00ed medzi \u201etradi\u010dn\u00e9&#8220; kluby pre Slov\u00e1kov, v hist\u00f3rii za\u0148 nast\u00fapilo len \u0161es\u0165 slovensk\u00fdch hokejistov. Slov\u00e1kov ani ve\u013emi nedraftuj\u00fa. Posledn\u00fd bol Richard Stehl\u00edk v roku 2003.<\/p>\n<p>            <a class=\"embed-related embed-related--photo flex\" href=\"https:\/\/www.denniksport.sk\/hokej\/c\/jakub-floris-obranca-nhl-draft-ms-do-18-rokov-2026\" rel=\"nofollow noopener\" target=\"_blank\"><\/p>\n<p>                <img decoding=\"async\" data-js-image-id=\"019dfbdb-2763-738b-9fd5-2613865b961e\" class=\"img lazyload\" src=\"https:\/\/www.europesays.com\/sk\/wp-content\/uploads\/2026\/06\/019dfbdb-2763-738b-9fd5-2613865b961e.jpg\"  loading=\"lazy\" alt=\"Slovensk\u00fd obranca zaujal t\u00edmy NHL. \u017dil v hlavnom meste USA, seniorsk\u00fd debut si odbil v N\u00f3rsku\" width=\"640\" height=\"360\"\/><\/p>\n<p>\n                    S\u00favisiaci \u010dl\u00e1nok\n                <\/p>\n<p>\n                    Slovensk\u00fd obranca zaujal t\u00edmy NHL. \u017dil v hlavnom meste USA, seniorsk\u00fd debut si odbil v N\u00f3rsku\n                <\/p>\n<p>\n                    \u010c\u00edtajte viac<\/p>\n<p>        <\/a><\/p>\n<p class=\"align-left\">\u201eKe\u010f som b\u00fdval v Amerike, tak som ich nevn\u00edmal nejako bli\u017e\u0161ie, ale z vec\u00ed, \u010do mi rozpr\u00e1vali, som mal super pocit. Bavili sme sa o tom, ako ma vidia a ako ma chc\u00fa rozv\u00edja\u0165 ako hr\u00e1\u010da. Vedel som, \u017ee ich skaut m\u00e1 o m\u0148a z\u00e1ujem a pozeral si moje z\u00e1pasy. Som r\u00e1d, \u017ee si ma vybral klub, ktor\u00fd mal o m\u0148a tak\u00fdto ve\u013ek\u00fd z\u00e1ujem,&#8220; povedal Jakub Flori\u0161.<\/p>\n<p class=\"align-left\">Celkovo draft dopadol pre Slovensko \u00faspe\u0161ne. Kluby si vybrali a\u017e osem slovensk\u00fdch hokejistov. \u201eMysl\u00edm si, \u017ee \u00e1no. Majstrovstv\u00e1 sveta do 20 rokov pomohli chalanom z ro\u010dn\u00edka 2007, osemn\u00e1stky zase t\u00fdm z n\u00e1s, ktor\u00ed sme boli draftovan\u00ed z n\u00e1\u0161ho ro\u010dn\u00edka 2008. Je vidie\u0165, \u017ee medzin\u00e1rodn\u00e9 turnaje pom\u00e1haj\u00fa k draftov\u00fdm v\u00fdsledkom,&#8220; uzavrela slovensk\u00e1 n\u00e1dej Nashvillu.<\/p>\n<p>        Slov\u00e1ci draftovan\u00ed Nashvillom do NHL<\/p>\n<p class=\"align-left\">1998: Martin Bartek, \u00fa (202. miesto)<\/p>\n<p class=\"align-left\">1999: J\u00e1n La\u0161\u00e1k, b (65.), Miroslav \u010eur\u00e1k, o (220.)<\/p>\n<p class=\"align-left\">2000: Tom\u00e1\u0161 Harant, o (173.)<\/p>\n<p class=\"align-left\">2001: Tom\u00e1\u0161 Slov\u00e1k, o (42.)<\/p>\n<p class=\"align-left\">2003: Richard Stehl\u00edk, o (76.)<\/p>\n<p class=\"align-left\">2026: Jakub Flori\u0161, o (106.)<\/p>\n","protected":false},"excerpt":{"rendered":"Pred majstrovstvami sveta do 18 rokov by ste ho na\u0161li v jedinom rebr\u00ed\u010dku. Skautsk\u00e1 agent\u00fara McKeen&#8217;s Hockey ho&hellip;\n","protected":false},"author":2,"featured_media":63121,"comment_status":"","ping_status":"","sticky":false,"template":"","format":"standard","meta":{"footnotes":"","_share_on_mastodon":"0"},"categories":[32],"tags":[34,37,352,1005,33,24994,43,40,39,42,41,36,38,35],"class_list":["post-111798","post","type-post","status-publish","format-standard","has-post-thumbnail","category-spravy","tag-headlines","tag-hlavne-spravy","tag-hokej","tag-hokej-nhl","tag-news","tag-nhl-draft","tag-sk","tag-slovak","tag-slovakia","tag-slovencina","tag-slovensko","tag-spravy","tag-titulky","tag-top-stories"],"share_on_mastodon":{"url":"https:\/\/pubeurope.com\/@sk\/116836408254191799","error":""},"_links":{"self":[{"href":"https:\/\/www.europesays.com\/sk\/wp-json\/wp\/v2\/posts\/111798","targetHints":{"allow":["GET"]}}],"collection":[{"href":"https:\/\/www.europesays.com\/sk\/wp-json\/wp\/v2\/posts"}],"about":[{"href":"https:\/\/www.europesays.com\/sk\/wp-json\/wp\/v2\/types\/post"}],"author":[{"embeddable":true,"href":"https:\/\/www.europesays.com\/sk\/wp-json\/wp\/v2\/users\/2"}],"replies":[{"embeddable":true,"href":"https:\/\/www.europesays.com\/sk\/wp-json\/wp\/v2\/comments?post=111798"}],"version-history":[{"count":0,"href":"https:\/\/www.europesays.com\/sk\/wp-json\/wp\/v2\/posts\/111798\/revisions"}],"wp:featuredmedia":[{"embeddable":true,"href":"https:\/\/www.europesays.com\/sk\/wp-json\/wp\/v2\/media\/63121"}],"wp:attachment":[{"href":"https:\/\/www.europesays.com\/sk\/wp-json\/wp\/v2\/media?parent=111798"}],"wp:term":[{"taxonomy":"category","embeddable":true,"href":"https:\/\/www.europesays.com\/sk\/wp-json\/wp\/v2\/categories?post=111798"},{"taxonomy":"post_tag","embeddable":true,"href":"https:\/\/www.europesays.com\/sk\/wp-json\/wp\/v2\/tags?post=111798"}],"curies":[{"name":"wp","href":"https:\/\/api.w.org\/{rel}","templated":true}]}}