{"id":111870,"date":"2026-06-30T05:11:05","date_gmt":"2026-06-30T05:11:05","guid":{"rendered":"https:\/\/www.europesays.com\/sk\/111870\/"},"modified":"2026-06-30T05:11:05","modified_gmt":"2026-06-30T05:11:05","slug":"neprijemne-prekvapenie-na-dovolenke-pri-mori-za-sprchu-po-kupani-zaplatite-euro","status":"publish","type":"post","link":"https:\/\/www.europesays.com\/sk\/111870\/","title":{"rendered":"Nepr\u00edjemn\u00e9 prekvapenie na dovolenke pri mori, za sprchu po k\u00fapan\u00ed zaplat\u00edte euro"},"content":{"rendered":"<p>ALMONT &#8211; Dovolenka v slne\u010dnom \u0160panielsku sa m\u00f4\u017ee pre mnoh\u00fdch turistov ne\u010dakane predra\u017ei\u0165 o poplatky, s ktor\u00fdmi doteraz v\u00f4bec nepo\u010d\u00edtali. Na zn\u00e1mej pl\u00e1\u017ei Matalasca\u00f1as v juho\u0161panielskej Andal\u00fazii toti\u017e v r\u00e1mci pilotn\u00e9ho projektu nasadili takzvan\u00e9 inteligentn\u00e9 sprchy. Ak zo seba chcete po k\u00fapan\u00ed v mori zmy\u0165 so\u013e a piesok, mus\u00edte vytiahnu\u0165 pe\u0148a\u017eenku alebo smartf\u00f3n. Novinka v\u0161ak medzi rekreantmi okam\u017eite vyvolala obrovsk\u00fa vlnu kritiky a pob\u00farenia.<\/p>\n<p class=\"MsoNoSpacing\">Nov\u00fd syst\u00e9m vy\u017eaduje, aby n\u00e1v\u0161t\u011bvn\u00edci pl\u00e1\u017ee pred spusten\u00edm vody naskenovali digit\u00e1lny QR k\u00f3d a zaplatili pomocou mobilu. Sprcha s\u00edce funguje aj na klasick\u00e9 mince, no pre turistov skr\u00fdva nepr\u00edjemn\u00fd h\u00e1\u010dik. Automat na vodu toti\u017e z\u00e1sadne nevracia drobn\u00e9. Informuje o\u00a0tom port\u00e1l <a href=\"https:\/\/www.independent.co.uk\/travel\/news-and-advice\/matalascanas-beach-spain-smart-shower-b3002232.html\" target=\"_blank\" rel=\"nofollow noopener\">Independent<\/a>.<\/p>\n<p>Cena za osvie\u017eenie je pritom nastaven\u00e1 poriadne vysoko \u2013 za jedin\u00fa min\u00fatu te\u010d\u00facej vody zaplatia dovolenk\u00e1ri 1 euro. Situ\u00e1ciu navy\u0161e komplikuje fakt, \u017ee na tejto pribli\u017ene \u0161tyri kilometre dlhej pl\u00e1\u017ei ide moment\u00e1lne o jedin\u00fa funk\u010dn\u00fa sprchu, tak\u017ee \u013eudia prakticky nemaj\u00fa na v\u00fdber.<\/p>\n<p>Boj proti plytvaniu vodou verzus hanba pre turizmus<\/p>\n<p>Za cel\u00fdm projektom stoj\u00ed mestsk\u00fd \u00farad v Almonte, ktor\u00fd na syst\u00e9me spolupracoval s lok\u00e1lnym hotelom a dvoma miestnymi in\u017einiermi. Hlavnou motiv\u00e1ciou je pod\u013ea \u00faradov snaha o drastick\u00e9 zn\u00ed\u017eenie spotreby a obmedzenie zbyto\u010dn\u00e9ho plytvania pitnou vodou, s ktor\u00fdm \u0160panielsko v letn\u00fdch mesiacoch pravidelne bojuje. Reakcie verejnosti na soci\u00e1lnych sie\u0165ach \u00a0v\u0161ak na seba nenechali dlho \u010daka\u0165, dovolenk\u00e1ri hovoria o hanbe a\u00a0\u013eudia sa s\u0165a\u017euj\u00fa, \u017ee na susednej pl\u00e1\u017ei Mazagon s\u00fa sprchy norm\u00e1lne zadarmo.<\/p>\n<p>Ak sa testovac\u00ed projekt s platen\u00fdmi sprchami v Andal\u00fazii osved\u010d\u00ed, je ve\u013emi pravdepodobn\u00e9, \u017ee eurov\u00e9 automaty na vodu \u010doskoro zaplavia aj \u010fal\u0161ie popul\u00e1rne letovisk\u00e1.<\/p>\n","protected":false},"excerpt":{"rendered":"ALMONT &#8211; Dovolenka v slne\u010dnom \u0160panielsku sa m\u00f4\u017ee pre mnoh\u00fdch turistov ne\u010dakane predra\u017ei\u0165 o poplatky, s ktor\u00fdmi doteraz&hellip;\n","protected":false},"author":2,"featured_media":111871,"comment_status":"","ping_status":"","sticky":false,"template":"","format":"standard","meta":{"footnotes":"","_share_on_mastodon":"0"},"categories":[32],"tags":[34,37,33,4019,9733,43,40,39,42,41,1698,36,25251,38,35],"class_list":["post-111870","post","type-post","status-publish","format-standard","has-post-thumbnail","category-spravy","tag-headlines","tag-hlavne-spravy","tag-news","tag-plaz","tag-poplatok","tag-sk","tag-slovak","tag-slovakia","tag-slovencina","tag-slovensko","tag-spanielsko","tag-spravy","tag-sprcha","tag-titulky","tag-top-stories"],"share_on_mastodon":{"url":"https:\/\/pubeurope.com\/@sk\/116837343677005645","error":""},"_links":{"self":[{"href":"https:\/\/www.europesays.com\/sk\/wp-json\/wp\/v2\/posts\/111870","targetHints":{"allow":["GET"]}}],"collection":[{"href":"https:\/\/www.europesays.com\/sk\/wp-json\/wp\/v2\/posts"}],"about":[{"href":"https:\/\/www.europesays.com\/sk\/wp-json\/wp\/v2\/types\/post"}],"author":[{"embeddable":true,"href":"https:\/\/www.europesays.com\/sk\/wp-json\/wp\/v2\/users\/2"}],"replies":[{"embeddable":true,"href":"https:\/\/www.europesays.com\/sk\/wp-json\/wp\/v2\/comments?post=111870"}],"version-history":[{"count":0,"href":"https:\/\/www.europesays.com\/sk\/wp-json\/wp\/v2\/posts\/111870\/revisions"}],"wp:featuredmedia":[{"embeddable":true,"href":"https:\/\/www.europesays.com\/sk\/wp-json\/wp\/v2\/media\/111871"}],"wp:attachment":[{"href":"https:\/\/www.europesays.com\/sk\/wp-json\/wp\/v2\/media?parent=111870"}],"wp:term":[{"taxonomy":"category","embeddable":true,"href":"https:\/\/www.europesays.com\/sk\/wp-json\/wp\/v2\/categories?post=111870"},{"taxonomy":"post_tag","embeddable":true,"href":"https:\/\/www.europesays.com\/sk\/wp-json\/wp\/v2\/tags?post=111870"}],"curies":[{"name":"wp","href":"https:\/\/api.w.org\/{rel}","templated":true}]}}