{"id":112369,"date":"2026-06-30T15:03:14","date_gmt":"2026-06-30T15:03:14","guid":{"rendered":"https:\/\/www.europesays.com\/sk\/112369\/"},"modified":"2026-06-30T15:03:14","modified_gmt":"2026-06-30T15:03:14","slug":"z-jazera-na-magistrat-do-boja-o-primatorske-kreslo-v-kosiciach-vstupuje-zena-regiony-spravy","status":"publish","type":"post","link":"https:\/\/www.europesays.com\/sk\/112369\/","title":{"rendered":"Z Jazera na magistr\u00e1t? Do boja o prim\u00e1torsk\u00e9 kreslo v Ko\u0161iciach vstupuje \u017eena &#8211; Regi\u00f3ny &#8211; Spr\u00e1vy"},"content":{"rendered":"<p itemprop=\"description\">\u010eal\u0161ou kandid\u00e1tkou na post prim\u00e1torky metropoly v\u00fdchodu je Lenka Kova\u010devi\u010dov\u00e1. Jednou z jej hlavn\u00fdch prior\u00edt je bezpe\u010dnos\u0165 v meste.  V utorok ohl\u00e1sil kandidat\u00faru aj lobista Miroslav Sabol.<\/p>\n<p>\t\t\t\t\t \t\t\t\tLenka Kova\u010devi\u010dov\u00e1 kandiduje \t\t\t<\/p>\n<p>\t \t\t\t Video \t<\/p>\n<p>\t\t\t\tV utorok 30. j\u00fana ohl\u00e1sila kandidat\u00faru na post prim\u00e1tora Ko\u0161\u00edc starostka mestskej \u010dasti Nad jazerom Lenka Kova\u010devi\u010dov\u00e1. Jej hlavnou prioritou je bezpe\u010dnos\u0165. \t\t\t\t\/\t\t\t\t\t\t\t\t\tZdroj: TV Pravda\/Boris Macko \t\t\t\t\t\t<\/p>\n<p>To, o\u00a0\u010dom sa nieko\u013eko mesiacov \u0161u\u0161kalo, sa napokon aj potvrdilo. Starostka mestskej \u010dasti Nad jazerom Lenka Kova\u010devi\u010dov\u00e1 v\u00a0utorok 30.\u00a0j\u00fana ofici\u00e1lne ohl\u00e1sila svoju kandidat\u00faru na prim\u00e1torku\u00a0Ko\u0161\u00edc.<\/p>\n<p>V\u00a0historickom centre Ko\u0161\u00edc, na Hlavnej ulici pred Urbanovou ve\u017eou, hovorila o\u00a0d\u00f4vodoch svojho rozhodnutia. \u201eNebolo to rozhodnutie z\u00a0ve\u010dera do r\u00e1na. Vznikalo postupne na z\u00e1klade dlhoro\u010dn\u00fdch sk\u00fasenost\u00ed v\u00a0samospr\u00e1ve, podpory mnoh\u00fdch Ko\u0161i\u010danov, ale aj ich opr\u00e1vnenej nespokojnosti s\u00a0t\u00fdm, ako dnes mesto funguje. Nastal \u010das na zmenu,&#8220; uviedla Kova\u010devi\u010dov\u00e1. Jedn\u00fdm z\u00a0hesiel, s\u00a0ktor\u00fdmi vstupuje do kampane, je aj \u201eDos\u0165 bolo neporiadku!\u201c<\/p>\n<p>\t\t\t \t\t\t\t\t\t\t\t<img decoding=\"async\" class=\"lazy article-detail-image\" alt=\"V utorok 30. j\u00fana ohl\u00e1sila kandidat\u00faru na post...\" src=\"https:\/\/www.europesays.com\/sk\/wp-content\/uploads\/2026\/06\/kosice-kandidatura-kovacevicova-komunalne-volby_03-clanokW.jpg\"\/> \t\t\t\t\t\t\t\t\t\t\t \t\t\t\t\t\t\tFoto: Boris Macko \t\t\t\t\t\t\t\t<\/p>\n<p>\t\t\t\t \t\t\t\t\tKandidatura Kovacevicova 3 \t\t\t\t \t\t\t\t\t\t\t\t\tV utorok 30. j\u00fana ohl\u00e1sila kandidat\u00faru na post prim\u00e1torky Ko\u0161\u00edc starostka mestskej \u010dasti Nad jazerom Lenka Kova\u010devi\u010dov\u00e1. Jej hlavnou prioritou je bezpe\u010dnos\u0165. \t\t\t\t\t\t<\/p>\n<p>Medzi hlavn\u00e9 priority zaradila bezpe\u010dnos\u0165 v\u00a0meste. \u201eNechcem poveda\u0165, \u017ee mestsk\u00e1 pol\u00edcia je v\u00a0rozklade, ale potrebuje silnej\u0161ie person\u00e1lne aj technick\u00e9 z\u00e1zemie. Ko\u0161i\u010dania musia ma\u0165 pocit bezpe\u010dia. Bezpe\u010dnos\u0165 bude mojou prioritou \u010d\u00edslo jeden,&#8220; uviedla Kova\u010devi\u010dov\u00e1 s\u00a0t\u00fdm, \u017ee probl\u00e9mom s\u00fa asoci\u00e1li \u010di opilci, ktor\u00ed sa ponevieraj\u00fa po\u00a0meste.<\/p>\n<p>Jedna z\u00a0os\u00e1d zmizne<\/p>\n<p>Dotkla sa aj probl\u00e9mu neleg\u00e1lnych os\u00e1d v\u00a0Ko\u0161iciach. \u201eM\u00e1me ich 13.\u00a0Ko\u013eko ich e\u0161te pribudne? Pravidl\u00e1 musia plati\u0165 pre ka\u017ed\u00e9ho rovnako. Mesto nem\u00f4\u017ee \u010falej tolerova\u0165 vznik neleg\u00e1lnych os\u00e1d. Budeme presadzova\u0165 z\u00e1konn\u00e9 rie\u0161enia, ktor\u00e9 prines\u00fa poriadok, ale z\u00e1rove\u0148 aj d\u00f4stojn\u00e9 podmienky na \u017eivot,&#8220; dodala Kova\u010devi\u010dov\u00e1. Z\u00e1rove\u0148 avizovala, \u017ee 17.\u00a0j\u00fala d\u00f4jde k\u00a0zb\u00faraniu neleg\u00e1lnej osady v\u00a0mestskej \u010dasti Nad jazerom za obchodn\u00fdm re\u0165azcom.<\/p>\n<p>\t\t\t\t\t\t\t\t\t\t\t<a href=\"https:\/\/spravy.pravda.sk\/fotogaleria\/89265-kandidatura-lenka-kovacevicova\/\" rel=\"nofollow noopener\" target=\"_blank\">Kandidat\u00fara Lenka Kova\u010devi\u010dov\u00e1<\/a> \t\t\t\t\t\t<\/p>\n<p class=\"article-detail-body-galeria-description\">V utorok 30. j\u00fana ohl\u00e1sila kandidat\u00faru na post prim\u00e1torky Ko\u0161\u00edc starostka mestskej \u010dasti Nad jazerom Lenka Kova\u010devi\u010dov\u00e1. Jej hlavnou prioritou je bezpe\u010dnos\u0165.<\/p>\n<p>\t\t<a href=\"https:\/\/spravy.pravda.sk\/fotogaleria\/89265-kandidatura-lenka-kovacevicova\/#1\" rel=\"nofollow noopener\" target=\"_blank\"><img decoding=\"async\" class=\"lazy\" alt=\"V utorok 30. j\u00fana ohl\u00e1sila kandidat\u00faru na post...\" src=\"https:\/\/www.europesays.com\/sk\/wp-content\/uploads\/2026\/06\/kosice-kandidatura-kovacevicova-komunalne-volby_05-strednaW.jpg\"\/><\/a><\/p>\n<p>\t\t<a href=\"https:\/\/spravy.pravda.sk\/fotogaleria\/89265-kandidatura-lenka-kovacevicova\/#2\" rel=\"nofollow noopener\" target=\"_blank\"><img decoding=\"async\" class=\"lazy\" alt=\"V utorok 30. j\u00fana ohl\u00e1sila kandidat\u00faru na post...\" src=\"https:\/\/www.europesays.com\/sk\/wp-content\/uploads\/2026\/06\/kosice-kandidatura-kovacevicova-komunalne-volby_04-malaW.jpg\"\/><\/a><\/p>\n<p>Potvrdila, \u017ee na rie\u0161en\u00ed situ\u00e1cie t\u00fdkaj\u00facej sa osady pracovala dlh\u0161\u00ed \u010das. Spolupracovala pritom aj so \u0161t\u00e1tnymi org\u00e1nmi, samospr\u00e1vami a mimovl\u00e1dnymi organiz\u00e1ciami. \u201eNep\u00f4jde len o\u00a0zb\u00faranie osady, ale aj o\u00a0rie\u0161enie osudu \u013eud\u00ed, ktor\u00ed tam b\u00fdvaj\u00fa. Mnoh\u00ed u\u017e maj\u00fa pr\u00e1cu, n\u00e1vyky a chc\u00fa zmeni\u0165 sp\u00f4sob \u017eivota. Ur\u010dite neprehod\u00edme probl\u00e9m na plecia in\u00fdch samospr\u00e1v,&#8220; spresnila Kova\u010devi\u010dov\u00e1. Dodala, \u017ee \u013eudia z\u00a0osady si u\u017e vlastn\u00fdmi silami zabezpe\u010dovali b\u00fdvanie. Nekonkretizovala v\u0161ak,\u00a0kde.<\/p>\n<p>Za \u010fal\u0161ie priority pova\u017euje rie\u0161enie parkovacej politiky, rozvoj cyklistickej infra\u0161trukt\u00fary a vytv\u00e1ranie pr\u00edle\u017eitost\u00ed pre mlad\u00fdch \u013eud\u00ed, rodiny s\u00a0de\u0165mi a seniorov. Zd\u00f4raznila, \u017ee jej cie\u013eom je aj to, aby mlad\u00ed \u013eudia neutekali z\u00a0mesta za pr\u00edle\u017eitos\u0165ami. Tr\u00e1pi ju tie\u017e odchod Ko\u0161i\u010danov do okolit\u00fdch\u00a0obc\u00ed.<\/p>\n<p>\t\t\t \t\t\t\t\t\t\t\t<img decoding=\"async\" class=\"lazy article-detail-image\" alt=\"V utorok 30. j\u00fana ohl\u00e1sila kandidat\u00faru na post...\" src=\"https:\/\/www.europesays.com\/sk\/wp-content\/uploads\/2026\/06\/kosice-kandidatura-kovacevicova-komunalne-volby_01-clanokW.jpg\"\/> \t\t\t\t\t\t\t\t\t\t\t \t\t\t\t\t\t\tFoto: Boris Macko \t\t\t\t\t\t\t\t<\/p>\n<p>\t\t\t\t \t\t\t\t\tKandidatura Kovacevicova 5 \t\t\t\t \t\t\t\t\t\t\t\t\tV utorok 30. j\u00fana ohl\u00e1sila kandidat\u00faru na post prim\u00e1torky Ko\u0161\u00edc starostka mestskej \u010dasti Nad jazerom Lenka Kova\u010devi\u010dov\u00e1. Jej hlavnou prioritou je bezpe\u010dnos\u0165. \t\t\t\t\t\t<\/p>\n<p>Predstavila aj svoj T\u00edm Ko\u0161ice, v\u00a0ktorom s\u00fa aj niektor\u00ed starostovia a poslanci, a to nielen z\u00a0metropoly v\u00fdchodu. Komun\u00e1lne vo\u013eby s\u00fa vyhl\u00e1sen\u00e9 na 24.\u00a0okt\u00f3bra 2026.\u00a0Ko\u0161ice maj\u00fa zatia\u013e \u0161tyroch kandid\u00e1tov na prim\u00e1tora. Ako prv\u00fd kandidat\u00faru ohl\u00e1sil Martin Mudr\u00e1k za PS, nasledoval starosta mestskej \u010dasti KVP Ladislav L\u00f6rinc za Ko\u0161ick\u00fa stranu, s\u00fa\u010dasn\u00fd prim\u00e1tor Jaroslav Pola\u010dek s\u00a0podporou SaS, KDH, Ma\u010farskej aliancie, Strany r\u00f3mskej koal\u00edcie a DS-ODS a najnov\u0161ie aj Lenka Kova\u010devi\u010dov\u00e1.<\/p>\n<p>Lobista nekandiduje z\u00a0limuz\u00edny<\/p>\n<p>V\u00a0utorok ohl\u00e1sil kandidat\u00faru aj Miroslav Sabol. Do boja o\u00a0prim\u00e1torsk\u00e9 kreslo ide ako nez\u00e1visl\u00fd kandid\u00e1t. V\u00a0najbli\u017e\u0161\u00edch d\u0148och za\u010dne so zberom podpisov od obyvate\u013eov mesta. Ako odborn\u00edk na verejn\u00e9 financie a eur\u00f3pske pr\u00e1vo po rokoch anal\u00fdz mestsk\u00fdch rozpo\u010dtov a zml\u00fav prich\u00e1dza s\u00a0ponukou syst\u00e9mov\u00fdch rie\u0161en\u00ed. Novin\u00e1rom z\u00e1rove\u0148 spr\u00edstup\u0148uje svoje anal\u00fdzy a blogy o\u00a0fungovan\u00ed samospr\u00e1vy.<\/p>\n<p>\u201eKo\u0161ice dnes nepotrebuj\u00fa \u010fal\u0161ie politick\u00e9 spory, ale kr\u00edzov\u00fd mana\u017ement zalo\u017een\u00fd na tvrd\u00fdch d\u00e1tach. Moje zistenia z\u00a0anal\u00fdz, ktor\u00e9 som post\u00fapil slovensk\u00fdm kontroln\u00fdm org\u00e1nom aj eur\u00f3pskym in\u0161tit\u00faci\u00e1m, jasne ukazuj\u00fa, \u017ee mesto m\u00e1 obrovsk\u00e9 finan\u010dn\u00e9 rezervy. Kandidujem preto, aby som tieto peniaze vr\u00e1til sp\u00e4\u0165 do rozvoja Ko\u0161\u00edc a slu\u017eieb pre obyvate\u013eov,\u201c vyhl\u00e1sil\u00a0Sabol.<\/p>\n<p>\t\t\t \t\t\t\t\t\t\t\t<img decoding=\"async\" class=\"lazy article-detail-image\" alt=\"V utorok ohl\u00e1sil kandidat\u00faru na post prim\u00e1tora...\" src=\"https:\/\/www.europesays.com\/sk\/wp-content\/uploads\/2026\/06\/kosice-primator-volby-kandidatura-sabol-clanokW.jpg\"\/> \t\t\t\t\t\t\t\t\t\t\t \t\t\t\t\t\t\tFoto: Miroslav Sabol \t\t\t\t\t\t\t\t<\/p>\n<p>\t\t\t\t \t\t\t\t\tSabol kandidat na primatora \t\t\t\t \t\t\t\t\t\t\t\t\tV utorok ohl\u00e1sil kandidat\u00faru na post prim\u00e1tora aj nez\u00e1visl\u00fd kandid\u00e1t a lobista Miroslav Sabol. \t\t\t\t\t\t<\/p>\n<p>Sabol zd\u00f4raz\u0148uje, \u017ee rie\u0161enia chce prin\u00e1\u0161a\u0165 v\u00a0neust\u00e1lom kontakte s\u00a0realitou obyvate\u013eov. \u201eNekandidujem z\u00a0limuz\u00edny. Som be\u017en\u00fd ob\u010dan, ktor\u00fd denne cestuje ko\u0161ickou MHD, kde s\u00a0obyvate\u013emi pravidelne preber\u00e1m ich re\u00e1lne probl\u00e9my. Ako ofici\u00e1lny registrovan\u00fd konzultant pri OSN a lobista na \u00farovni E\u00da navy\u0161e ob\u010danom pon\u00fakam unik\u00e1tny n\u00e1stroj. Na z\u00e1klade eur\u00f3pskych smern\u00edc m\u00f4\u017eem v\u00a0ich mene pod\u00e1va\u0165 podnety priamo do Bruselu so zaru\u010denou stopercentnou anonymitou. T\u00fdmto chcem poskytn\u00fa\u0165 bezpe\u010dn\u00fd pr\u00e1vny \u0161t\u00edt ka\u017ed\u00e9mu Ko\u0161i\u010danovi, ktor\u00fd chce pouk\u00e1za\u0165 na nehospod\u00e1rnos\u0165, no boj\u00ed sa zbyto\u010dn\u00fdch represi\u00ed,&#8220; uzavrel\u00a0Sabol.<\/p>\n","protected":false},"excerpt":{"rendered":"\u010eal\u0161ou kandid\u00e1tkou na post prim\u00e1torky metropoly v\u00fdchodu je Lenka Kova\u010devi\u010dov\u00e1. Jednou z jej hlavn\u00fdch prior\u00edt je bezpe\u010dnos\u0165 v&hellip;\n","protected":false},"author":2,"featured_media":112370,"comment_status":"","ping_status":"","sticky":false,"template":"","format":"standard","meta":{"footnotes":"","_share_on_mastodon":"0"},"categories":[22],"tags":[5537,28006,1693,137,37610,37609,18270,4531,29666,1746,3378,43,40,39,42,41,24351,1750,17218],"class_list":["post-112369","post","type-post","status-publish","format-standard","has-post-thumbnail","category-kosice","tag-boja","tag-jazera","tag-komunalne-volby","tag-kosice","tag-kovacevicova","tag-kreslo","tag-lenka","tag-magistrat","tag-primatorka","tag-primatorske","tag-regiony","tag-sk","tag-slovak","tag-slovakia","tag-slovencina","tag-slovensko","tag-starostka","tag-volby","tag-vstupuje"],"share_on_mastodon":{"url":"https:\/\/pubeurope.com\/@sk\/116839672118348050","error":""},"_links":{"self":[{"href":"https:\/\/www.europesays.com\/sk\/wp-json\/wp\/v2\/posts\/112369","targetHints":{"allow":["GET"]}}],"collection":[{"href":"https:\/\/www.europesays.com\/sk\/wp-json\/wp\/v2\/posts"}],"about":[{"href":"https:\/\/www.europesays.com\/sk\/wp-json\/wp\/v2\/types\/post"}],"author":[{"embeddable":true,"href":"https:\/\/www.europesays.com\/sk\/wp-json\/wp\/v2\/users\/2"}],"replies":[{"embeddable":true,"href":"https:\/\/www.europesays.com\/sk\/wp-json\/wp\/v2\/comments?post=112369"}],"version-history":[{"count":0,"href":"https:\/\/www.europesays.com\/sk\/wp-json\/wp\/v2\/posts\/112369\/revisions"}],"wp:featuredmedia":[{"embeddable":true,"href":"https:\/\/www.europesays.com\/sk\/wp-json\/wp\/v2\/media\/112370"}],"wp:attachment":[{"href":"https:\/\/www.europesays.com\/sk\/wp-json\/wp\/v2\/media?parent=112369"}],"wp:term":[{"taxonomy":"category","embeddable":true,"href":"https:\/\/www.europesays.com\/sk\/wp-json\/wp\/v2\/categories?post=112369"},{"taxonomy":"post_tag","embeddable":true,"href":"https:\/\/www.europesays.com\/sk\/wp-json\/wp\/v2\/tags?post=112369"}],"curies":[{"name":"wp","href":"https:\/\/api.w.org\/{rel}","templated":true}]}}