{"id":114148,"date":"2026-07-02T14:22:09","date_gmt":"2026-07-02T14:22:09","guid":{"rendered":"https:\/\/www.europesays.com\/sk\/114148\/"},"modified":"2026-07-02T14:22:09","modified_gmt":"2026-07-02T14:22:09","slug":"policajti-v-bratislave-ziskaju-zlavu-rocny-listok-na-mhd-budu-mat-za-polovicu","status":"publish","type":"post","link":"https:\/\/www.europesays.com\/sk\/114148\/","title":{"rendered":"Policajti v Bratislave z\u00edskaj\u00fa z\u013eavu: Ro\u010dn\u00fd l\u00edstok na MHD bud\u00fa ma\u0165 za polovicu"},"content":{"rendered":"<p>\t\t\t\t\t\t\t<img decoding=\"async\" src=\"https:\/\/www.europesays.com\/sk\/wp-content\/uploads\/2026\/07\/8-10012022-dpb-nove-autobusy-mhd-bratislava834833-e1746785902539.jpg\" alt=\"Ilustra\u010dn\u00e9 foto.Zdroj: TASR\" style=\"aspect-ratio: 1.33;object-fit: cover; display:inline; width: 100%;\" fetchpriority=\"high\"\/><\/p>\n<p>\t\t\t\t\tIlustra\u010dn\u00e9 foto.Zdroj: TASR<\/p>\n<p>\t\t<img decoding=\"async\" src=\"https:\/\/www.europesays.com\/sk\/wp-content\/uploads\/2026\/07\/1783002129_67_author-default.jpg\" aria-label=\"Autor\"\/><\/p>\n<p>Policajti vykon\u00e1vaj\u00faci slu\u017ebu na \u00fazem\u00ed hlavn\u00e9ho mesta bud\u00fa m\u00f4c\u0165 vyu\u017e\u00edva\u0165 mestsk\u00fa hromadn\u00fa dopravu (MHD) za polovi\u010dn\u00e9 ro\u010dn\u00e9 cestovn\u00e9. Vypl\u00fdva to z dodatku k dohode Ministerstva vn\u00fatra (MV) SR a Dopravn\u00e9ho podniku Bratislava (DPB). TASR o tom informovali z odboru strategickej komunik\u00e1cie Kancel\u00e1rie ministra vn\u00fatra SR.<\/p>\n<p>Dohoda sa dosia\u013e t\u00fdkala len zlo\u017eiek Krajsk\u00e9ho riadite\u013estva Policajn\u00e9ho zboru (PZ) Bratislave. \u201eOd 1. j\u00fala 2026 sa vz\u0165ahuje aj na ostatn\u00e9 \u00fatvary so s\u00eddlom v Bratislave \u2013 Prez\u00eddium PZ, \u00darad in\u0161pek\u010dnej slu\u017eby, \u00darad ochrany \u00fastavn\u00fdch \u010dinite\u013eov \u010di policajtov slu\u017eobne zaraden\u00fdch na pracovisk\u00e1 ministerstva vn\u00fatra,\u201c doplnili z odboru strategickej komunik\u00e1cie.<\/p>\n<p>Ako pribl\u00ed\u017eili, pre vyu\u017e\u00edvanie zliav si policajti bud\u00fa po novom kupova\u0165 z\u00e1kladn\u00fd ro\u010dn\u00fd predplatn\u00fd cestovn\u00fd l\u00edstok pre tarifn\u00e9 z\u00f3ny 100 a 101, a to \u0161tandardne formou z\u00e1pisu na bezkontaktn\u00fa \u010dipov\u00fa kartu na predajn\u00fdch miestach DPB. Pripomenuli, \u017ee pri zria\u010fovan\u00ed \u010dipovej karty je potrebn\u00e9 predlo\u017ei\u0165 ob\u010diansky preukaz, slu\u017eobn\u00fd preukaz a potvrdenie o trvan\u00ed slu\u017eobn\u00e9ho pomeru nie star\u0161ie ako 30 dn\u00ed, ktor\u00e9 im vyd\u00e1 pr\u00edslu\u0161n\u00e9 person\u00e1lne pracovisko.<\/p>\n<p>Mohlo by v\u00e1s zauj\u00edma\u0165:<\/p>\n<p>Reklama<\/p>\n<p> div {<br \/>\ntext-align: left;<br \/>\nfont-size: 12px;<br \/>\ncolor: #6f6f6f;<br \/>\n}<\/p>\n<p>#onnetwork-banner > div:first-child {<br \/>\ntext-align: left;<br \/>\nfont-weight: 700;<br \/>\npadding-bottom: 5px;<br \/>\nfont-size: 14px;<br \/>\ncolor: #000000;<br \/>\n}<\/p>\n<p>]]><\/p>\n<p>\u201ePo\u010das kontroly cestovn\u00fdch dokladov rev\u00edzormi dopravn\u00e9ho podniku sa bude policajt preukazova\u0165 predplatn\u00fdm cestovn\u00fdm a slu\u017eobn\u00fdm preukazom,\u201c podotkli.<\/p>\n<p>Z odboru strategickej komunik\u00e1cie dodali, \u017ee v zmysle prepravn\u00e9ho poriadku DPB je s\u00fa\u010dasn\u00e1 cena o 50 percent z\u013eavnen\u00e9ho ro\u010dn\u00e9ho predplatn\u00e9ho l\u00edstka 131,50 eur. Dosia\u013e vyd\u00e1van\u00e9 preukazy na z\u013eavy pre policajtov zaraden\u00fdch na KR PZ v Bratislave zost\u00e1vaj\u00fa pod\u013ea nich v platnosti do 30. septembra tohto roka.<\/p>\n<p class=\"tags\">Viac o t\u00e9me: <a href=\"https:\/\/regiony.zoznam.sk\/tag\/bezpecnost\/\" rel=\"nofollow noopener\" target=\"_blank\">bezpe\u010dnos\u0165<\/a>, <a href=\"https:\/\/regiony.zoznam.sk\/tag\/bratislava\/\" rel=\"nofollow noopener\" target=\"_blank\">Bratislava<\/a>, <a href=\"https:\/\/regiony.zoznam.sk\/tag\/dopravny-podnik-bratislava\/\" rel=\"nofollow noopener\" target=\"_blank\">Dopravn\u00fd podnik Bratislava<\/a>, <a href=\"https:\/\/regiony.zoznam.sk\/tag\/mestska-hromadna-doprava\/\" rel=\"nofollow noopener\" target=\"_blank\">mestsk\u00e1 hromadn\u00e1 doprava<\/a>, <a href=\"https:\/\/regiony.zoznam.sk\/tag\/ministerstvo-vnutra-sr\/\" rel=\"nofollow noopener\" target=\"_blank\">Ministerstvo vn\u00fatra SR<\/a>, <a href=\"https:\/\/regiony.zoznam.sk\/tag\/policajti\/\" rel=\"nofollow noopener\" target=\"_blank\">policajti<\/a>, <a href=\"https:\/\/regiony.zoznam.sk\/tag\/uspory\/\" rel=\"nofollow noopener\" target=\"_blank\">\u00faspory<\/a>, <a href=\"https:\/\/regiony.zoznam.sk\/tag\/verejna-doprava\/\" rel=\"nofollow noopener\" target=\"_blank\">verejn\u00e1 doprava<\/a><\/p>\n<p>\t\tKoment\u00e1re k \u010dl\u00e1nku<\/p>\n<p>Moment\u00e1lne nie je pridan\u00fd \u017eiadny koment\u00e1r<\/p>\n","protected":false},"excerpt":{"rendered":"Ilustra\u010dn\u00e9 foto.Zdroj: TASR Policajti vykon\u00e1vaj\u00faci slu\u017ebu na \u00fazem\u00ed hlavn\u00e9ho mesta bud\u00fa m\u00f4c\u0165 vyu\u017e\u00edva\u0165 mestsk\u00fa hromadn\u00fa dopravu (MHD) za&hellip;\n","protected":false},"author":2,"featured_media":114149,"comment_status":"","ping_status":"","sticky":false,"template":"","format":"standard","meta":{"footnotes":"","_share_on_mastodon":"0"},"categories":[21],"tags":[503,136,7358,3685,5171,7303,43,40,39,42,41,1439,1717],"class_list":["post-114148","post","type-post","status-publish","format-standard","has-post-thumbnail","category-bratislava","tag-bezpecnost","tag-bratislava","tag-dopravny-podnik-bratislava","tag-mestska-hromadna-doprava","tag-ministerstvo-vnutra-sr","tag-policajti","tag-sk","tag-slovak","tag-slovakia","tag-slovencina","tag-slovensko","tag-uspory","tag-verejna-doprava"],"share_on_mastodon":{"url":"https:\/\/pubeurope.com\/@sk\/116850835245898811","error":""},"_links":{"self":[{"href":"https:\/\/www.europesays.com\/sk\/wp-json\/wp\/v2\/posts\/114148","targetHints":{"allow":["GET"]}}],"collection":[{"href":"https:\/\/www.europesays.com\/sk\/wp-json\/wp\/v2\/posts"}],"about":[{"href":"https:\/\/www.europesays.com\/sk\/wp-json\/wp\/v2\/types\/post"}],"author":[{"embeddable":true,"href":"https:\/\/www.europesays.com\/sk\/wp-json\/wp\/v2\/users\/2"}],"replies":[{"embeddable":true,"href":"https:\/\/www.europesays.com\/sk\/wp-json\/wp\/v2\/comments?post=114148"}],"version-history":[{"count":0,"href":"https:\/\/www.europesays.com\/sk\/wp-json\/wp\/v2\/posts\/114148\/revisions"}],"wp:featuredmedia":[{"embeddable":true,"href":"https:\/\/www.europesays.com\/sk\/wp-json\/wp\/v2\/media\/114149"}],"wp:attachment":[{"href":"https:\/\/www.europesays.com\/sk\/wp-json\/wp\/v2\/media?parent=114148"}],"wp:term":[{"taxonomy":"category","embeddable":true,"href":"https:\/\/www.europesays.com\/sk\/wp-json\/wp\/v2\/categories?post=114148"},{"taxonomy":"post_tag","embeddable":true,"href":"https:\/\/www.europesays.com\/sk\/wp-json\/wp\/v2\/tags?post=114148"}],"curies":[{"name":"wp","href":"https:\/\/api.w.org\/{rel}","templated":true}]}}