{"id":114220,"date":"2026-07-02T15:47:06","date_gmt":"2026-07-02T15:47:06","guid":{"rendered":"https:\/\/www.europesays.com\/sk\/114220\/"},"modified":"2026-07-02T15:47:06","modified_gmt":"2026-07-02T15:47:06","slug":"zahadne-zmiznutie-lovca-motylov-hladali-ho-celu-noc-neuverite-kde-ho-nasli","status":"publish","type":"post","link":"https:\/\/www.europesays.com\/sk\/114220\/","title":{"rendered":"Z\u00c1HADN\u00c9 zmiznutie lovca mot\u00fd\u013eov: H\u013eadali ho cel\u00fa noc, neuver\u00edte, kde ho na\u0161li"},"content":{"rendered":"<p>MALACKY &#8211; Pol\u00edcia v Malack\u00e1ch p\u00e1trala cel\u00fa noc z utorka na stredu po 57\u2011ro\u010dnom mu\u017eovi, ktor\u00fd sa stratil v lesoch na Z\u00e1hor\u00ed pri fotografovan\u00ed mot\u00fd\u013eov. Ke\u010f sa neobjavil na dohodnutom mieste a kamar\u00e1t nahl\u00e1sil jeho nezvestnos\u0165, rozbehla sa rozsiahla akcia s psovodmi aj dronom s termov\u00edziou. Mu\u017ea nakoniec na\u0161li a\u017e r\u00e1no v Pova\u017eskej Bystrici \u2013 po hodin\u00e1ch bl\u00fadenia vy\u0161iel z lesa pri Studienke a domov sa dostal autobusom a vlakom.<\/p>\n<p data-olk-copy-source=\"MessageBody\">Policajti Okresn\u00e9ho riadite\u013estva PZ v\u00a0Malack\u00e1ch prijali v\u00a0utorok (30. 6.) kr\u00e1tko pred 21.00 h ozn\u00e1menie o\u00a0nezvestnosti 57-ro\u010dn\u00e9ho mu\u017ea, ktor\u00fd sa\u00a0so svoj\u00edm kamar\u00e1tom vybral v\u00a0popolud\u0148aj\u0161\u00edch hodin\u00e1ch do lesov na Z\u00e1hor\u00ed fotografova\u0165 mot\u00fdle. &#8222;Mu\u017ei sa v\u00a0lese rozdelili, a\u00a0ke\u010f sa v\u00a0dohodnutom \u010dase a\u00a0na dohodnutom mieste spolu nestretli, druh\u00fd mu\u017e ozn\u00e1mil jeho nezvestnos\u0165 na \u010d\u00edsle 158,&#8220; pribli\u017euje Szeiff.<\/p>\n<p>Pod\u013ea policajn\u00e9ho hovorcu vzniklo podozrenie, \u017ee mu\u017e m\u00f4\u017ee by\u0165 zranen\u00fd alebo v ohrozen\u00ed \u017eivota, ke\u010f\u017ee ter\u00e9n lokality nepoznal. Policajti preto okam\u017eite rozbehli rozsiahlu p\u00e1traciu akciu, do ktorej sa zapojili hliadky obvodn\u00fdch oddelen\u00ed, policajn\u00ed psovodi aj policajn\u00fd dron s termov\u00edziou. P\u00e1tranie trvalo cel\u00fa noc a\u017e do skor\u00fdch rann\u00fdch hod\u00edn nasleduj\u00faceho d\u0148a.<\/p>\n<p>Lovec mot\u00fd\u013eov zmizol v lese, po\u010das p\u00e1tracej akcie ho h\u013eadali aj s pomocou dronu s termov\u00edziou\t\t(Zdroj: Facebook\/Pol\u00edcia SR &#8211; Bratislavsk\u00fd kraj)\t<\/p>\n<p>&#8222;Kr\u00e1tko po 08.00 h prijali policajti inform\u00e1ciu od kolegov z\u00a0Pova\u017eskej Bystrice, ktor\u00ed v\u00a0r\u00e1mci p\u00e1trania po nezvestnom nav\u0161t\u00edvili aj dom jeho matky, v\u00a0ktorom na\u0161li nezvestn\u00e9ho mu\u017ea. Ten policajtom uviedol \u017ee po tom, ako sa stratil v\u00a0lese stratil aj mobiln\u00fd telef\u00f3n, vy\u0161iel po nieko\u013ek\u00fdch hodin\u00e1ch z\u00a0lesa v\u00a0bl\u00edzkosti obce Studienka a\u00a0n\u00e1sledne sa autobusom a\u00a0vlakom dopravil a\u017e do miesta bydliska v\u00a0Pova\u017eskej Bystrici. Mobiln\u00fd telef\u00f3n mal mu\u017e strati\u0165 po\u010das bl\u00fadenia po lese,&#8220; dod\u00e1va\u00a0policajn\u00fd hovorca\u00a0k pr\u00edpadu, ktor\u00fd mal \u0161\u0165astn\u00fd koniec.<\/p>\n<p>Odpor\u00fa\u010dania pol\u00edcie<\/p>\n<p>V\u00a0p\u00f4sobnosti \u00fatvarov Krajsk\u00e9ho riadite\u013estva PZ v\u00a0Bratislave eviduj\u00fa pod\u013ea Szeiffa doposia\u013e za obdobie roka 2026 celkovo 183 vyhl\u00e1sen\u00fdch p\u00e1tran\u00ed po nezvestn\u00fdch osob\u00e1ch, pri\u010dom \u00faspe\u0161nos\u0165 vyp\u00e1trania z\u00a0uveden\u00e9ho po\u010dtu predstavuje 90,16 %. Dop\u013a\u0148a, \u017ee policajti realizuj\u00fa p\u00e1tracie na \u00fazem\u00ed bratislavsk\u00e9ho kraja takmer na dennej b\u00e1ze.<\/p>\n<p>&#8222;V\u00a0nadv\u00e4znosti na vy\u0161\u0161ie uveden\u00fd pr\u00edpad ob\u010danom odpor\u00fa\u010dame, aby v\u00a0pr\u00edpade ak nadobudn\u00fa podozrenie o\u00a0nezvestnosti bl\u00edzkych os\u00f4b, aby ho bezodkladne ozn\u00e1mili pol\u00edcii na bezplatnom \u010d\u00edsle 158 ako aj osobne na \u013eubovo\u013enom oddelen\u00ed PZ,&#8220; vyz\u00fdva pol\u00edcia. Rovnako odpor\u00fa\u010da, aby v\u00a0pr\u00edpade ak sa stratia, tak ako mu\u017e vo vy\u0161\u0161ie uvedenom pr\u00edpade, a\u00a0nedostavia sa na dohodnut\u00e9 miesto, aby kontaktovali svojich bl\u00edzkych, rodinn\u00fdch pr\u00edbuzn\u00fdch alebo kamar\u00e1tov, pr\u00edpadne t\u00fato skuto\u010dnos\u0165 ozn\u00e1mili na bezplatnom \u010d\u00edsle pol\u00edcie 158, alebo oslovili cudz\u00edch \u013eud\u00ed a\u00a0po\u017eiadali ich o\u00a0pomoc.<\/p>\n","protected":false},"excerpt":{"rendered":"MALACKY &#8211; Pol\u00edcia v Malack\u00e1ch p\u00e1trala cel\u00fa noc z utorka na stredu po 57\u2011ro\u010dnom mu\u017eovi, ktor\u00fd sa stratil&hellip;\n","protected":false},"author":2,"featured_media":114221,"comment_status":"","ping_status":"","sticky":false,"template":"","format":"standard","meta":{"footnotes":"","_share_on_mastodon":"0"},"categories":[32],"tags":[34,37,38032,33,453,43,40,39,42,41,36,38,35,1088],"class_list":["post-114220","post","type-post","status-publish","format-standard","has-post-thumbnail","category-spravy","tag-headlines","tag-hlavne-spravy","tag-lovec-motylov","tag-news","tag-patranie","tag-sk","tag-slovak","tag-slovakia","tag-slovencina","tag-slovensko","tag-spravy","tag-titulky","tag-top-stories","tag-zahorie"],"share_on_mastodon":{"url":"https:\/\/pubeurope.com\/@sk\/116851169200827194","error":""},"_links":{"self":[{"href":"https:\/\/www.europesays.com\/sk\/wp-json\/wp\/v2\/posts\/114220","targetHints":{"allow":["GET"]}}],"collection":[{"href":"https:\/\/www.europesays.com\/sk\/wp-json\/wp\/v2\/posts"}],"about":[{"href":"https:\/\/www.europesays.com\/sk\/wp-json\/wp\/v2\/types\/post"}],"author":[{"embeddable":true,"href":"https:\/\/www.europesays.com\/sk\/wp-json\/wp\/v2\/users\/2"}],"replies":[{"embeddable":true,"href":"https:\/\/www.europesays.com\/sk\/wp-json\/wp\/v2\/comments?post=114220"}],"version-history":[{"count":0,"href":"https:\/\/www.europesays.com\/sk\/wp-json\/wp\/v2\/posts\/114220\/revisions"}],"wp:featuredmedia":[{"embeddable":true,"href":"https:\/\/www.europesays.com\/sk\/wp-json\/wp\/v2\/media\/114221"}],"wp:attachment":[{"href":"https:\/\/www.europesays.com\/sk\/wp-json\/wp\/v2\/media?parent=114220"}],"wp:term":[{"taxonomy":"category","embeddable":true,"href":"https:\/\/www.europesays.com\/sk\/wp-json\/wp\/v2\/categories?post=114220"},{"taxonomy":"post_tag","embeddable":true,"href":"https:\/\/www.europesays.com\/sk\/wp-json\/wp\/v2\/tags?post=114220"}],"curies":[{"name":"wp","href":"https:\/\/api.w.org\/{rel}","templated":true}]}}