{"id":114638,"date":"2026-07-03T07:13:09","date_gmt":"2026-07-03T07:13:09","guid":{"rendered":"https:\/\/www.europesays.com\/sk\/114638\/"},"modified":"2026-07-03T07:13:09","modified_gmt":"2026-07-03T07:13:09","slug":"parlamentne-volby-by-v-juni-vyhralo-ps-pred-smerom-tretia-je-republika","status":"publish","type":"post","link":"https:\/\/www.europesays.com\/sk\/114638\/","title":{"rendered":"Parlamentn\u00e9 vo\u013eby by v j\u00fani vyhralo PS pred Smerom, tretia je Republika"},"content":{"rendered":"<p>Ilustra\u010dn\u00e9 foto\t\t\t\t\t\t(Zdroj: TASR\/Pavol Zachar, SITA\/Nicolas Tucat\/Pool Photo via AP, Topky\/Vlado Anjel)\t\t\t\t\t<\/p>\n<p>BRATISLAVA &#8211; Parlamentn\u00e9 vo\u013eby by v j\u00fani vyhralo Progres\u00edvne Slovensko so ziskom 18,1 percenta hlasov. Na druhom mieste by skon\u010dil Smer-SD so ziskom 17,7 percenta. Tretia by bola Republika s 11,6 percenta. Vypl\u00fdva to z prieskumu volebn\u00fdch preferenci\u00ed agent\u00fary Focus pre port\u00e1l 360tka.<\/p>\n<p>Na \u0161tvrtom mieste v prieskume skon\u010dilo Hnutie Slovensko (9 percent). Nasleduj\u00fa Hlas-SD (8 percent), SaS (7 percent) a KDH (6,7 percenta).<\/p>\n<p style=\"text-align:center\">arch\u00edvne video\t<\/p>\n<p>Tla\u010dov\u00e1 konferencia strany SMER &#8211; SD na t\u00e9mu: Ako sa zatajuje finan\u010dn\u00e1 discipl\u00edna Slovenskej republiky\t\t(Zdroj: Topky\/J\u00e1n Zemiar)\t<\/p>\n<\/p>\n<p>Do parlamentu by sa pod\u013ea prieskumu nedostali Demokrati (4,8 percenta), SNS (4,2 percenta), Ma\u010farsk\u00e1 aliancia (3,9 percenta) ani Sme rodina (2,8 percenta). Agent\u00fara prieskum realizovala od 22. do 29. j\u00fana na vzorke 1027 respondentov.<\/p>\n","protected":false},"excerpt":{"rendered":"Ilustra\u010dn\u00e9 foto (Zdroj: TASR\/Pavol Zachar, SITA\/Nicolas Tucat\/Pool Photo via AP, Topky\/Vlado Anjel) BRATISLAVA &#8211; Parlamentn\u00e9 vo\u013eby by v&hellip;\n","protected":false},"author":2,"featured_media":114639,"comment_status":"","ping_status":"","sticky":false,"template":"","format":"standard","meta":{"footnotes":"","_share_on_mastodon":"0"},"categories":[32],"tags":[34,37,33,3752,772,18613,43,40,39,42,41,1344,36,38,35,1750],"class_list":["post-114638","post","type-post","status-publish","format-standard","has-post-thumbnail","category-spravy","tag-headlines","tag-hlavne-spravy","tag-news","tag-prieskum","tag-progresivne-slovensko","tag-republika","tag-sk","tag-slovak","tag-slovakia","tag-slovencina","tag-slovensko","tag-smer-sd","tag-spravy","tag-titulky","tag-top-stories","tag-volby"],"share_on_mastodon":{"url":"https:\/\/pubeurope.com\/@sk\/116854810586869408","error":""},"_links":{"self":[{"href":"https:\/\/www.europesays.com\/sk\/wp-json\/wp\/v2\/posts\/114638","targetHints":{"allow":["GET"]}}],"collection":[{"href":"https:\/\/www.europesays.com\/sk\/wp-json\/wp\/v2\/posts"}],"about":[{"href":"https:\/\/www.europesays.com\/sk\/wp-json\/wp\/v2\/types\/post"}],"author":[{"embeddable":true,"href":"https:\/\/www.europesays.com\/sk\/wp-json\/wp\/v2\/users\/2"}],"replies":[{"embeddable":true,"href":"https:\/\/www.europesays.com\/sk\/wp-json\/wp\/v2\/comments?post=114638"}],"version-history":[{"count":0,"href":"https:\/\/www.europesays.com\/sk\/wp-json\/wp\/v2\/posts\/114638\/revisions"}],"wp:featuredmedia":[{"embeddable":true,"href":"https:\/\/www.europesays.com\/sk\/wp-json\/wp\/v2\/media\/114639"}],"wp:attachment":[{"href":"https:\/\/www.europesays.com\/sk\/wp-json\/wp\/v2\/media?parent=114638"}],"wp:term":[{"taxonomy":"category","embeddable":true,"href":"https:\/\/www.europesays.com\/sk\/wp-json\/wp\/v2\/categories?post=114638"},{"taxonomy":"post_tag","embeddable":true,"href":"https:\/\/www.europesays.com\/sk\/wp-json\/wp\/v2\/tags?post=114638"}],"curies":[{"name":"wp","href":"https:\/\/api.w.org\/{rel}","templated":true}]}}