{"id":115057,"date":"2026-07-03T15:26:08","date_gmt":"2026-07-03T15:26:08","guid":{"rendered":"https:\/\/www.europesays.com\/sk\/115057\/"},"modified":"2026-07-03T15:26:08","modified_gmt":"2026-07-03T15:26:08","slug":"belgicko-riesi-desive-nasledky-horucav","status":"publish","type":"post","link":"https:\/\/www.europesays.com\/sk\/115057\/","title":{"rendered":"Belgicko rie\u0161i desiv\u00e9 n\u00e1sledky hor\u00fa\u010dav"},"content":{"rendered":"<p>BRUSEL &#8211; Belgicko zaznamenalo v obdob\u00ed medzi 18. a 29. j\u00fanom o 39 percent viac \u00famrt\u00ed, ne\u017e je be\u017en\u00e9. Ve\u013ek\u00fa \u010das\u0165 Eur\u00f3py zasiahla v tom \u010dase vlna spa\u013euj\u00facich hor\u00fa\u010dav, informovali v piatok tamoj\u0161ie \u00farady. Informuje agent\u00fara AFP.<\/p>\n<p>Krajina zaznamenala po\u010das tohto obdobia 1222 nadmern\u00fdch \u00famrt\u00ed, z ktor\u00fdch takmer polovicu tvorili \u013eudia vo veku 85 rokov a star\u0161\u00ed, vypl\u00fdva z predbe\u017en\u00fdch \u00fadajov feder\u00e1lneho ministerstva zdravotn\u00edctva.<\/p>\n<p>\u201eTak\u00e1to \u00farove\u0148 nadmernej \u00famrtnosti po\u010das vlny hor\u00fa\u010dav je v na\u0161ej krajine bezprecedentn\u00e1,\u201c vyhl\u00e1silo ministerstvo s t\u00fdm, \u017ee Belgicko zaznamenalo \u201esedem tropick\u00fdch dn\u00ed s teplotami presahuj\u00facimi 30 \u00b0C\u201c, ako aj \u201eabnorm\u00e1lne\u201c tepl\u00e9 noci.<\/p>\n<p>Vrchol nadmernej \u00famrtnosti bol dosiahnut\u00fd v sobotu 27. j\u00fana. Predch\u00e1dzaj\u00faci de\u0148 bola pre v\u00e4\u010d\u0161inu \u00fazemia krajiny vyhl\u00e1sen\u00e1 oran\u017eov\u00e1 alebo \u010derven\u00e1 v\u00fdstraha pred hor\u00fa\u010davami, \u010do prin\u00fatilo \u00farady zru\u0161i\u0165 mno\u017estvo podujat\u00ed vr\u00e1tane rekon\u0161trukcie bitky pri Waterloo. Hoci Belgicko ofici\u00e1lne neprekonalo svoje teplotn\u00e9 rekordy pre mesiac j\u00fan, v Bruseli dosahovali teploty 35 \u00b0C nieko\u013eko dn\u00ed po sebe a lok\u00e1lne vy\u0161plhali na 38 \u00b0C a\u017e 40 \u00b0C, pripomenula AFP.\u00a0<\/p>\n","protected":false},"excerpt":{"rendered":"BRUSEL &#8211; Belgicko zaznamenalo v obdob\u00ed medzi 18. a 29. j\u00fanom o 39 percent viac \u00famrt\u00ed, ne\u017e je&hellip;\n","protected":false},"author":2,"featured_media":115058,"comment_status":"","ping_status":"","sticky":false,"template":"","format":"standard","meta":{"footnotes":"","_share_on_mastodon":"0"},"categories":[8],"tags":[4556,6486,33,43,40,42,36,50,9731,49,48],"class_list":["post-115057","post","type-post","status-publish","format-standard","has-post-thumbnail","category-svet","tag-belgicko","tag-horucavy","tag-news","tag-sk","tag-slovak","tag-slovencina","tag-spravy","tag-svet","tag-umrtnost","tag-world","tag-world-news"],"share_on_mastodon":{"url":"https:\/\/pubeurope.com\/@sk\/116856748998850882","error":""},"_links":{"self":[{"href":"https:\/\/www.europesays.com\/sk\/wp-json\/wp\/v2\/posts\/115057","targetHints":{"allow":["GET"]}}],"collection":[{"href":"https:\/\/www.europesays.com\/sk\/wp-json\/wp\/v2\/posts"}],"about":[{"href":"https:\/\/www.europesays.com\/sk\/wp-json\/wp\/v2\/types\/post"}],"author":[{"embeddable":true,"href":"https:\/\/www.europesays.com\/sk\/wp-json\/wp\/v2\/users\/2"}],"replies":[{"embeddable":true,"href":"https:\/\/www.europesays.com\/sk\/wp-json\/wp\/v2\/comments?post=115057"}],"version-history":[{"count":0,"href":"https:\/\/www.europesays.com\/sk\/wp-json\/wp\/v2\/posts\/115057\/revisions"}],"wp:featuredmedia":[{"embeddable":true,"href":"https:\/\/www.europesays.com\/sk\/wp-json\/wp\/v2\/media\/115058"}],"wp:attachment":[{"href":"https:\/\/www.europesays.com\/sk\/wp-json\/wp\/v2\/media?parent=115057"}],"wp:term":[{"taxonomy":"category","embeddable":true,"href":"https:\/\/www.europesays.com\/sk\/wp-json\/wp\/v2\/categories?post=115057"},{"taxonomy":"post_tag","embeddable":true,"href":"https:\/\/www.europesays.com\/sk\/wp-json\/wp\/v2\/tags?post=115057"}],"curies":[{"name":"wp","href":"https:\/\/api.w.org\/{rel}","templated":true}]}}