{"id":115509,"date":"2026-07-04T07:27:08","date_gmt":"2026-07-04T07:27:08","guid":{"rendered":"https:\/\/www.europesays.com\/sk\/115509\/"},"modified":"2026-07-04T07:27:08","modified_gmt":"2026-07-04T07:27:08","slug":"bratislavsky-spider-man-ovladol-internet-vsimol-si-ho-aj-reziser-noveho-filmu","status":"publish","type":"post","link":"https:\/\/www.europesays.com\/sk\/115509\/","title":{"rendered":"Bratislavsk\u00fd Spider-Man ovl\u00e1dol internet. V\u0161imol si ho aj re\u017eis\u00e9r nov\u00e9ho filmu"},"content":{"rendered":"<p>        Bratislava sa ne\u010dakane dostala do centra pozornosti fan\u00fa\u0161ikov Spider-Mana z cel\u00e9ho sveta. Mural na Kamennom n\u00e1mest\u00ed, ktor\u00fd vznikol pri pr\u00edle\u017eitosti 15. v\u00fdro\u010dia Bratislava Street Art Festivalu, sa stal vir\u00e1lnym hitom. Za nieko\u013eko dn\u00ed nazbierali vide\u00e1 z jeho tvorby viac ako 20 mili\u00f3nov viden\u00ed a zdie\u013eal ich aj re\u017eis\u00e9r pripravovan\u00e9ho filmu Spider-Man: Brand New Day, Destin Daniel Cretton.\n    <\/p>\n<p>Dielo vytvoril slovensk\u00fd streetartov\u00fd umelec DOKE v spolupr\u00e1ci s Bratislava Street Art Festivalom ako dar\u010dek mestu pri pr\u00edle\u017eitosti D\u0148a det\u00ed. Mural sa nach\u00e1dza na Kamennom n\u00e1mest\u00ed pri vjazde na parkovisko obchodn\u00e9ho domu zo strany Rajskej ulice.<\/p>\n<p class=\"text\">Spider-Man od umelca DOKEho na mur\u00e1li v Bratislave<\/p>\n<p>\u200b<\/p>\n<p>Re\u017eis\u00e9r nov\u00e9ho Spider-Mana ho zdie\u013eal svetu<\/p>\n<p>Najv\u00e4\u010d\u0161\u00ed zlom pri\u0161iel vo chv\u00edli, ke\u010f video zo svojho ofici\u00e1lneho profilu zdie\u013eal Destin Daniel Cretton, re\u017eis\u00e9r o\u010dak\u00e1van\u00e9ho filmu Spider-Man: Brand New Day, ktor\u00fd m\u00e1 premi\u00e9ru koncom j\u00fala 2026. Bratislavsk\u00fd mural sa tak dostal pred o\u010di st\u00e1tis\u00edcov fan\u00fa\u0161ikov Marvelu po celom svete.<\/p>\n<p>Kr\u00e1tke vide\u00e1 z tvorby muralu zaznamenali pod\u013ea organiz\u00e1torov viac ako 13 mili\u00f3nov pozret\u00ed na YouTube a vy\u0161e 7 mili\u00f3nov na Instagrame, pri\u010dom ich sledovanos\u0165 na\u010falej rastie.<\/p>\n<p>Organiz\u00e1tori: Tak\u00fdto \u00faspech sme ne\u010dakali<\/p>\n<p>Riadite\u013e Bratislava Street Art Festivalu Tom\u00e1\u0161 Luka\u010dka priznal, \u017ee podobn\u00fd ohlas nikto neo\u010dak\u00e1val. \u201eP\u00e4tn\u00e1s\u0165 rokov prin\u00e1\u0161ame do ul\u00edc Bratislavy s\u00fa\u010dasn\u00e9 mestsk\u00e9 umenie a sme presved\u010den\u00ed, \u017ee street art je ve\u013ekou pridanou hodnotou pre na\u0161e mesto. \u017de sa mural za p\u00e1r dn\u00ed dostane k desiatkam mili\u00f3nov \u013eud\u00ed z cel\u00e9ho sveta a zazdie\u013ea ho re\u017eis\u00e9r nov\u00e9ho Spider-Mana, prekonalo aj na\u0161e najsmel\u0161ie o\u010dak\u00e1vania. DOKE je nielen \u0161ikovn\u00fd streetartov\u00fd umelec, ale aj sk\u00fasen\u00fd youtuber, \u010do je k\u013e\u00fa\u010dov\u00e1 kombin\u00e1cia.\u201c <\/p>\n<p>Fan\u00fa\u0161ikovia uvidia aj z\u00e1kulisie tvorby Autor muralu DOKE, ktor\u00e9ho na YouTube sleduje viac ako 1,4 mili\u00f3na odberate\u013eov, pripravuje aj pribli\u017ene 30-min\u00fatov\u00e9 video zo vzniku diela. Organiz\u00e1tori avizuj\u00fa jeho zverejnenie 4. j\u00fala na jeho soci\u00e1lnych sie\u0165ach.<\/p>\n","protected":false},"excerpt":{"rendered":"Bratislava sa ne\u010dakane dostala do centra pozornosti fan\u00fa\u0161ikov Spider-Mana z cel\u00e9ho sveta. Mural na Kamennom n\u00e1mest\u00ed, ktor\u00fd vznikol&hellip;\n","protected":false},"author":2,"featured_media":115510,"comment_status":"","ping_status":"","sticky":false,"template":"","format":"standard","meta":{"footnotes":"","_share_on_mastodon":"0"},"categories":[21],"tags":[136,43,40,39,42,41,34705,24505],"class_list":["post-115509","post","type-post","status-publish","format-standard","has-post-thumbnail","category-bratislava","tag-bratislava","tag-sk","tag-slovak","tag-slovakia","tag-slovencina","tag-slovensko","tag-spiderman","tag-umelec"],"share_on_mastodon":{"url":"https:\/\/pubeurope.com\/@sk\/116860528159677138","error":""},"_links":{"self":[{"href":"https:\/\/www.europesays.com\/sk\/wp-json\/wp\/v2\/posts\/115509","targetHints":{"allow":["GET"]}}],"collection":[{"href":"https:\/\/www.europesays.com\/sk\/wp-json\/wp\/v2\/posts"}],"about":[{"href":"https:\/\/www.europesays.com\/sk\/wp-json\/wp\/v2\/types\/post"}],"author":[{"embeddable":true,"href":"https:\/\/www.europesays.com\/sk\/wp-json\/wp\/v2\/users\/2"}],"replies":[{"embeddable":true,"href":"https:\/\/www.europesays.com\/sk\/wp-json\/wp\/v2\/comments?post=115509"}],"version-history":[{"count":0,"href":"https:\/\/www.europesays.com\/sk\/wp-json\/wp\/v2\/posts\/115509\/revisions"}],"wp:featuredmedia":[{"embeddable":true,"href":"https:\/\/www.europesays.com\/sk\/wp-json\/wp\/v2\/media\/115510"}],"wp:attachment":[{"href":"https:\/\/www.europesays.com\/sk\/wp-json\/wp\/v2\/media?parent=115509"}],"wp:term":[{"taxonomy":"category","embeddable":true,"href":"https:\/\/www.europesays.com\/sk\/wp-json\/wp\/v2\/categories?post=115509"},{"taxonomy":"post_tag","embeddable":true,"href":"https:\/\/www.europesays.com\/sk\/wp-json\/wp\/v2\/tags?post=115509"}],"curies":[{"name":"wp","href":"https:\/\/api.w.org\/{rel}","templated":true}]}}