{"id":116004,"date":"2026-07-04T22:19:11","date_gmt":"2026-07-04T22:19:11","guid":{"rendered":"https:\/\/www.europesays.com\/sk\/116004\/"},"modified":"2026-07-04T22:19:11","modified_gmt":"2026-07-04T22:19:11","slug":"preco-sa-velkost-obrazoviek-meria-podla-uhlopriecky-tato-tradicia-ma-prekvapivo-hlboke-korene-vosveteit-sk","status":"publish","type":"post","link":"https:\/\/www.europesays.com\/sk\/116004\/","title":{"rendered":"Pre\u010do sa ve\u013ekos\u0165 obrazoviek meria pod\u013ea uhloprie\u010dky? T\u00e1to trad\u00edcia m\u00e1 prekvapivo hlbok\u00e9 korene | Vosveteit.sk"},"content":{"rendered":"<p>Ak si si niekedy kupoval telev\u00edzor alebo monitor, pravdepodobne si narazil na \u00fadaj ako 55, 65 alebo 75 palcov. V\u00fdrobcovia pritom nikdy neuv\u00e1dzaj\u00fa \u0161\u00edrku obrazovky ako hlavn\u00fd parameter. Namiesto nej pou\u017e\u00edvaj\u00fa uhloprie\u010dku. Mnoh\u00fdch preto napadne jednoduch\u00e1 ot\u00e1zka, pre\u010do pr\u00e1ve tento rozmer?<\/p>\n<p>Na prv\u00fd poh\u013ead by toti\u017e v\u00e4\u010d\u0161\u00ed zmysel d\u00e1vala \u0161\u00edrka. Pr\u00e1ve t\u00fa si pri poh\u013eade na telev\u00edzor v\u0161imne\u0161 ako prv\u00fa a pr\u00e1ve pod\u013ea nej odhaduje\u0161, \u010di sa zariadenie zmest\u00ed na stol\u00edk alebo stenu, p\u00ed\u0161e <a href=\"https:\/\/www.bgr.com\/2202051\/why-is-screen-size-measured-diagonally\/\" target=\"_blank\" rel=\"noopener noreferrer nofollow\">Gizmodo<\/a>. Napriek tomu v\u00fdrobcovia u\u017e cel\u00e9 desa\u0165ro\u010dia pou\u017e\u00edvaj\u00fa uhloprie\u010dku a d\u00f4vod nie je n\u00e1hodn\u00fd.<\/p>\n<p>            <a class=\"post-banner__link\" target=\"_blank\" href=\"https:\/\/t.me\/vosveteit?utm=kampanclanky\" style=\"color: #4B4F58 !important\" rel=\"nofollow\"><\/p>\n<p>                    <img loading=\"lazy\" decoding=\"async\" src=\"data:image\/svg+xml,%3Csvg%20xmlns=\" http:=\"\" width=\"50\" height=\"50\" data-lazy-src=\"https:\/\/www.europesays.com\/sk\/wp-content\/uploads\/2026\/07\/1783203549_112_telegram-logo-1-170x170-1.png\"\/><img loading=\"lazy\" decoding=\"async\" src=\"https:\/\/www.europesays.com\/sk\/wp-content\/uploads\/2026\/07\/1783203549_112_telegram-logo-1-170x170-1.png\" width=\"50\" height=\"50\"\/><\/p>\n<p>                Odoberaj Vosveteit.sk cez Telegram a prihl\u00e1s sa k odberu spr\u00e1v<br \/>\n            <\/a><\/p>\n<p>Keby v\u00fdrobcovia uv\u00e1dzali iba \u0161\u00edrku displeja, porovnanie jednotliv\u00fdch zariaden\u00ed by bolo ove\u013ea komplikovanej\u0161ie. D\u00f4vod spo\u010d\u00edva v pomere str\u00e1n obrazovky. Star\u0161ie telev\u00edzory pou\u017e\u00edvali form\u00e1t 4 : 3. Dne\u0161n\u00e9 telev\u00edzory v\u00e4\u010d\u0161inou vyu\u017e\u00edvaj\u00fa pomer 16 : 9, no existuj\u00fa aj ultrawide monitory s pomerom 21 : 9 alebo e\u0161te \u0161ir\u0161\u00edm zobrazen\u00edm.<\/p>\n<p><img loading=\"lazy\" decoding=\"async\" class=\"size-full wp-image-265965\" src=\"data:image\/svg+xml,%3Csvg%20xmlns=\" http:=\"\" alt=\"Pre\u010do meriame ve\u013ekos\u0165 obrazoviek v uhloprie\u010dkach?\" width=\"1280\" height=\"720\" data-lazy-src=\"https:\/\/www.europesays.com\/sk\/wp-content\/uploads\/2026\/07\/pixely.jpg\"\/><img loading=\"lazy\" decoding=\"async\" class=\"size-full wp-image-265965\" src=\"https:\/\/www.europesays.com\/sk\/wp-content\/uploads\/2026\/07\/pixely.jpg\" alt=\"Pre\u010do meriame ve\u013ekos\u0165 obrazoviek v uhloprie\u010dkach?\" width=\"1280\" height=\"720\"\/><a rel=\"nofollow noopener\" target=\"_blank\" href=\"https:\/\/unsplash.com\/photos\/a-blurry-image-of-a-computer-screen-with-the-letter-e-on-it-ovA7ghRdMA4\">Zdroj: Unsplash (Hadi Yazdi Aznaveh)<\/a><\/p>\n<p>Ak by si porovnal dva displeje s rovnakou \u0161\u00edrkou, ich celkov\u00e1 plocha by sa mohla v\u00fdrazne l\u00ed\u0161i\u0165. Jeden by p\u00f4sobil vy\u0161\u0161\u00ed, druh\u00fd v\u00fdrazne ni\u017e\u0161\u00ed a \u0161ir\u0161\u00ed. Pr\u00e1ve preto v\u00fdrobcovia zvolili univerz\u00e1lny \u00fadaj, ktor\u00fd zah\u0155\u0148a oba rozmery naraz a t\u00fdm \u00fadajom bola pr\u00e1ve uhloprie\u010dka.<\/p>\n<p>Samotn\u00e1 uhloprie\u010dka s\u00edce nepovie \u00faplne v\u0161etko, no pon\u00fakne jednoduch\u00fd sp\u00f4sob, ako medzi sebou porovna\u0165 r\u00f4zne zariadenia.<\/p>\n<p>            Neprehliadni<br \/>\n            <a class=\"vit-read-also__link\" href=\"https:\/\/vosveteit.zoznam.sk\/tieto-nove-funkcie-v-samsung-telefonoch-ti-pomozu-ochranit-sukromie-cudzi-clovek-vedla-teba-uz-len-tak-neuvidi-co-robis-na-mobile\/\" rel=\"nofollow noopener\" target=\"_blank\"><\/p>\n<p>                        <img loading=\"lazy\" decoding=\"async\" width=\"1280\" height=\"720\" src=\"data:image\/svg+xml,%3Csvg%20xmlns=\" http:=\"\" class=\"attachment-full size-full wp-post-image\" alt=\"Samsung telefon ochrana sukromia.jpg\" data-lazy-src=\"https:\/\/www.europesays.com\/sk\/wp-content\/uploads\/2026\/07\/1783203550_264_Samsung-telefon-ochrana-sukromia.jpg\"\/><img loading=\"lazy\" decoding=\"async\" width=\"1280\" height=\"720\" src=\"https:\/\/www.europesays.com\/sk\/wp-content\/uploads\/2026\/07\/1783203550_264_Samsung-telefon-ochrana-sukromia.jpg\" class=\"attachment-full size-full wp-post-image\" alt=\"Samsung telefon ochrana sukromia.jpg\"\/>                    <\/p>\n<p>\n\t\t\t\t\tTieto nov\u00e9 funkcie v Samsung telef\u00f3noch ti pom\u00f4\u017eu ochr\u00e1ni\u0165 s\u00fakromie. Cudz\u00ed \u010dlovek ved\u013ea teba u\u017e len tak neuvid\u00ed, \u010do rob\u00ed\u0161 na mobile                <\/p>\n<p>            <\/a><\/p>\n<p>Ide o trad\u00edciu, ktor\u00e1 sa datuje e\u0161te k star\u00fdm telev\u00edzorom<\/p>\n<p>Korene dne\u0161n\u00e9ho syst\u00e9mu siahaj\u00fa hlboko do minulosti. Prv\u00e9 telev\u00edzory vyu\u017e\u00edvali obrazovky s kat\u00f3dovou trubicou, zn\u00e1mou pod skratkou CRT. Na rozdiel od dne\u0161n\u00fdch ploch\u00fdch panelov mali okr\u00fahly tvar. V\u00fdrobcovia preto prirodzene ud\u00e1vali ich priemer. Ke\u010f nesk\u00f4r pri\u0161li \u0161tvorcov\u00e9 a obd\u013a\u017enikov\u00e9 <a href=\"https:\/\/vosveteit.zoznam.sk\/samsung-chysta-rolovaci-smartfon-s-vysuvacim-displejom\/\" target=\"_blank\" rel=\"noopener noreferrer nofollow\">obrazovky<\/a>, priemer u\u017e ned\u00e1val zmysel. V\u00fdrobcovia v\u0161ak nechceli zavies\u0165 dva hlavn\u00e9 rozmery naraz, teda \u0161\u00edrku aj v\u00fd\u0161ku. Ako n\u00e1hradu zvolili uhloprie\u010dku, ktor\u00e1 zostala jednoduch\u00e1 na pochopenie a z\u00e1rove\u0148 zoh\u013eadnila oba rozmery displeja.<\/p>\n<p>Odvtedy sa tento syst\u00e9m prakticky nezmenil a pre\u017eil n\u00e1stup LCD telev\u00edzorov, LED panelov aj OLED obrazoviek.<\/p>\n<p>Cel\u00fd princ\u00edp uhloprie\u010dok vych\u00e1dza zo zn\u00e1mej Pytagorovej vety. Pri obd\u013a\u017eniku vznikne uhloprie\u010dka spojen\u00edm dvoch proti\u013eahl\u00fdch rohov. Jej d\u013a\u017eka z\u00e1vis\u00ed od \u0161\u00edrky aj v\u00fd\u0161ky obrazovky, tak\u017ee do jedn\u00e9ho \u010d\u00edsla zahrnie oba rozmery. To predstavuje \u010fal\u0161\u00ed d\u00f4vod, pre\u010do sa stala praktick\u00fdm univerz\u00e1lnym \u00fadajom. V\u00fdrobca nemus\u00ed pri ka\u017edom modeli zd\u013ahavo uv\u00e1dza\u0165 rozmery obrazovky v hlavnom n\u00e1zve produktu.<\/p>\n<p>Samozrejme, \u017ee aj marketing zohr\u00e1va svoju \u00falohu<\/p>\n<p>Existuje e\u0161te jeden d\u00f4vod, o ktorom sa hovor\u00ed menej. Uhloprie\u010dka predstavuje najdlh\u0161\u00ed rozmer celej <a href=\"https:\/\/vosveteit.zoznam.sk\/samsung-micro-rgb-televizory-vision-ai-oled-mini-led\/\" target=\"_blank\" rel=\"noopener noreferrer nofollow\">obrazovky<\/a>. \u010c\u00edslo preto p\u00f4sob\u00ed v\u00e4\u010d\u0161\u00edm dojmom ne\u017e samotn\u00e1 \u0161\u00edrka alebo v\u00fd\u0161ka. Ak napr\u00edklad telev\u00edzor dostane ozna\u010denie 65 palcov, \u010d\u00edslo vyzer\u00e1 atrakt\u00edvnej\u0161ie ne\u017e \u00fadaj o pribli\u017ene 56 palcov, \u010do by predstavovalo jeho \u0161\u00edrku. Neznamen\u00e1 to, \u017ee v\u00fdrobcovia z\u00e1kazn\u00edkov zav\u00e1dzaj\u00fa. Uhloprie\u010dka zostala \u0161tandardom v celom odvetv\u00ed a ka\u017ed\u00fd v\u00fdrobca ju meria rovnak\u00fdm sp\u00f4sobom. Marketingov\u00fd efekt v\u0161ak ur\u010dite zohral svoju \u00falohu pri tom, \u017ee sa tento syst\u00e9m udr\u017eal a\u017e dodnes.<\/p>\n<p><img loading=\"lazy\" decoding=\"async\" class=\"size-full wp-image-249554\" src=\"data:image\/svg+xml,%3Csvg%20xmlns=\" http:=\"\" alt=\"Nov\u00fd typ OLED obrazovky sa pomaly dost\u00e1va na trh\" width=\"1280\" height=\"720\" data-lazy-src=\"https:\/\/www.europesays.com\/sk\/wp-content\/uploads\/2026\/07\/obrazovka-televizor.jpg\"\/><img loading=\"lazy\" decoding=\"async\" class=\"size-full wp-image-249554\" src=\"https:\/\/www.europesays.com\/sk\/wp-content\/uploads\/2026\/07\/obrazovka-televizor.jpg\" alt=\"Nov\u00fd typ OLED obrazovky sa pomaly dost\u00e1va na trh\" width=\"1280\" height=\"720\"\/><a rel=\"nofollow noopener\" target=\"_blank\" href=\"https:\/\/unsplash.com\/photos\/black-flat-screen-tv-turned-on-showing-game-qDLLP0yP7FU\">Zdroj: Unsplash (Nicolas J Leclercq)<\/a><br \/>\nPri k\u00fape nesta\u010d\u00ed sledova\u0165 iba palce<\/p>\n<p>Aj ke\u010f uhloprie\u010dka posl\u00fa\u017ei ako z\u00e1kladn\u00fd orienta\u010dn\u00fd \u00fadaj, pri v\u00fdbere telev\u00edzora alebo monitora sa oplat\u00ed pozrie\u0165 aj na \u010fal\u0161ie parametre. Rovnak\u00e1 uhloprie\u010dka toti\u017e automaticky neznamen\u00e1 rovnak\u00e9 rozmery zariadenia, ako sme u\u017e nazna\u010dili aj vy\u0161\u0161ie, r\u00f4zny pomer str\u00e1n m\u00f4\u017ee zmeni\u0165 \u0161\u00edrku aj v\u00fd\u0161ku obrazovky. Rozdiel vytvor\u00ed aj hr\u00fabka r\u00e1mikov alebo samotn\u00e1 kon\u0161trukcia telev\u00edzora. V\u00fdrobcovia preto v detailn\u00fdch technick\u00fdch \u0161pecifik\u00e1ci\u00e1ch uv\u00e1dzaj\u00fa aj presn\u00fa \u0161\u00edrku, v\u00fd\u0161ku, rozl\u00ed\u0161enie \u010di pomer str\u00e1n.\u00a0<\/p>\n<p>\u010eal\u0161\u00edm d\u00f4le\u017eit\u00fdm faktorom je rozl\u00ed\u0161enie, ktor\u00e9 v kombin\u00e1cii s ve\u013ekos\u0165ou obrazovky ur\u010duje hustotu pixelov (PPI). Pri v\u00e4\u010d\u0161\u00edch uhloprie\u010dkach (napr. 32 \u010di 40 palcov) u\u017e Full HD <a href=\"https:\/\/vosveteit.zoznam.sk\/rozmyslas-nad-kupou-8k-televizora-pravdepodobne-len-vyhodis-peniaze-toto-je-limit-ktory-zvladne-tvoje-oko\/\" target=\"_blank\" rel=\"noopener noreferrer nofollow\">rozl\u00ed\u0161enie<\/a> nesta\u010d\u00ed, preto\u017ee obraz bude neostr\u00fd, tu je pre jemn\u00fd detail z\u00e1sadn\u00fd prechod na QHD (2K) alebo 4K.<\/p>\n<p>Ke\u010f si teda raz bude\u0161 vybera\u0165 nov\u00fd monitor alebo telev\u00edzor, u\u017e bude\u0161 vedie\u0165, pre\u010do sa jeho ve\u013ekos\u0165 uv\u00e1dza prim\u00e1rne cez uhloprie\u010dku. Nezabudni si ale skontrolova\u0165 aj \u010fal\u0161ie d\u00f4le\u017eit\u00e9 parametre, aby \u0165a potom doma ne\u010dakalo nepr\u00edjemn\u00e9 prekvapenie.<\/p>\n<p>&#13;<br \/>\n    <a target=\"_blank\" rel=\"nofollow noopener\" href=\"https:\/\/www.facebook.com\/profile.php?id=100057829922593\" class=\"fb-share-button\">&#13;<br \/>\n        &#13;<br \/>\n            &#13;<br \/>\n        &#13;<br \/>\n        &#13;<br \/>\n            P\u00e1\u010dil sa v\u00e1m \u010dl\u00e1nok? Sledujte n\u00e1s na Facebooku&#13;<br \/>\n        &#13;<br \/>\n    <\/a>&#13;<\/p>\n<p>            &#13;<\/p>\n","protected":false},"excerpt":{"rendered":"Ak si si niekedy kupoval telev\u00edzor alebo monitor, pravdepodobne si narazil na \u00fadaj ako 55, 65 alebo 75&hellip;\n","protected":false},"author":2,"featured_media":116005,"comment_status":"","ping_status":"","sticky":false,"template":"","format":"standard","meta":{"footnotes":"","_share_on_mastodon":"0"},"categories":[11],"tags":[64,65,66,4926,6353,17001,9114,7570,38401,38402,43,40,39,42,41,38209,38403,19177],"class_list":["post-116004","post","type-post","status-publish","format-standard","has-post-thumbnail","category-ekonomika","tag-business","tag-economic","tag-ekonomika","tag-historia","tag-marketing","tag-meranie","tag-monitor","tag-obchody","tag-obrazovka","tag-preco-sa-uvadza-uhlopriecka","tag-sk","tag-slovak","tag-slovakia","tag-slovencina","tag-slovensko","tag-televizor","tag-uhlopriecka","tag-zakaznici"],"share_on_mastodon":{"url":"https:\/\/pubeurope.com\/@sk\/116864035570793816","error":""},"_links":{"self":[{"href":"https:\/\/www.europesays.com\/sk\/wp-json\/wp\/v2\/posts\/116004","targetHints":{"allow":["GET"]}}],"collection":[{"href":"https:\/\/www.europesays.com\/sk\/wp-json\/wp\/v2\/posts"}],"about":[{"href":"https:\/\/www.europesays.com\/sk\/wp-json\/wp\/v2\/types\/post"}],"author":[{"embeddable":true,"href":"https:\/\/www.europesays.com\/sk\/wp-json\/wp\/v2\/users\/2"}],"replies":[{"embeddable":true,"href":"https:\/\/www.europesays.com\/sk\/wp-json\/wp\/v2\/comments?post=116004"}],"version-history":[{"count":0,"href":"https:\/\/www.europesays.com\/sk\/wp-json\/wp\/v2\/posts\/116004\/revisions"}],"wp:featuredmedia":[{"embeddable":true,"href":"https:\/\/www.europesays.com\/sk\/wp-json\/wp\/v2\/media\/116005"}],"wp:attachment":[{"href":"https:\/\/www.europesays.com\/sk\/wp-json\/wp\/v2\/media?parent=116004"}],"wp:term":[{"taxonomy":"category","embeddable":true,"href":"https:\/\/www.europesays.com\/sk\/wp-json\/wp\/v2\/categories?post=116004"},{"taxonomy":"post_tag","embeddable":true,"href":"https:\/\/www.europesays.com\/sk\/wp-json\/wp\/v2\/tags?post=116004"}],"curies":[{"name":"wp","href":"https:\/\/api.w.org\/{rel}","templated":true}]}}