{"id":116111,"date":"2026-07-05T06:07:07","date_gmt":"2026-07-05T06:07:07","guid":{"rendered":"https:\/\/www.europesays.com\/sk\/116111\/"},"modified":"2026-07-05T06:07:07","modified_gmt":"2026-07-05T06:07:07","slug":"subova-na-odstupenie-z-boja-o-post-primatorky-bratislavy-nedozrel-cas","status":"publish","type":"post","link":"https:\/\/www.europesays.com\/sk\/116111\/","title":{"rendered":"\u0160ubov\u00e1: Na odst\u00fapenie z boja o post prim\u00e1torky Bratislavy nedozrel \u010das"},"content":{"rendered":"<p>Bratislava 5. j\u00fala (TASR) &#8211; Na odst\u00fapenie z boja o post prim\u00e1torky Bratislavy v jesenn\u00fdch vo\u013eb\u00e1ch nedozrel pod\u013ea kandid\u00e1tky, predsedn\u00ed\u010dky Pir\u00e1tskej strany, Zuzany \u0160ubovej e\u0161te \u010das. Uviedla to pre TASR v reakcii na v\u00fdzvu \u010fal\u0161ieho kandid\u00e1ta na \u0161\u00e9fa Bratislavy Martina Winklera (strana Dunaj) na sp\u00e1janie s\u00edl. S\u00fahlas\u00ed s n\u00edm v\u0161ak v tom, \u017ee proti dvojici \u201eVallo &#8211; R\u00e1\u017e\u201c bude treba postavi\u0165 jedn\u00e9ho siln\u00e9ho kandid\u00e1ta. <\/p>\n<p>\u201eMysl\u00edm, \u017ee v septembri u\u017e bude jasno, kto re\u00e1lne m\u00e1 najv\u00e4\u010d\u0161iu \u0161ancu uspie\u0165 proti tejto spriaznenej dvojici, preto\u017ee ani jedn\u00e9ho z nich nepova\u017eujem za dobr\u00e9ho kandid\u00e1ta na prim\u00e1tora,\u201c skon\u0161tatovala \u0160ubov\u00e1.<\/p>\n<p>S Winklerom pod\u013ea vlastn\u00fdch slov komunikuje. Ver\u00ed, \u017ee sa k tejto komunik\u00e1cii prid\u00e1 aj \u010fal\u0161ia kandid\u00e1tka na prim\u00e1torku Bratislavy, dlhoro\u010dn\u00e1 starostka Karlovej Vsi Dana \u010cahojov\u00e1 (nez\u00e1visl\u00e1). <\/p>\n<p>Winkler tento t\u00fd\u017ede\u0148 vyzval niektor\u00fdch \u010fal\u0161\u00edch kandid\u00e1tov na sp\u00e1janie s\u00edl. Vytvori\u0165 by chcel siln\u00fa alternat\u00edvu s\u00fa\u010dasn\u00e9mu vedeniu hlavn\u00e9ho mesta. V\u00fdzvu adresoval okrem \u0160ubovej aj \u010cahojovej a nez\u00e1visl\u00e9mu kandid\u00e1tovi \u013dubom\u00edrovi Gecimu. Z\u00e1rove\u0148 nepredpoklad\u00e1, \u017ee by sa chcel sp\u00e1ja\u0165 aj minister dopravy Jozef R\u00e1\u017e (nominant Smeru-SD), ktor\u00fd svoju kandidat\u00faru ako nez\u00e1visl\u00fd ohl\u00e1sil len ned\u00e1vno. <\/p>\n<p>\u010cahojov\u00e1 na margo v\u00fdzvy uviedla, \u017ee v\u017edy bola a je otvoren\u00e1 pr\u00edpadnej spolupr\u00e1ci ako programovej, tak aj person\u00e1lnej. Geci sa nechal po\u010du\u0165, \u017ee spolupr\u00e1ca medzi kandid\u00e1tmi mu nie je cudzia a tak\u00fato mo\u017enos\u0165 nevylu\u010duje. Z\u00e1rove\u0148 v\u0161ak poznamenal, \u017ee aktu\u00e1lne tak\u00fato spolupr\u00e1cu ako re\u00e1lnu nevid\u00ed. Situ\u00e1ciu v\u0161ak bude bude sledova\u0165.<\/p>\n<p>Kandidat\u00faru na post prim\u00e1tora Bratislavy ohl\u00e1sili u\u017e s\u00fa\u010dasn\u00fd prim\u00e1tor Bratislavy Mat\u00fa\u0161 Vallo (Team Bratislava, PS, SaS a Demokrati), ktor\u00fd kandiduje tret\u00edkr\u00e1t, starostka Karlovej Vsi Dana \u010cahojov\u00e1 (nez\u00e1visl\u00e1), bratislavsk\u00fd mestsk\u00fd a krajsk\u00fd poslanec Martin Winkler (strana Dunaj), Miroslav Heredo\u0161 a \u013dubom\u00edr Geci (obaja nez\u00e1visl\u00ed), predsedn\u00ed\u010dka Pir\u00e1tskej strany Zuzana \u0160ubov\u00e1 i \u0161\u00e9f rezortu dopravy Jozef R\u00e1\u017e (nez\u00e1visl\u00fd).<\/p>\n<p>Spojen\u00e9 vo\u013eby do org\u00e1nov samospr\u00e1vy obc\u00ed a vo\u013eby do org\u00e1nov samospr\u00e1vnych krajov sa bud\u00fa kona\u0165 24. okt\u00f3bra.<\/p>\n","protected":false},"excerpt":{"rendered":"Bratislava 5. j\u00fala (TASR) &#8211; Na odst\u00fapenie z boja o post prim\u00e1torky Bratislavy v jesenn\u00fdch vo\u013eb\u00e1ch nedozrel pod\u013ea&hellip;\n","protected":false},"author":2,"featured_media":116112,"comment_status":"","ping_status":"","sticky":false,"template":"","format":"standard","meta":{"footnotes":"","_share_on_mastodon":"0"},"categories":[21],"tags":[136,1696,43,40,39,42,41,12897,4805,1097,4538],"class_list":["post-116111","post","type-post","status-publish","format-standard","has-post-thumbnail","category-bratislava","tag-bratislava","tag-samosprava","tag-sk","tag-slovak","tag-slovakia","tag-slovencina","tag-slovensko","tag-subova","tag-volby2026","tag-vyzva","tag-winkler"],"share_on_mastodon":{"url":"https:\/\/pubeurope.com\/@sk\/116865875493545898","error":""},"_links":{"self":[{"href":"https:\/\/www.europesays.com\/sk\/wp-json\/wp\/v2\/posts\/116111","targetHints":{"allow":["GET"]}}],"collection":[{"href":"https:\/\/www.europesays.com\/sk\/wp-json\/wp\/v2\/posts"}],"about":[{"href":"https:\/\/www.europesays.com\/sk\/wp-json\/wp\/v2\/types\/post"}],"author":[{"embeddable":true,"href":"https:\/\/www.europesays.com\/sk\/wp-json\/wp\/v2\/users\/2"}],"replies":[{"embeddable":true,"href":"https:\/\/www.europesays.com\/sk\/wp-json\/wp\/v2\/comments?post=116111"}],"version-history":[{"count":0,"href":"https:\/\/www.europesays.com\/sk\/wp-json\/wp\/v2\/posts\/116111\/revisions"}],"wp:featuredmedia":[{"embeddable":true,"href":"https:\/\/www.europesays.com\/sk\/wp-json\/wp\/v2\/media\/116112"}],"wp:attachment":[{"href":"https:\/\/www.europesays.com\/sk\/wp-json\/wp\/v2\/media?parent=116111"}],"wp:term":[{"taxonomy":"category","embeddable":true,"href":"https:\/\/www.europesays.com\/sk\/wp-json\/wp\/v2\/categories?post=116111"},{"taxonomy":"post_tag","embeddable":true,"href":"https:\/\/www.europesays.com\/sk\/wp-json\/wp\/v2\/tags?post=116111"}],"curies":[{"name":"wp","href":"https:\/\/api.w.org\/{rel}","templated":true}]}}