{"id":116191,"date":"2026-07-05T08:28:08","date_gmt":"2026-07-05T08:28:08","guid":{"rendered":"https:\/\/www.europesays.com\/sk\/116191\/"},"modified":"2026-07-05T08:28:08","modified_gmt":"2026-07-05T08:28:08","slug":"rozchod-na-spadnutie-chylkova-po-prvykrat-o-zivote-bez-krausa","status":"publish","type":"post","link":"https:\/\/www.europesays.com\/sk\/116191\/","title":{"rendered":"Rozchod na spadnutie? Ch\u00fdlkov\u00e1 po prv\u00fdkr\u00e1t o \u017eivote bez Krausa!"},"content":{"rendered":"<p>PRAHA &#8211; \u010cesk\u00fdm \u0161oubiznisom ned\u00e1vno otriasli spr\u00e1vy o tom, \u017ee by sa mal otriasa\u0165 vz\u0165ah jedn\u00e9ho z jeho najstabilnej\u0161\u00edch p\u00e1rov. Ivana Ch\u00fdlkov\u00e1 (62) sa preto rozhodla uvies\u0165 veci na prav\u00fa mieru a vysvetli\u0165, pre\u010do sa v spolo\u010dnej dom\u00e1cnosti s Janom Krausom (72) objavuj\u00fa u\u017e len ob\u010das.<\/p>\n<p>Sta\u010dila jedin\u00e1 veta v podcaste a fan\u00fa\u0161ikovia zn\u00e1mej dvojice spozorneli. Here\u010dka toti\u017e povedala, \u017ee jej man\u017eel Jan Kraus sa po pand\u00e9mii natrvalo presunul na vidiek, zatia\u013e \u010do ona ostala viazan\u00e1 pracovn\u00fdm koloto\u010dom v Prahe. To okam\u017eite vyvolalo dohady o tom, \u017ee p\u00e1r \u017eije oddelene. Realita je v\u0161ak pod\u013ea Ch\u00fdlkovej omnoho prozaickej\u0161ia.\u00a0\u201ePros\u00edm v\u00e1s, ja som povedala, \u017ee \u017eijeme oddelene, lebo m\u00e1m ve\u013ea pr\u00e1ce v Prahe, ale inak \u017eijeme st\u00e1le spolu,\u201c uviedla Ch\u00fdlkov\u00e1 pre eXtra.cz.<\/p>\n<p>Here\u010dka z\u00e1rove\u0148 vysvetlila, \u017ee jej vyjadrenie bolo pochopen\u00e9 nespr\u00e1vne a i\u0161lo len o nads\u00e1dzku. \u017diadne temn\u00e9 mra\u010dn\u00e1 sa nad ich vz\u0165ahom pod\u013ea nej nezbieraj\u00fa. Naopak, v\u0161etko funguje tak, ako m\u00e1, a \u017eiadna partnersk\u00e1 kr\u00edza nie je na stole. \u201eAle ne\u017eijeme oddelene. To bola nads\u00e1dzka,\u201c dodala s t\u00fdm, \u017ee i\u0161lo len o humor, ktor\u00fd si viacer\u00ed vylo\u017eili doslova. Z\u00e1rove\u0148 r\u00e1zne odmietla aj ak\u00e9ko\u013evek n\u00e1znaky ponorkovej choroby: \u201eJan\u00ed\u010dko mi v\u00f4bec nem\u00f4\u017ee liez\u0165 na nervy. To v\u00f4bec neprich\u00e1dza do \u00favahy.\u201c<\/p>\n<p>Kr\u00e1tke odl\u00fa\u010denia si dvojica pod\u013ea jej slov sk\u00f4r v\u00e1\u017ei \u2013 n\u00e1vraty domov maj\u00fa by\u0165 o to pr\u00edjemnej\u0161ie. Here\u010dka dokonca s \u00fasmevom priznala, \u017ee zvuk k\u013e\u00fa\u010da v z\u00e1mke v nej st\u00e1le vyvol\u00e1va rados\u0165, preto\u017ee znamen\u00e1 pr\u00edchod jej partnera a s n\u00edm aj d\u00e1vku humoru a uvo\u013enenia.<\/p>\n<p data-end=\"1978\" data-start=\"1664\">Spolo\u010dn\u00e9 fungovanie si pl\u00e1nuj\u00fa udr\u017ea\u0165 aj po\u010das leta. \u017diadne exotick\u00e9 dovolenky sa nekonaj\u00fa, namiesto toho zost\u00e1vaj\u00fa doma a vyu\u017e\u00edvaj\u00fa fakt, \u017ee v\u00e4\u010d\u0161ina \u013eud\u00ed odch\u00e1dza do zahrani\u010dia. Ako s nadh\u013eadom poznamenala Ch\u00fdlkov\u00e1, v takom pr\u00edpade maj\u00fa \u201e\u010cesko len pre seba\u201c. Cesty do tepla si nech\u00e1vaj\u00fa a\u017e na chladnej\u0161ie mesiace.<\/p>\n<p><\/p>\n<p>\t\tHlasovanie ukon\u010den\u00e9<\/p>\n<p>\t\t\t\t{{ poll.title }}<\/p>\n<p>\t\t\t\t\t<img :alt=\"pollImageDescription()\" :src=\"https:\/\/www.topky.sk\/cl\/100313\/9438011\/poll.img_url\" class=\"box-quiz-new-image-questionnaire\"\/><\/p>\n<p>{{ poll.image_description }} (Zdroj: {{ poll.image_resource }})<\/p>\n<p>\t\t\t\t\t\t\t\t\t\t\t<img :alt=\"questionImageDescription(question)\" :src=\"https:\/\/www.topky.sk\/cl\/100313\/9438011\/question.img_url\" class=\"box-quiz-new-image-top\"\/><\/p>\n<p>Zdroj: {{ question.image_resource }}<\/p>\n<p>\n\t\t\t\t\t\t\t\t\t\t\t{{ question.text }}\n\t\t\t\t\t\t\t\t\t\t<\/p>\n<p>{{ question.text }}<\/p>\n<p>\t\t\t\t\t\t\t\t\t\t\t\t\t\t<img :alt=\"questionImageDescription(question)\" :src=\"https:\/\/www.topky.sk\/cl\/100313\/9438011\/question.img_url\" class=\"box-quiz-new-image-top\"\/><\/p>\n<p>Zdroj: {{ question.image_resource }}<\/p>\n<p>{{ poll.title }}<\/p>\n<p>{{ question.text }}<\/p>\n<p>\t\t\t\t\t\t\t\t\t\t\t\t\t\t<img :alt=\"questionImageDescription(question)\" :src=\"https:\/\/www.topky.sk\/cl\/100313\/9438011\/question.img_url\" class=\"box-quiz-new-image-top\"\/><\/p>\n<p>Zdroj: {{ question.image_resource }}<\/p>\n<p>{{ poll.rating_worst}}<\/p>\n<p>{{ poll.rating_best}}<\/p>\n<p>{{ poll.rating_best}}<\/p>\n<p>{{ poll.rating_worst}}<\/p>\n<p>\t\t\t\t\t\t\t\t\t\t\t\t\t{{ answer.text }}<\/p>\n<p>\t\t\t\t\t\t\t\t\t\t\t\t\t{{ answer.text }}<\/p>\n<p>\t\t\t\t\t{{ poll.title }}<\/p>\n<p v-if=\"poll.contact_form\">{{ poll.thanks }}<\/p>\n<p>{{ question.text }}<\/p>\n<p>\t\t\t\t\t\t\t\t\t<img :alt=\"questionImageDescription(question)\" :src=\"https:\/\/www.topky.sk\/cl\/100313\/9438011\/question.img_url\" class=\"box-quiz-new-image-top\"\/><\/p>\n<p>Zdroj: {{ question.image_resource }}<\/p>\n<p>Priemern\u00e9 hodnotenie: {{ question.rating }}<\/p>\n<p> Va\u0161e hodnotenie: {{ question.user_rating }}<\/p>\n<p>{{ question.text }}<\/p>\n<p>\t\t\t\t\t\t\t\t\t<img :alt=\"questionImageDescription(question)\" :src=\"https:\/\/www.topky.sk\/cl\/100313\/9438011\/question.img_url\" class=\"box-quiz-new-image-top\"\/><\/p>\n<p>Zdroj: {{ question.image_resource }}<\/p>\n<p>{{ poll.rating_worst}}<\/p>\n<p>{{ poll.rating_best}}<\/p>\n<p>{{ poll.rating_best}}<\/p>\n<p>{{ poll.rating_worst}}<\/p>\n<p>Priemern\u00e9 hodnotenie: {{ question.rating }}<\/p>\n<p> Va\u0161e hodnotenie: {{ question.user_rating }}<\/p>\n<p>Hlasovalo: {{questions[0].votes}}<\/p>\n<p>\t\t\t\t\t\t{{ poll.title }}<\/p>\n<p>\t\t\t\t\t\t\t<img :alt=\"pollImageDescription()\" :src=\"https:\/\/www.topky.sk\/cl\/100313\/9438011\/poll.img_url\" class=\"box-quiz-new-image-questionnaire\"\/><\/p>\n<p>{{ poll.image_description }} (Zdroj: {{ poll.image_resource }})<\/p>\n<p>{{ qIndex+1 }}\/{{ questions.length }}<\/p>\n<p>\t\t\t\t\t\t\t\t\t<img :alt=\"questionImageDescription(question)\" :src=\"https:\/\/www.topky.sk\/cl\/100313\/9438011\/question.img_url\" class=\"box-quiz-new-image-top\"\/><br \/>\n\t\t\t\t\t\t\t\t\t<a class=\"box-quiz-new-magnifier\" href=\"#\" title=\"Zv\u00e4\u010d\u0161i\u0165 obr\u00e1zok\">\u00a0<\/a><\/p>\n<p>Zdroj: {{ question.image_resource }}<\/p>\n<p>{{ question.text }}<\/p>\n<p>M\u00f4\u017eete ozna\u010di\u0165 viacero odpoved\u00ed.<\/p>\n<p class=\"profile-name\">{{ profiles[profileEvalueated.index].name }}<\/p>\n<p v-if=\"poll.show_profiles_percentage\">Zhoda: {{ profileEvalueated.weightPercentage }}%<\/p>\n<p>\t\t\t\t\t\t\t\t\t<img :alt=\"profiles[profileEvalueated.index].image_description\" :src=\"https:\/\/www.topky.sk\/cl\/100313\/9438011\/profiles[profileEvalueated.index].img_url\" class=\"box-quiz-new-image-questionnaire\"\/><\/p>\n<p>{{ profiles[profileEvalueated.index].image_description }} (Zdroj: {{ profiles[profileEvalueated.index].image_resource }})<\/p>\n<p><\/p>\n<p>\t\t\t\t\t\t\t\u00d7<br \/>\n\t\t\t\t\t\t\t<img :alt=\"imageModal.imgDescription\" :src=\"https:\/\/www.topky.sk\/cl\/100313\/9438011\/imageModal.imgUrl\" :style=\"isEmbed ? computeModalImageStyle() : ''\"\/><\/p>\n","protected":false},"excerpt":{"rendered":"PRAHA &#8211; \u010cesk\u00fdm \u0161oubiznisom ned\u00e1vno otriasli spr\u00e1vy o tom, \u017ee by sa mal otriasa\u0165 vz\u0165ah jedn\u00e9ho z jeho&hellip;\n","protected":false},"author":2,"featured_media":116192,"comment_status":"","ping_status":"","sticky":false,"template":"","format":"standard","meta":{"footnotes":"","_share_on_mastodon":"0"},"categories":[20],"tags":[127,126,70,128,12959,9164,43,129,40,39,42,41,71],"class_list":["post-116191","post","type-post","status-publish","format-standard","has-post-thumbnail","category-slavne-osobnosti","tag-celebrities","tag-celebrity","tag-entertainment","tag-famous-people","tag-ivana-chylkova","tag-jan-kraus","tag-sk","tag-slavne-osobnosti","tag-slovak","tag-slovakia","tag-slovencina","tag-slovensko","tag-zabava"],"share_on_mastodon":{"url":"https:\/\/pubeurope.com\/@sk\/116866430180577975","error":""},"_links":{"self":[{"href":"https:\/\/www.europesays.com\/sk\/wp-json\/wp\/v2\/posts\/116191","targetHints":{"allow":["GET"]}}],"collection":[{"href":"https:\/\/www.europesays.com\/sk\/wp-json\/wp\/v2\/posts"}],"about":[{"href":"https:\/\/www.europesays.com\/sk\/wp-json\/wp\/v2\/types\/post"}],"author":[{"embeddable":true,"href":"https:\/\/www.europesays.com\/sk\/wp-json\/wp\/v2\/users\/2"}],"replies":[{"embeddable":true,"href":"https:\/\/www.europesays.com\/sk\/wp-json\/wp\/v2\/comments?post=116191"}],"version-history":[{"count":0,"href":"https:\/\/www.europesays.com\/sk\/wp-json\/wp\/v2\/posts\/116191\/revisions"}],"wp:featuredmedia":[{"embeddable":true,"href":"https:\/\/www.europesays.com\/sk\/wp-json\/wp\/v2\/media\/116192"}],"wp:attachment":[{"href":"https:\/\/www.europesays.com\/sk\/wp-json\/wp\/v2\/media?parent=116191"}],"wp:term":[{"taxonomy":"category","embeddable":true,"href":"https:\/\/www.europesays.com\/sk\/wp-json\/wp\/v2\/categories?post=116191"},{"taxonomy":"post_tag","embeddable":true,"href":"https:\/\/www.europesays.com\/sk\/wp-json\/wp\/v2\/tags?post=116191"}],"curies":[{"name":"wp","href":"https:\/\/api.w.org\/{rel}","templated":true}]}}