{"id":116633,"date":"2026-07-05T19:51:05","date_gmt":"2026-07-05T19:51:05","guid":{"rendered":"https:\/\/www.europesays.com\/sk\/116633\/"},"modified":"2026-07-05T19:51:05","modified_gmt":"2026-07-05T19:51:05","slug":"na-plazi-v-spanielsku-zavadzaju-specialny-poplatok","status":"publish","type":"post","link":"https:\/\/www.europesays.com\/sk\/116633\/","title":{"rendered":"Na pl\u00e1\u017ei v \u0160panielsku zav\u00e1dzaj\u00fa \u0161peci\u00e1lny poplatok"},"content":{"rendered":"<p>MATALASCANAS &#8211; Sprcha na pl\u00e1\u017ei v ob\u013e\u00fabenom \u0161panielskom letovisku Matalasca\u00f1as v Andal\u00fazii u\u017e nemus\u00ed by\u0165 zadarmo. \u0160panieli toti\u017e za\u010d\u00ednaj\u00fa testova\u0165 inteligentn\u00fa sprchu, ktor\u00e1 sa spust\u00ed a\u017e potom, ako zaplat\u00edte. \u0160okovan\u00ed dovolenk\u00e1ri sa p\u00fdtaj\u00fa, kde si maj\u00fa da\u0165 pe\u0148a\u017eenky. <\/p>\n<p>Pod\u013ea pl\u00e1nu by mala min\u00fata sprchy st\u00e1\u0165 euro, plati\u0165 sa bude da\u0165 prostredn\u00edctvom QR k\u00f3du alebo mincami, pr\u00edstroj v\u0161ak nebude vyd\u00e1va\u0165 peniaze, dovolenk\u00e1ri tak bud\u00fa musie\u0165 ma\u0165 pri sebe presn\u00fa hotovos\u0165.<\/p>\n<p>D\u00f4vodom spoplatnenia sp\u0155ch m\u00e1 by\u0165 \u00faspora vody, n\u00e1v\u0161tevn\u00edci pl\u00e1\u017ee s\u00fa v\u0161ak rozhor\u010den\u00ed. &#8222;Skvel\u00fd n\u00e1pad! Mus\u00edte vytiahnu\u0165 mobil a kde ho nech\u00e1te, ke\u010f sa idete sprchova\u0165?,&#8220; povedal jeden z nich. \u201eCh\u00e1pem, \u017ee voda je d\u00f4le\u017eit\u00e1, ale mysl\u00edm, \u017ee toto je hrozn\u00e9,&#8220; uviedol \u010fal\u0161\u00ed pre \u0161panielsky web <a href=\"https:\/\/www.surinenglish.com\/andalucia\/costa-luz\/tourists-face-paying-use-beach-showers-popular-20260623153108-nt.html\" target=\"_blank\" rel=\"nofollow noopener\">Sur in English<\/a>.\u00a0<\/p>\n<p>Ke\u010f\u017ee ide o jedin\u00fa sprchu v okol\u00ed 4 kilometrov, v\u00e4\u010d\u0161ina turistov nebude ma\u0165 in\u00fa mo\u017enos\u0165, ako za \u0148u zaplati\u0165. N\u00e1jdu sa ale aj tak\u00ed, \u010do opatrenie v\u00edtaj\u00fa. &#8222;Ka\u017ed\u00fd rok v lete deti i dospel\u00ed zbyto\u010dne plytvaj\u00fa vodou. Platenie za vodu v\u00e1s n\u00fati si dvakr\u00e1t rozmyslie\u0165, \u010di s \u0148ou plytv\u00e1te,&#8220; nap\u00edsal jeden z turistov.<\/p>\n<p class=\"v-d-p\" style=\"padding:0px; text-align:start\">Dovolenk\u00e1ri a miestni obyvatelia v posledn\u00fdch rokoch \u010delili v mnoh\u00fdch oblastiach obmedzeniam t\u00fdkaj\u00facim sa sp\u0155ch na pl\u00e1\u017each. Nieko\u013eko pl\u00e1\u017e\u00ed na v\u00fdchodnom konci pobre\u017eia Costa del Sol, vr\u00e1tane t\u00fdch v obci Rincon de la Victoria, sa minul\u00e9 leto rozhodlo zatvori\u0165 sprchy a otvoren\u00e9 zostali iba sprchy na nohy.<\/p>\n<p class=\"v-d-p\" style=\"padding:0px; text-align:start\">O\u010dak\u00e1va sa, \u017ee situ\u00e1cia sa toto leto po zime s v\u00fddatn\u00fdmi da\u017e\u010fami v\u00fdrazne zlep\u0161\u00ed.\u00a0Mestsk\u00e1 rada Rincon de la Victoria minul\u00fd mesiac ozn\u00e1mila, \u017ee tento rok otvor\u00ed svoje pl\u00e1\u017eov\u00e9 sprchy ako obvykle.<\/p>\n<p>&#13;<br \/>\n\u00a0<\/p>\n","protected":false},"excerpt":{"rendered":"MATALASCANAS &#8211; Sprcha na pl\u00e1\u017ei v ob\u013e\u00fabenom \u0161panielskom letovisku Matalasca\u00f1as v Andal\u00fazii u\u017e nemus\u00ed by\u0165 zadarmo. \u0160panieli toti\u017e&hellip;\n","protected":false},"author":2,"featured_media":116634,"comment_status":"","ping_status":"","sticky":false,"template":"","format":"standard","meta":{"footnotes":"","_share_on_mastodon":"0"},"categories":[32],"tags":[34,37,33,9733,43,40,39,42,41,1698,36,25251,38,35],"class_list":["post-116633","post","type-post","status-publish","format-standard","has-post-thumbnail","category-spravy","tag-headlines","tag-hlavne-spravy","tag-news","tag-poplatok","tag-sk","tag-slovak","tag-slovakia","tag-slovencina","tag-slovensko","tag-spanielsko","tag-spravy","tag-sprcha","tag-titulky","tag-top-stories"],"share_on_mastodon":{"url":"","error":""},"_links":{"self":[{"href":"https:\/\/www.europesays.com\/sk\/wp-json\/wp\/v2\/posts\/116633","targetHints":{"allow":["GET"]}}],"collection":[{"href":"https:\/\/www.europesays.com\/sk\/wp-json\/wp\/v2\/posts"}],"about":[{"href":"https:\/\/www.europesays.com\/sk\/wp-json\/wp\/v2\/types\/post"}],"author":[{"embeddable":true,"href":"https:\/\/www.europesays.com\/sk\/wp-json\/wp\/v2\/users\/2"}],"replies":[{"embeddable":true,"href":"https:\/\/www.europesays.com\/sk\/wp-json\/wp\/v2\/comments?post=116633"}],"version-history":[{"count":0,"href":"https:\/\/www.europesays.com\/sk\/wp-json\/wp\/v2\/posts\/116633\/revisions"}],"wp:featuredmedia":[{"embeddable":true,"href":"https:\/\/www.europesays.com\/sk\/wp-json\/wp\/v2\/media\/116634"}],"wp:attachment":[{"href":"https:\/\/www.europesays.com\/sk\/wp-json\/wp\/v2\/media?parent=116633"}],"wp:term":[{"taxonomy":"category","embeddable":true,"href":"https:\/\/www.europesays.com\/sk\/wp-json\/wp\/v2\/categories?post=116633"},{"taxonomy":"post_tag","embeddable":true,"href":"https:\/\/www.europesays.com\/sk\/wp-json\/wp\/v2\/tags?post=116633"}],"curies":[{"name":"wp","href":"https:\/\/api.w.org\/{rel}","templated":true}]}}