{"id":117150,"date":"2026-07-06T11:42:12","date_gmt":"2026-07-06T11:42:12","guid":{"rendered":"https:\/\/www.europesays.com\/sk\/117150\/"},"modified":"2026-07-06T11:42:12","modified_gmt":"2026-07-06T11:42:12","slug":"prebudena-sopka-v-oblubenej-destinacii-obmedzili-letecku-dopravu","status":"publish","type":"post","link":"https:\/\/www.europesays.com\/sk\/117150\/","title":{"rendered":"PREBUDEN\u00c1 SOPKA: V ob\u013e\u00fabenej destin\u00e1cii obmedzili leteck\u00fa dopravu"},"content":{"rendered":"<p>Catania 5. j\u00fala (TASR) &#8211; Pre leteck\u00fa dopravu na letisku v Catanii platia v s\u00fa\u010dasnosti v\u00fdrazn\u00e9 obmedzenia, ktor\u00e9 zapr\u00ed\u010dinil siln\u00fd \u00fanik popola zo sic\u00edlskej sopky Etna. TASR o tom informuje pod\u013ea nede\u013e\u0148aj\u0161ej spr\u00e1vy agent\u00fary DPA.<\/p>\n<p>Mesto le\u017e\u00ed priamo na v\u00fdchodnom pobre\u017e\u00ed ostrova Sic\u00edlia pri I\u00f3nskom mori na \u00fap\u00e4t\u00ed Etny. Pod\u013ea inform\u00e1ci\u00ed prev\u00e1dzkovej spolo\u010dnosti letiska bol vzdu\u0161n\u00fd priestor v konkr\u00e9tnej oblasti zasiahnutej popolav\u00fdm mrakom postupuj\u00facim smerom na juh do 19.00 h SEL\u010c \u00faplne uzavret\u00fd. Pribli\u017ene do 21.00 h bude m\u00f4c\u0165 na letisku prist\u00e1\u0165 len p\u00e4\u0165 lietadiel za hodinu. Opatrenia sa t\u00fdkaj\u00fa odletov aj pr\u00edletov.<\/p>\n<p>Cestuj\u00facich \u017eiadaj\u00fa, aby si stav svojho letu overili u pr\u00edslu\u0161nej leteckej spolo\u010dnosti e\u0161te pred pr\u00edchodom na letisko. Prev\u00e1dzkovate\u013e letiska avizoval, \u017ee inform\u00e1cie o pr\u00edpadn\u00fdch \u010fal\u0161\u00edch obmedzeniach poskytne v priebehu d\u0148a.<\/p>\n<p>Pod\u013ea \u00fadajov In\u0161tit\u00fatu geofyziky a vulkanol\u00f3gie (INGV) sa emisie popola z jedn\u00e9ho z kr\u00e1terov Etny za\u010dali tvori\u0165 skoro r\u00e1no. Aktivita sopky nesk\u00f4r zosilnela a vytvorila erup\u010dn\u00fd mrak, ktor\u00fd vyst\u00fapil do v\u00fd\u0161ky pribli\u017ene 1,5 kilometra nad vrchol vulk\u00e1nu. Pod\u013ea aktu\u00e1lnych predpoved\u00ed po\u010dasia sa bude popol v najbli\u017e\u0161\u00edch hodin\u00e1ch pres\u00fava\u0165 \u010falej na juh, doplnil in\u0161tit\u00fat INGV. <\/p>\n<p>Ako vypl\u00fdva z webovej str\u00e1nky letiska v Catanii, zru\u0161en\u00fdch bolo nieko\u013eko letov vr\u00e1tane linky do Berl\u00edna. \u010eal\u0161ie lietadl\u00e1 od\u0161tartovali s me\u0161kan\u00edm a \u010das\u0165 pr\u00edletov museli presmerova\u0165 do Palerma. Pri viacer\u00fdch jednotliv\u00fdch spojeniach sa \u010dakalo na rozhodnutie samotn\u00fdch leteck\u00fdch spolo\u010dnost\u00ed, ako bud\u00fa \u010falej postupova\u0165.<\/p>\n","protected":false},"excerpt":{"rendered":"Catania 5. j\u00fala (TASR) &#8211; Pre leteck\u00fa dopravu na letisku v Catanii platia v s\u00fa\u010dasnosti v\u00fdrazn\u00e9 obmedzenia, ktor\u00e9&hellip;\n","protected":false},"author":2,"featured_media":117151,"comment_status":"","ping_status":"","sticky":false,"template":"","format":"standard","meta":{"footnotes":"","_share_on_mastodon":"0"},"categories":[8],"tags":[38650,38649,33,32483,43,40,42,10146,36,50,537,49,48],"class_list":["post-117150","post","type-post","status-publish","format-standard","has-post-thumbnail","category-svet","tag-catania","tag-etna","tag-news","tag-sicilia","tag-sk","tag-slovak","tag-slovencina","tag-sopka","tag-spravy","tag-svet","tag-taliansko","tag-world","tag-world-news"],"share_on_mastodon":{"url":"https:\/\/pubeurope.com\/@sk\/116872855390660878","error":""},"_links":{"self":[{"href":"https:\/\/www.europesays.com\/sk\/wp-json\/wp\/v2\/posts\/117150","targetHints":{"allow":["GET"]}}],"collection":[{"href":"https:\/\/www.europesays.com\/sk\/wp-json\/wp\/v2\/posts"}],"about":[{"href":"https:\/\/www.europesays.com\/sk\/wp-json\/wp\/v2\/types\/post"}],"author":[{"embeddable":true,"href":"https:\/\/www.europesays.com\/sk\/wp-json\/wp\/v2\/users\/2"}],"replies":[{"embeddable":true,"href":"https:\/\/www.europesays.com\/sk\/wp-json\/wp\/v2\/comments?post=117150"}],"version-history":[{"count":0,"href":"https:\/\/www.europesays.com\/sk\/wp-json\/wp\/v2\/posts\/117150\/revisions"}],"wp:featuredmedia":[{"embeddable":true,"href":"https:\/\/www.europesays.com\/sk\/wp-json\/wp\/v2\/media\/117151"}],"wp:attachment":[{"href":"https:\/\/www.europesays.com\/sk\/wp-json\/wp\/v2\/media?parent=117150"}],"wp:term":[{"taxonomy":"category","embeddable":true,"href":"https:\/\/www.europesays.com\/sk\/wp-json\/wp\/v2\/categories?post=117150"},{"taxonomy":"post_tag","embeddable":true,"href":"https:\/\/www.europesays.com\/sk\/wp-json\/wp\/v2\/tags?post=117150"}],"curies":[{"name":"wp","href":"https:\/\/api.w.org\/{rel}","templated":true}]}}