{"id":117637,"date":"2026-07-07T00:04:13","date_gmt":"2026-07-07T00:04:13","guid":{"rendered":"https:\/\/www.europesays.com\/sk\/117637\/"},"modified":"2026-07-07T00:04:13","modified_gmt":"2026-07-07T00:04:13","slug":"vybuch-budovy-otriasol-viednou-z-umyselneho-cinu-podozrievaju-93-rocneho-muza","status":"publish","type":"post","link":"https:\/\/www.europesays.com\/sk\/117637\/","title":{"rendered":"V\u00fdbuch budovy otriasol Vied\u0148ou. Z \u00famyseln\u00e9ho \u010dinu podozrievaj\u00fa 93-ro\u010dn\u00e9ho mu\u017ea"},"content":{"rendered":"<p>            VIEDE\u0147  \/<br \/>\n         93-ro\u010dn\u00fd obyvate\u013e rodinn\u00e9ho domu vo viedenskej \u0161tvrti Floridsdorf je podozriv\u00fd, \u017ee v noci na dnes \u00famyselne sp\u00f4sobil v\u00fdbuch plynu, ktor\u00fd \u00faplne zni\u010dil jeho dom a zranil dev\u00e4\u0165 \u013eud\u00ed vr\u00e1tane jeho sam\u00e9ho. V\u00fdbuch v\u00e1\u017ene po\u0161kodil aj susedn\u00e9 rodinn\u00e9 domy, tri osoby vr\u00e1tane podozriv\u00e9ho museli by\u0165 hospitalizovan\u00e9. Mot\u00edv \u010dinu je pod\u013ea pol\u00edcie predmetom vy\u0161etrovania, uviedla agent\u00fara APA.\n    <\/p>\n<p>    Zranila sa tehotn\u00e1 \u017eena a \u010fal\u0161ie osoby<\/p>\n<p>Medzi zranen\u00fdmi je aj 25-ro\u010dn\u00e1 tehotn\u00e1 \u017eena, ktor\u00e1 bola prevezen\u00e1 do nemocnice. \u0160es\u0165 miestnych obyvate\u013eov bolo o\u0161etren\u00fdch na mieste a boli prepusten\u00ed do dom\u00e1cej starostlivosti, ozn\u00e1mili z\u00e1chran\u00e1ri.<\/p>\n<p>    <a href=\"https:\/\/www.noviny.sk\/zahranicie\/1228696-vybuch-v-monaku-pripravil-manzelku-ukrajinskeho-oligarchu-o-nohy\" class=\"img\" rel=\"nofollow noopener\" target=\"_blank\"><br \/>\n        <img decoding=\"async\" class=\"lazyload \" src=\"https:\/\/www.europesays.com\/sk\/wp-content\/uploads\/2026\/07\/1783382653_785_f8c97dde-2409-498f-884e-147e61ab374f.png\" alt=\"V\u00fdbuch v Monaku pripravil milenku ukrajinsk\u00e9ho oligarchu o nohy. \u00datok m\u00e1 s\u00favisie\u0165 s podvodn\u00fdmi telefon\u00e1tmi\" title=\"V\u00fdbuch v Monaku pripravil milenku ukrajinsk\u00e9ho oligarchu o nohy. \u00datok m\u00e1 s\u00favisie\u0165 s podvodn\u00fdmi telefon\u00e1tmi\"\/><br \/>\n    <\/a><\/p>\n<p>Pre\u010d\u00edtajte si tie\u017e<\/p>\n<p>            <a href=\"https:\/\/www.noviny.sk\/zahranicie\/1228696-vybuch-v-monaku-pripravil-manzelku-ukrajinskeho-oligarchu-o-nohy\" rel=\"nofollow noopener\" target=\"_blank\"><br \/>\n                V\u00fdbuch v Monaku pripravil milenku ukrajinsk\u00e9ho oligarchu o nohy. \u00datok m\u00e1 s\u00favisie\u0165 s podvodn\u00fdmi telefon\u00e1tmi<br \/>\n            <\/a><\/p>\n<p>P\u00e1tracie psy pri z\u00e1sahu hasi\u010dov lokalizovali v pivnici \u00faplne zni\u010den\u00e9ho a \u010diasto\u010dne vyhoren\u00e9ho domu 93-ro\u010dn\u00e9ho mu\u017ea. Z\u00e1chran\u00e1ri ho vyslobodili a s \u0165a\u017ek\u00fdmi poraneniami previezli do nemocnice.<\/p>\n<p>    <a href=\"https:\/\/www.noviny.sk\/zahranicie\/1221886-vybuch-znicil-bytovy-dom-jeden-clovek-neprezil-desiatky-dalsich-evakuovali\" class=\"img\" rel=\"nofollow noopener\" target=\"_blank\"><br \/>\n        <img decoding=\"async\" class=\"lazyload \" src=\"https:\/\/www.europesays.com\/sk\/wp-content\/uploads\/2026\/07\/77b41b0c-7ac4-4c91-a35a-004005015ebd.jpeg\" alt=\"V\u00fdbuch zni\u010dil bytov\u00fd dom. Jeden \u010dlovek nepre\u017eil, desiatky \u010fal\u0161\u00edch evakuovali\" title=\"V\u00fdbuch zni\u010dil bytov\u00fd dom. Jeden \u010dlovek nepre\u017eil, desiatky \u010fal\u0161\u00edch evakuovali\"\/><br \/>\n    <\/a><\/p>\n<p>Pre\u010d\u00edtajte si tie\u017e<\/p>\n<p>            <a href=\"https:\/\/www.noviny.sk\/zahranicie\/1221886-vybuch-znicil-bytovy-dom-jeden-clovek-neprezil-desiatky-dalsich-evakuovali\" rel=\"nofollow noopener\" target=\"_blank\"><br \/>\n                V\u00fdbuch zni\u010dil bytov\u00fd dom. Jeden \u010dlovek nepre\u017eil, desiatky \u010fal\u0161\u00edch evakuovali<br \/>\n            <\/a><\/p>\n<p>Vzh\u013eadom na podozrenie z \u00famyseln\u00e9ho ohrozenia verejnosti bol mu\u017e na pr\u00edkaz prokurat\u00fary s\u00fa\u010dasne zadr\u017ean\u00fd a v nemocnici je pod doh\u013eadom. Viedensk\u00ed kriminalisti za\u010dali vy\u0161etrovanie.<\/p>\n","protected":false},"excerpt":{"rendered":"VIEDE\u0147 \/ 93-ro\u010dn\u00fd obyvate\u013e rodinn\u00e9ho domu vo viedenskej \u0161tvrti Floridsdorf je podozriv\u00fd, \u017ee v noci na dnes \u00famyselne&hellip;\n","protected":false},"author":2,"featured_media":117638,"comment_status":"","ping_status":"","sticky":false,"template":"","format":"standard","meta":{"footnotes":"","_share_on_mastodon":"0"},"categories":[8],"tags":[6414,33,4717,43,40,42,36,50,914,3326,49,48],"class_list":["post-117637","post","type-post","status-publish","format-standard","has-post-thumbnail","category-svet","tag-byt","tag-news","tag-plyn","tag-sk","tag-slovak","tag-slovencina","tag-spravy","tag-svet","tag-vieden","tag-vybuch","tag-world","tag-world-news"],"share_on_mastodon":{"url":"https:\/\/pubeurope.com\/@sk\/116875773103166756","error":""},"_links":{"self":[{"href":"https:\/\/www.europesays.com\/sk\/wp-json\/wp\/v2\/posts\/117637","targetHints":{"allow":["GET"]}}],"collection":[{"href":"https:\/\/www.europesays.com\/sk\/wp-json\/wp\/v2\/posts"}],"about":[{"href":"https:\/\/www.europesays.com\/sk\/wp-json\/wp\/v2\/types\/post"}],"author":[{"embeddable":true,"href":"https:\/\/www.europesays.com\/sk\/wp-json\/wp\/v2\/users\/2"}],"replies":[{"embeddable":true,"href":"https:\/\/www.europesays.com\/sk\/wp-json\/wp\/v2\/comments?post=117637"}],"version-history":[{"count":0,"href":"https:\/\/www.europesays.com\/sk\/wp-json\/wp\/v2\/posts\/117637\/revisions"}],"wp:featuredmedia":[{"embeddable":true,"href":"https:\/\/www.europesays.com\/sk\/wp-json\/wp\/v2\/media\/117638"}],"wp:attachment":[{"href":"https:\/\/www.europesays.com\/sk\/wp-json\/wp\/v2\/media?parent=117637"}],"wp:term":[{"taxonomy":"category","embeddable":true,"href":"https:\/\/www.europesays.com\/sk\/wp-json\/wp\/v2\/categories?post=117637"},{"taxonomy":"post_tag","embeddable":true,"href":"https:\/\/www.europesays.com\/sk\/wp-json\/wp\/v2\/tags?post=117637"}],"curies":[{"name":"wp","href":"https:\/\/api.w.org\/{rel}","templated":true}]}}