{"id":118032,"date":"2026-07-07T12:13:10","date_gmt":"2026-07-07T12:13:10","guid":{"rendered":"https:\/\/www.europesays.com\/sk\/118032\/"},"modified":"2026-07-07T12:13:10","modified_gmt":"2026-07-07T12:13:10","slug":"stranu-esn-preveria-pre-mozne-porusovanie-hodnot-eu-clenom-je-aj-republika","status":"publish","type":"post","link":"https:\/\/www.europesays.com\/sk\/118032\/","title":{"rendered":"Stranu ESN preveria pre mo\u017en\u00e9 poru\u0161ovanie hodn\u00f4t E\u00da. \u010clenom je aj Republika"},"content":{"rendered":"<p>            BRATISLAVA\/\u0160TRASBURG  \/<br \/>\n         Eur\u00f3psky parlament schv\u00e1lil za\u010datie procesu, v r\u00e1mci ktor\u00e9ho nez\u00e1visl\u00fd \u00farad prever\u00ed, \u010di eur\u00f3pska politick\u00e1 strana Eur\u00f3pa suver\u00e9nnych n\u00e1rodov (ESN) dodr\u017eiava z\u00e1kladn\u00e9 hodnoty Eur\u00f3pskej \u00fanie. Medzi jej \u010dlenov patr\u00ed aj hnutie Republika. Ak by sa z\u00e1va\u017en\u00e9 poru\u0161enia potvrdili, ESN by mohla pr\u00eds\u0165 o registr\u00e1ciu aj financovanie z rozpo\u010dtu E\u00da. Tento mechanizmus bol spusten\u00fd historicky prv\u00fdkr\u00e1t.\n    <\/p>\n<p>    Prv\u00fdkr\u00e1t spustili nov\u00fd mechanizmus<\/p>\n<p>Eur\u00f3psky parlament v utorok podporil <a href=\"https:\/\/www.europarl.europa.eu\/news\/en\/press-room\/20260706IPR46306\/parliament-requests-verification-of-esn-party-s-compliance-with-eu-values\" rel=\"nofollow noopener\" target=\"_blank\">n\u00e1vrh,<\/a> aby \u00darad pre eur\u00f3pske politick\u00e9 strany a eur\u00f3pske politick\u00e9 nad\u00e1cie (APPF) preveril, \u010di strana Eur\u00f3pa suver\u00e9nnych n\u00e1rodov (ESN) sp\u013a\u0148a podmienky na registr\u00e1ciu a financovanie pod\u013ea pravidiel Eur\u00f3pskej \u00fanie. Za n\u00e1vrh hlasovalo 414 europoslancov, proti bolo 224 a 18 sa zdr\u017ealo.<\/p>\n<p>Ide o prv\u00fd pr\u00edpad, ke\u010f bol spusten\u00fd tento mechanizmus. Parlament z\u00e1rove\u0148 zd\u00f4raznil, \u017ee samotn\u00e9 hlasovanie neznamen\u00e1 rozhodnutie o vine \u010di poru\u0161en\u00ed pravidiel. Poslanci iba umo\u017enili za\u010datie form\u00e1lneho preverovania, o ktorom bude rozhodova\u0165 nez\u00e1visl\u00fd org\u00e1n.<\/p>\n<p>Proces sa za\u010dal po tom, ako APPF informoval Eur\u00f3psky parlament, Eur\u00f3psku komisiu a Radu E\u00da o skuto\u010dnostiach, ktor\u00e9 pod\u013ea \u00faradu vyvol\u00e1vaj\u00fa pochybnosti o tom, \u010di ESN dodr\u017eiava hodnoty zakotven\u00e9 v \u010dl\u00e1nku 2 Zmluvy o Eur\u00f3pskej \u00fanii. Medzi ne patria demokracia, pr\u00e1vny \u0161t\u00e1t \u010di re\u0161pektovanie \u013eudsk\u00fdch pr\u00e1v.<\/p>\n<p>    <a href=\"https:\/\/www.noviny.sk\/zahranicie\/1223972-znacne-riziko-porusenia-ludskych-prav-vysoky-komisar-osn-kritizuje-nove-migracne-pravidla-eu\" class=\"img\" rel=\"nofollow noopener\" target=\"_blank\"><br \/>\n        <img decoding=\"async\" class=\"lazyload \" src=\"https:\/\/www.europesays.com\/sk\/wp-content\/uploads\/2026\/07\/e11a257a-e49c-488d-87ba-9468da7e6341.jpeg\" alt=\"Zna\u010dn\u00e9 riziko poru\u0161enia \u013eudsk\u00fdch pr\u00e1v. Vysok\u00fd komis\u00e1r OSN kritizuje nov\u00e9 migra\u010dn\u00e9 pravidl\u00e1 E\u00da\" title=\"Zna\u010dn\u00e9 riziko poru\u0161enia \u013eudsk\u00fdch pr\u00e1v. Vysok\u00fd komis\u00e1r OSN kritizuje nov\u00e9 migra\u010dn\u00e9 pravidl\u00e1 E\u00da\"\/><br \/>\n    <\/a><\/p>\n<p>Pre\u010d\u00edtajte si tie\u017e<\/p>\n<p>            <a href=\"https:\/\/www.noviny.sk\/zahranicie\/1223972-znacne-riziko-porusenia-ludskych-prav-vysoky-komisar-osn-kritizuje-nove-migracne-pravidla-eu\" rel=\"nofollow noopener\" target=\"_blank\"><br \/>\n                Zna\u010dn\u00e9 riziko poru\u0161enia \u013eudsk\u00fdch pr\u00e1v. Vysok\u00fd komis\u00e1r OSN kritizuje nov\u00e9 migra\u010dn\u00e9 pravidl\u00e1 E\u00da<br \/>\n            <\/a><\/p>\n<p>ESN dostane priestor na obhajobu<\/p>\n<p>Strana ESN bude ma\u0165 teraz pribli\u017ene mesiac na to, aby sa k zisteniam vyjadrila, predlo\u017eila svoje argumenty alebo prijala n\u00e1pravn\u00e9 opatrenia. Tie m\u00f4\u017eu pod\u013ea odborn\u00edkov zah\u0155\u0148a\u0165 napr\u00edklad \u00fapravu programu, di\u0161tancovanie sa od niektor\u00fdch v\u00fdrokov \u010di dokonca vyl\u00fa\u010denie niektorej \u010dlenskej strany.<\/p>\n<p>N\u00e1sledne APPF po\u017eiada o stanovisko V\u00fdbor nez\u00e1visl\u00fdch v\u00fdznamn\u00fdch osobnost\u00ed, ktor\u00fd pos\u00fadi, \u010di ide o zjavn\u00e9 a z\u00e1va\u017en\u00e9 poru\u0161enie hodn\u00f4t Eur\u00f3pskej \u00fanie. A\u017e na z\u00e1klade jeho odpor\u00fa\u010dania rozhodne \u00farad o \u010fal\u0161om postupe. Cel\u00fd proces m\u00f4\u017ee pod\u013ea odborn\u00edkov trva\u0165 nieko\u013eko mesiacov.<\/p>\n<p>Ak by sa poru\u0161enie pravidiel potvrdilo, najv\u00e1\u017enej\u0161\u00edm d\u00f4sledkom by bolo vyradenie ESN z registra eur\u00f3pskych politick\u00fdch str\u00e1n. To by znamenalo stratu pr\u00e1vneho postavenia aj n\u00e1roku na financovanie z rozpo\u010dtu Eur\u00f3pskej \u00fanie.<\/p>\n<p>S\u00fa\u010das\u0165ou strany je aj Republika<\/p>\n<p>Medzi \u010dlenov eur\u00f3pskej politickej strany ESN patr\u00ed aj slovensk\u00e9 hnutie Republika, \u010falej napr\u00edklad nemeck\u00e1 Alternat\u00edva pre Nemecko (AfD) \u010di \u010desk\u00e9 hnutie Sloboda a priama demokracia (SPD).<\/p>\n<p>    <a href=\"https:\/\/www.noviny.sk\/slovensko\/1189157-eslp-pri-policajnom-zasahu-boli-porusene-prava-zien-slovensko-zaplati-cez-28-tisic-eur\" class=\"img\" rel=\"nofollow noopener\" target=\"_blank\"><br \/>\n        <img decoding=\"async\" class=\"lazyload \" src=\"https:\/\/www.europesays.com\/sk\/wp-content\/uploads\/2026\/07\/ea32a8c5-b10d-450d-82d3-4d853d3762f9.png\" alt=\"ES\u013dP: Pri policajnom z\u00e1sahu boli poru\u0161en\u00e9 pr\u00e1va \u017eien. Slovensko zaplat\u00ed cez 28-tis\u00edc eur\" title=\"ES\u013dP: Pri policajnom z\u00e1sahu boli poru\u0161en\u00e9 pr\u00e1va \u017eien. Slovensko zaplat\u00ed cez 28-tis\u00edc eur\"\/><br \/>\n    <\/a><\/p>\n<p>Pre\u010d\u00edtajte si tie\u017e<\/p>\n<p>            <a href=\"https:\/\/www.noviny.sk\/slovensko\/1189157-eslp-pri-policajnom-zasahu-boli-porusene-prava-zien-slovensko-zaplati-cez-28-tisic-eur\" rel=\"nofollow noopener\" target=\"_blank\"><br \/>\n                ES\u013dP: Pri policajnom z\u00e1sahu boli poru\u0161en\u00e9 pr\u00e1va \u017eien. Slovensko zaplat\u00ed cez 28-tis\u00edc eur<br \/>\n            <\/a><\/p>\n<p>Eur\u00f3psky parlament z\u00e1rove\u0148 upozornil, \u017ee pr\u00edpadn\u00e9 sankcie by sa net\u00fdkali automaticky rovnomennej politickej frakcie v europarlamente. Hoci nes\u00fa rovnak\u00fd n\u00e1zov, eur\u00f3pska politick\u00e1 strana a parlamentn\u00e1 frakcia s\u00fa z pr\u00e1vneho h\u013eadiska dva odli\u0161n\u00e9 subjekty a riadia sa rozdielnymi pravidlami.<\/p>\n<p>Pod\u013ea inform\u00e1ci\u00ed port\u00e1lu <a href=\"https:\/\/www.aktuality.sk\/clanok\/1SfqLZq\/republike-hrozi-vysetrovanie-zo-strany-europskej-unie-obvinuju-ich-z-nenavisti-a-chcu-im-odobrat-peniaze\/?utm_source=facebook&amp;utm_medium=social&amp;utm_campaign=aktuality-page-post&amp;fbclid=IwY2xjawS5vcpleHRuA2FlbQIxMABicmlkETFXdnZ0aUFPNVgxTE1VaUROc3J0YwZhcHBfaWQQMjIyMDM5MTc4ODIwMDg5MgABHiMb-orQURXXKQDVhpuAEZK4LnI87SbfmXCCjAeEsJxJIGy-yFVDvfIBw02L_aem_UXtoQNDfcSLfNFKoo_FmXw\" target=\"_blank\" rel=\"nofollow noopener\">Aktuality.sk<\/a>, ktor\u00fd sa odvol\u00e1va na intern\u00fd materi\u00e1l \u00daradu pre eur\u00f3pske politick\u00e9 strany a eur\u00f3pske politick\u00e9 nad\u00e1cie (APPF), dokument obsahuje aj odkazy na vyjadrenia predstavite\u013eov \u010dlensk\u00fdch str\u00e1n ESN. Medzi nimi s\u00fa aj v\u00fdroky europoslanca Milana Mazureka z hnutia Republika.\u00a0Port\u00e1l uv\u00e1dza, \u017ee materi\u00e1l spom\u00edna napr\u00edklad video, v ktorom Mazurek ozna\u010dil moder\u00e1tora za \u201ete**\u00e9ho g**a\u201c, ako aj jeho \u010fal\u0161ie ostr\u00e9 vyjadrenia na adresu migrantov a zahrani\u010dn\u00fdch pracovn\u00edkov.<\/p>\n","protected":false},"excerpt":{"rendered":"BRATISLAVA\/\u0160TRASBURG \/ Eur\u00f3psky parlament schv\u00e1lil za\u010datie procesu, v r\u00e1mci ktor\u00e9ho nez\u00e1visl\u00fd \u00farad prever\u00ed, \u010di eur\u00f3pska politick\u00e1 strana Eur\u00f3pa&hellip;\n","protected":false},"author":2,"featured_media":118033,"comment_status":"","ping_status":"","sticky":false,"template":"","format":"standard","meta":{"footnotes":"","_share_on_mastodon":"0"},"categories":[3],"tags":[57,56,55,8672,7335,10670,18613,43,40,42],"class_list":["post-118032","post","type-post","status-publish","format-standard","has-post-thumbnail","category-europa","tag-eu","tag-europa","tag-europe","tag-europsky-parlament","tag-financovanie","tag-preverenie","tag-republika","tag-sk","tag-slovak","tag-slovencina"],"share_on_mastodon":{"url":"https:\/\/pubeurope.com\/@sk\/116878639731673684","error":""},"_links":{"self":[{"href":"https:\/\/www.europesays.com\/sk\/wp-json\/wp\/v2\/posts\/118032","targetHints":{"allow":["GET"]}}],"collection":[{"href":"https:\/\/www.europesays.com\/sk\/wp-json\/wp\/v2\/posts"}],"about":[{"href":"https:\/\/www.europesays.com\/sk\/wp-json\/wp\/v2\/types\/post"}],"author":[{"embeddable":true,"href":"https:\/\/www.europesays.com\/sk\/wp-json\/wp\/v2\/users\/2"}],"replies":[{"embeddable":true,"href":"https:\/\/www.europesays.com\/sk\/wp-json\/wp\/v2\/comments?post=118032"}],"version-history":[{"count":0,"href":"https:\/\/www.europesays.com\/sk\/wp-json\/wp\/v2\/posts\/118032\/revisions"}],"wp:featuredmedia":[{"embeddable":true,"href":"https:\/\/www.europesays.com\/sk\/wp-json\/wp\/v2\/media\/118033"}],"wp:attachment":[{"href":"https:\/\/www.europesays.com\/sk\/wp-json\/wp\/v2\/media?parent=118032"}],"wp:term":[{"taxonomy":"category","embeddable":true,"href":"https:\/\/www.europesays.com\/sk\/wp-json\/wp\/v2\/categories?post=118032"},{"taxonomy":"post_tag","embeddable":true,"href":"https:\/\/www.europesays.com\/sk\/wp-json\/wp\/v2\/tags?post=118032"}],"curies":[{"name":"wp","href":"https:\/\/api.w.org\/{rel}","templated":true}]}}