{"id":118241,"date":"2026-07-07T15:57:11","date_gmt":"2026-07-07T15:57:11","guid":{"rendered":"https:\/\/www.europesays.com\/sk\/118241\/"},"modified":"2026-07-07T15:57:11","modified_gmt":"2026-07-07T15:57:11","slug":"strane-s-republikou-hrozi-koniec-brusel-spustil-previerku","status":"publish","type":"post","link":"https:\/\/www.europesays.com\/sk\/118241\/","title":{"rendered":"Strane s Republikou hroz\u00ed koniec: Brusel spustil previerku"},"content":{"rendered":"<p>\u010cL\u00c1NOK POKRA\u010cUJE POD REKLAMOU<\/p>\n<p>Poslanci Eur\u00f3pskeho parlamentu (EP) v utorok v \u0160trasburgu schv\u00e1lili \u017eiados\u0165 adresovan\u00fa \u00daradu pre eur\u00f3pske politick\u00e9 strany a eur\u00f3pske politick\u00e9 nad\u00e1cie (APPF), aby preveril, \u010di politick\u00e1 strana Eur\u00f3pa suver\u00e9nnych n\u00e1rodov (ESN) dodr\u017eiava z\u00e1kladn\u00e9 hodnoty Eur\u00f3pskej \u00fanie.<\/p>\n<p>Ak by sa preuk\u00e1zalo ich z\u00e1va\u017en\u00e9 a pretrv\u00e1vaj\u00face poru\u0161ovanie, ESN by mohla pr\u00eds\u0165 o \u0161tat\u00fat eur\u00f3pskej politickej strany aj o financovanie z rozpo\u010dtu E\u00da. Medzi \u010dlenov ESN patr\u00ed slovensk\u00e9 hnutie Republika, ale aj nemeck\u00e1 Alternat\u00edva pre Nemecko (AfD) \u010di \u010desk\u00e9 hnutie Sloboda a priama demokracia (SPD).<\/p>\n<p>Za n\u00e1vrh hlasovalo 414 europoslancov, 224 ich bolo proti a 18 sa zdr\u017ealo. Europarlament ofici\u00e1lne po\u017eiada APPF o za\u010datie overovania, ktor\u00e9ho cie\u013eom je zisti\u0165, \u010di ESN dodr\u017eiava \u010dl\u00e1nok 2 Zmluvy o E\u00da. Ten zakotvuje z\u00e1kladn\u00e9 hodnoty \u00danie vr\u00e1tane demokracie, pr\u00e1vneho \u0161t\u00e1tu a re\u0161pektovania \u013eudsk\u00fdch pr\u00e1v. Ide o prv\u00fd pr\u00edpad uplatnenia tak\u00e9hoto postupu.<\/p>\n<p>Proces obhajoby a n\u00e1pravy<\/p>\n<p>\u201eAPPF vyzve ESN, aby sa vyjadrila, a poskytne jej tak mo\u017enos\u0165 obhajoby, ako aj mo\u017enos\u0165 napravi\u0165 situ\u00e1ciu. Strana bude m\u00f4c\u0165 v priebehu mesiaca predlo\u017ei\u0165 svoje argumenty, vysvetli\u0165 svoje stanovisk\u00e1 a pr\u00edpadne prija\u0165 n\u00e1pravn\u00e9 opatrenia \u2013 napr\u00edklad m\u00f4\u017ee zmeni\u0165 program, di\u0161tancova\u0165 sa od ur\u010dit\u00fdch v\u00fdrokov alebo vyl\u00fa\u010di\u0165 niektor\u00fa zo svojich \u010dlensk\u00fdch str\u00e1n,\u201c pribl\u00ed\u017eila za\u010diatok procesu Vendula Kazlauskas z \u010deskej Asoci\u00e1cie pre medzin\u00e1rodn\u00e9 ot\u00e1zky (AMO).<\/p>\n<p>\u00darad n\u00e1sledne po\u017eiada o stanovisko V\u00fdbor nez\u00e1visl\u00fdch v\u00fdznamn\u00fdch osobnost\u00ed, ktor\u00fd pos\u00fadi, \u010di existuje zjavn\u00e9 a z\u00e1va\u017en\u00e9 poru\u0161enie hodn\u00f4t E\u00da. A\u017e na z\u00e1klade tohto stanoviska APPF rozhodne o \u010fal\u0161om postupe, ozrejmila \u010falej Krist\u00edna Chleb\u00e1kov\u00e1 z In\u0161tit\u00fatu pre eur\u00f3psku politiku Europeum. Pod\u013ea jej slov p\u00f4jde o proces trvaj\u00faci nieko\u013eko mesiacov.<\/p>\n<p>Hroz\u00ed v\u00fdmaz ESN z registra eur\u00f3pskych politick\u00fdch str\u00e1n<\/p>\n<p>Ak sa potvrd\u00ed zjavn\u00e9 a z\u00e1va\u017en\u00e9 poru\u0161enie hodn\u00f4t E\u00da, najv\u00e1\u017enej\u0161\u00edm d\u00f4sledkom m\u00f4\u017ee by\u0165 v\u00fdmaz ESN z registra eur\u00f3pskych politick\u00fdch str\u00e1n, \u010do by znamenalo stratu pr\u00e1vneho \u0161tat\u00fatu aj pr\u00edstupu k financovaniu z rozpo\u010dtu E\u00da, doplnila Chleb\u00e1kov\u00e1. Kazlauskas v\u0161ak upozornila, \u017ee EP a Rada E\u00da by po rozhodnut\u00ed mali e\u0161te tri mesiace na vznesenie n\u00e1mietok.<\/p>\n<p>Pr\u00edpadn\u00e9 nepriazniv\u00e9 rozhodnutie pre ESN by \u201eneznamenalo automatick\u00fd z\u00e1nik rovnomennej politickej skupiny (frakcie) v Eur\u00f3pskom parlamente, ke\u010f\u017ee eur\u00f3pska politick\u00e1 strana a europarlamentn\u00e1 skupina s\u00fa z pr\u00e1vneho h\u013eadiska odli\u0161n\u00e9 subjekty,\u201c zd\u00f4raznila pre TASR Chleb\u00e1kov\u00e1. Politicky by pod\u013ea oboch analyti\u010diek i\u0161lo o prv\u00fd precedens vyu\u017eitia tohto nov\u00e9ho mechanizmu kontroly dodr\u017eiavania hodn\u00f4t E\u00da.<\/p>\n<p class=\"siu-read-more-from-main-category\">\n        \u010c\u00edtaj viac z kateg\u00f3rie: <a href=\"https:\/\/www.startitup.sk\/kategoria\/zo-sveta\/\" rel=\"nofollow noopener\" target=\"_blank\">Zo sveta<\/a>\n      <\/p>\n<p class=\"thank-you-after\">\n        \u010eakujeme, \u017ee \u010d\u00edta\u0161 Startitup. V pr\u00edpade, \u017ee m\u00e1\u0161 postreh alebo si na\u0161iel v \u010dl\u00e1nku chybu, nap\u00ed\u0161 n\u00e1m na <a href=\"mailto:%20redakcia@startitup.sk?subject=Postrehy%20a%20n%C3%A1vrhy&amp;body=%C4%8Cl%C3%A1nok:%20https:\/\/www.startitup.sk\/zlucili-sa-s-nemeckou-afd-teraz-im-hrozi-totalny-koniec-brusel-si-posvieti-na-stranu-slovenskych-europoslancov\/\">redakcia@startitup.sk<\/a>.\n      <\/p>\n","protected":false},"excerpt":{"rendered":"\u010cL\u00c1NOK POKRA\u010cUJE POD REKLAMOU Poslanci Eur\u00f3pskeho parlamentu (EP) v utorok v \u0160trasburgu schv\u00e1lili \u017eiados\u0165 adresovan\u00fa \u00daradu pre eur\u00f3pske&hellip;\n","protected":false},"author":2,"featured_media":118242,"comment_status":"","ping_status":"","sticky":false,"template":"","format":"standard","meta":{"footnotes":"","_share_on_mastodon":"0"},"categories":[3],"tags":[38834,57,56,19025,55,18613,43,40,42],"class_list":["post-118241","post","type-post","status-publish","format-standard","has-post-thumbnail","category-europa","tag-esn","tag-eu","tag-europa","tag-europarlament","tag-europe","tag-republika","tag-sk","tag-slovak","tag-slovencina"],"share_on_mastodon":{"url":"https:\/\/pubeurope.com\/@sk\/116879520256100234","error":""},"_links":{"self":[{"href":"https:\/\/www.europesays.com\/sk\/wp-json\/wp\/v2\/posts\/118241","targetHints":{"allow":["GET"]}}],"collection":[{"href":"https:\/\/www.europesays.com\/sk\/wp-json\/wp\/v2\/posts"}],"about":[{"href":"https:\/\/www.europesays.com\/sk\/wp-json\/wp\/v2\/types\/post"}],"author":[{"embeddable":true,"href":"https:\/\/www.europesays.com\/sk\/wp-json\/wp\/v2\/users\/2"}],"replies":[{"embeddable":true,"href":"https:\/\/www.europesays.com\/sk\/wp-json\/wp\/v2\/comments?post=118241"}],"version-history":[{"count":0,"href":"https:\/\/www.europesays.com\/sk\/wp-json\/wp\/v2\/posts\/118241\/revisions"}],"wp:featuredmedia":[{"embeddable":true,"href":"https:\/\/www.europesays.com\/sk\/wp-json\/wp\/v2\/media\/118242"}],"wp:attachment":[{"href":"https:\/\/www.europesays.com\/sk\/wp-json\/wp\/v2\/media?parent=118241"}],"wp:term":[{"taxonomy":"category","embeddable":true,"href":"https:\/\/www.europesays.com\/sk\/wp-json\/wp\/v2\/categories?post=118241"},{"taxonomy":"post_tag","embeddable":true,"href":"https:\/\/www.europesays.com\/sk\/wp-json\/wp\/v2\/tags?post=118241"}],"curies":[{"name":"wp","href":"https:\/\/api.w.org\/{rel}","templated":true}]}}