{"id":118323,"date":"2026-07-07T17:46:11","date_gmt":"2026-07-07T17:46:11","guid":{"rendered":"https:\/\/www.europesays.com\/sk\/118323\/"},"modified":"2026-07-07T17:46:11","modified_gmt":"2026-07-07T17:46:11","slug":"pamatate-si-hetesovcov-jojka-ozivuje-legendarnu-sou-ale-vysachovali-juniora","status":"publish","type":"post","link":"https:\/\/www.europesays.com\/sk\/118323\/","title":{"rendered":"Pam\u00e4t\u00e1te si Hete\u0161ovcov? JOJka o\u017eivuje legend\u00e1rnu \u0161ou, ale&#8230; Vy\u0161achovali Juniora"},"content":{"rendered":"<p>BRATISLAVA &#8211; Ve\u013ek\u00fd telev\u00edzny n\u00e1vrat je na spadnutie. JOJka po rokoch opr\u00e1\u0161i \u0161ou, ktor\u00fa si div\u00e1ci sp\u00e1jaj\u00fa s nezabudnute\u013en\u00fdmi s\u00fa\u0165a\u017eiacimi aj legend\u00e1rnymi hl\u00e1\u0161kami.<\/p>\n<p data-end=\"271\" data-start=\"14\">Telev\u00edzia JOJ vracia na obrazovky jeden zo svojich naj\u00faspe\u0161nej\u0161\u00edch form\u00e1tov. Ob\u013e\u00faben\u00e1 kuch\u00e1rska \u0161ou\u00a0Moja mama var\u00ed lep\u0161ie ako tvoja, ktor\u00e1 v minulosti bavila div\u00e1kov viac ako tis\u00edckou epiz\u00f3d, dostane nov\u00fd vizu\u00e1l, nov\u00fdch s\u00fa\u0165a\u017eiacich aj nov\u00e9ho moder\u00e1tora.<\/p>\n<p data-end=\"425\" data-start=\"273\">Pr\u00edpravy s\u00fa u\u017e v plnom pr\u00fade a tvorcovia aktu\u00e1lne h\u013eadaj\u00fa v\u00fdrazn\u00e9 rodinn\u00e9 \u010di kamar\u00e1tske dvojice, ktor\u00e9 prines\u00fa na obrazovky em\u00f3cie, humor aj s\u00fa\u0165a\u017eivos\u0165.<\/p>\n<p data-end=\"754\" data-start=\"427\">\u201eDiv\u00e1ci sa m\u00f4\u017eu te\u0161i\u0165 na n\u00e1vrat ikonick\u00e9ho form\u00e1tu, ktor\u00fd ich na obrazovk\u00e1ch sprev\u00e1dzal viac ako 1000 \u010dast\u00ed. Aktu\u00e1lne u\u017e naplno pracujeme na kastingoch, kde sa sna\u017e\u00edme n\u00e1js\u0165 v\u00fdrazn\u00e9 charaktery a nov\u00e9ho moder\u00e1tora, ktor\u00fd bude div\u00e1kov v roku 2027 sprev\u00e1dza\u0165 ka\u017ed\u00fd pracovn\u00fd de\u0148 o 18.00 hodine,\u201c prezradil re\u017eis\u00e9r Tom\u00e1\u0161 Eibner.<\/p>\n<p data-end=\"1028\" data-start=\"756\">Novinkou bude aj \u00faplne nov\u00e9 \u0161t\u00fadio a modernej\u0161\u00ed vizu\u00e1l. Fan\u00fa\u0161ikovia sa v\u0161ak nemusia ob\u00e1va\u0165, \u017ee \u0161ou strat\u00ed svoje \u010daro. \u201eNepr\u00eddeme ani o najzn\u00e1mej\u0161ie tv\u00e1re nav\u017edy spojen\u00e9 s touto zna\u010dkou. \u010cak\u00e1 n\u00e1s plnokrvn\u00e1 a energick\u00e1 \u0161ou Moja mama var\u00ed lep\u0161ie ako tvoja,\u201c dodal Eibner.<\/p>\n<p data-end=\"1288\" data-is-last-node=\"\" data-is-only-node=\"\" data-start=\"1030\">Po\u010das rokov vysielania rel\u00e1cia predstavila mno\u017estvo nezabudnute\u013en\u00fdch s\u00fa\u0165a\u017eiacich. Div\u00e1ci si dodnes pam\u00e4taj\u00fa napr\u00edklad legend\u00e1rnych Hete\u0161ovcov a ich nezabudnute\u013en\u00e9 hl\u00e1\u0161ky. Nezmazate\u013en\u00fa stopu zanechali hlu\u010dn\u00ed, no mimoriadne talentovan\u00ed Habovci, kuchy\u0148ou pre\u0161li aj zn\u00e1mi Bu\u010dkovci. Teraz m\u00e1 JOJ amb\u00edciu objavi\u0165 nov\u00e9 osobnosti, ktor\u00e9 si z\u00edskaj\u00fa rovnak\u00fa priaze\u0148 publika.<\/p>\n<p data-end=\"1288\" data-is-last-node=\"\" data-is-only-node=\"\" data-start=\"1030\">Prihl\u00e1si\u0165 sa m\u00f4\u017ee absol\u00fatne ka\u017ed\u00fd, kto chce za\u017ei\u0165 nie\u010do nezabudnute\u013en\u00e9 a neboj\u00ed sa v\u00fdzvy. \u201eH\u013ead\u00e1me energick\u00e9, autentick\u00e9 a v\u00fdrazn\u00e9 dvojice, ktor\u00e9 maj\u00fa odvahu postavi\u0165 sa pred telev\u00edzne kamery a uk\u00e1za\u0165 cel\u00e9mu Slovensku svoje kuch\u00e1rske umenie pod tlakom,\u201c vyz\u00fdva re\u017eis\u00e9r Tom\u00e1\u0161 Eibner. Ak div\u00e1kom v kuchyni nech\u00fdba humor, em\u00f3cie a chu\u0165 vyhr\u00e1va\u0165, sta\u010d\u00ed urobi\u0165 prv\u00fd krok a vyplni\u0165 <a href=\"https:\/\/shortaudition.com\/Moja-mama-vari-lepsie?nomand=1\" rel=\"nofollow noopener\" target=\"_blank\">kastingov\u00fd dotazn\u00edk<\/a>.<\/p>\n<p>\t\tHlasovanie ukon\u010den\u00e9<\/p>\n<p>\t\t\t\t{{ poll.title }}<\/p>\n<p>\t\t\t\t\t<img :alt=\"pollImageDescription()\" :src=\"https:\/\/www.topky.sk\/cl\/100313\/9440367\/poll.img_url\" class=\"box-quiz-new-image-questionnaire\"\/><\/p>\n<p>{{ poll.image_description }} (Zdroj: {{ poll.image_resource }})<\/p>\n<p>\t\t\t\t\t\t\t\t\t\t\t<img :alt=\"questionImageDescription(question)\" :src=\"https:\/\/www.topky.sk\/cl\/100313\/9440367\/question.img_url\" class=\"box-quiz-new-image-top\"\/><\/p>\n<p>Zdroj: {{ question.image_resource }}<\/p>\n<p>\n\t\t\t\t\t\t\t\t\t\t\t{{ question.text }}\n\t\t\t\t\t\t\t\t\t\t<\/p>\n<p>{{ question.text }}<\/p>\n<p>\t\t\t\t\t\t\t\t\t\t\t\t\t\t<img :alt=\"questionImageDescription(question)\" :src=\"https:\/\/www.topky.sk\/cl\/100313\/9440367\/question.img_url\" class=\"box-quiz-new-image-top\"\/><\/p>\n<p>Zdroj: {{ question.image_resource }}<\/p>\n<p>{{ poll.title }}<\/p>\n<p>{{ question.text }}<\/p>\n<p>\t\t\t\t\t\t\t\t\t\t\t\t\t\t<img :alt=\"questionImageDescription(question)\" :src=\"https:\/\/www.topky.sk\/cl\/100313\/9440367\/question.img_url\" class=\"box-quiz-new-image-top\"\/><\/p>\n<p>Zdroj: {{ question.image_resource }}<\/p>\n<p>{{ poll.rating_worst}}<\/p>\n<p>{{ poll.rating_best}}<\/p>\n<p>{{ poll.rating_best}}<\/p>\n<p>{{ poll.rating_worst}}<\/p>\n<p>\t\t\t\t\t\t\t\t\t\t\t\t\t{{ answer.text }}<\/p>\n<p>\t\t\t\t\t\t\t\t\t\t\t\t\t{{ answer.text }}<\/p>\n<p>\t\t\t\t\t{{ poll.title }}<\/p>\n<p v-if=\"poll.contact_form\">{{ poll.thanks }}<\/p>\n<p>{{ question.text }}<\/p>\n<p>\t\t\t\t\t\t\t\t\t<img :alt=\"questionImageDescription(question)\" :src=\"https:\/\/www.topky.sk\/cl\/100313\/9440367\/question.img_url\" class=\"box-quiz-new-image-top\"\/><\/p>\n<p>Zdroj: {{ question.image_resource }}<\/p>\n<p>Priemern\u00e9 hodnotenie: {{ question.rating }}<\/p>\n<p> Va\u0161e hodnotenie: {{ question.user_rating }}<\/p>\n<p>{{ question.text }}<\/p>\n<p>\t\t\t\t\t\t\t\t\t<img :alt=\"questionImageDescription(question)\" :src=\"https:\/\/www.topky.sk\/cl\/100313\/9440367\/question.img_url\" class=\"box-quiz-new-image-top\"\/><\/p>\n<p>Zdroj: {{ question.image_resource }}<\/p>\n<p>{{ poll.rating_worst}}<\/p>\n<p>{{ poll.rating_best}}<\/p>\n<p>{{ poll.rating_best}}<\/p>\n<p>{{ poll.rating_worst}}<\/p>\n<p>Priemern\u00e9 hodnotenie: {{ question.rating }}<\/p>\n<p> Va\u0161e hodnotenie: {{ question.user_rating }}<\/p>\n<p>Hlasovalo: {{questions[0].votes}}<\/p>\n<p>\t\t\t\t\t\t{{ poll.title }}<\/p>\n<p>\t\t\t\t\t\t\t<img :alt=\"pollImageDescription()\" :src=\"https:\/\/www.topky.sk\/cl\/100313\/9440367\/poll.img_url\" class=\"box-quiz-new-image-questionnaire\"\/><\/p>\n<p>{{ poll.image_description }} (Zdroj: {{ poll.image_resource }})<\/p>\n<p>{{ qIndex+1 }}\/{{ questions.length }}<\/p>\n<p>\t\t\t\t\t\t\t\t\t<img :alt=\"questionImageDescription(question)\" :src=\"https:\/\/www.topky.sk\/cl\/100313\/9440367\/question.img_url\" class=\"box-quiz-new-image-top\"\/><br \/>\n\t\t\t\t\t\t\t\t\t<a class=\"box-quiz-new-magnifier\" href=\"#\" title=\"Zv\u00e4\u010d\u0161i\u0165 obr\u00e1zok\">\u00a0<\/a><\/p>\n<p>Zdroj: {{ question.image_resource }}<\/p>\n<p>{{ question.text }}<\/p>\n<p>M\u00f4\u017eete ozna\u010di\u0165 viacero odpoved\u00ed.<\/p>\n<p class=\"profile-name\">{{ profiles[profileEvalueated.index].name }}<\/p>\n<p v-if=\"poll.show_profiles_percentage\">Zhoda: {{ profileEvalueated.weightPercentage }}%<\/p>\n<p>\t\t\t\t\t\t\t\t\t<img :alt=\"profiles[profileEvalueated.index].image_description\" :src=\"https:\/\/www.topky.sk\/cl\/100313\/9440367\/profiles[profileEvalueated.index].img_url\" class=\"box-quiz-new-image-questionnaire\"\/><\/p>\n<p>{{ profiles[profileEvalueated.index].image_description }} (Zdroj: {{ profiles[profileEvalueated.index].image_resource }})<\/p>\n<p><\/p>\n<p>\t\t\t\t\t\t\t\u00d7<br \/>\n\t\t\t\t\t\t\t<img :alt=\"imageModal.imgDescription\" :src=\"https:\/\/www.topky.sk\/cl\/100313\/9440367\/imageModal.imgUrl\" :style=\"isEmbed ? computeModalImageStyle() : ''\"\/><\/p>\n<p>\n\u00a0<\/p>\n","protected":false},"excerpt":{"rendered":"BRATISLAVA &#8211; Ve\u013ek\u00fd telev\u00edzny n\u00e1vrat je na spadnutie. JOJka po rokoch opr\u00e1\u0161i \u0161ou, ktor\u00fa si div\u00e1ci sp\u00e1jaj\u00fa s&hellip;\n","protected":false},"author":2,"featured_media":118324,"comment_status":"","ping_status":"","sticky":false,"template":"","format":"standard","meta":{"footnotes":"","_share_on_mastodon":"0"},"categories":[15],"tags":[70,38848,38849,43,40,39,42,41,3263,71],"class_list":["post-118323","post","type-post","status-publish","format-standard","has-post-thumbnail","category-zabava","tag-entertainment","tag-moja-mama-vari-lepsie","tag-moja-mama-vari-lepsie-ako-tvoja","tag-sk","tag-slovak","tag-slovakia","tag-slovencina","tag-slovensko","tag-tv-joj","tag-zabava"],"share_on_mastodon":{"url":"https:\/\/pubeurope.com\/@sk\/116879948694180061","error":""},"_links":{"self":[{"href":"https:\/\/www.europesays.com\/sk\/wp-json\/wp\/v2\/posts\/118323","targetHints":{"allow":["GET"]}}],"collection":[{"href":"https:\/\/www.europesays.com\/sk\/wp-json\/wp\/v2\/posts"}],"about":[{"href":"https:\/\/www.europesays.com\/sk\/wp-json\/wp\/v2\/types\/post"}],"author":[{"embeddable":true,"href":"https:\/\/www.europesays.com\/sk\/wp-json\/wp\/v2\/users\/2"}],"replies":[{"embeddable":true,"href":"https:\/\/www.europesays.com\/sk\/wp-json\/wp\/v2\/comments?post=118323"}],"version-history":[{"count":0,"href":"https:\/\/www.europesays.com\/sk\/wp-json\/wp\/v2\/posts\/118323\/revisions"}],"wp:featuredmedia":[{"embeddable":true,"href":"https:\/\/www.europesays.com\/sk\/wp-json\/wp\/v2\/media\/118324"}],"wp:attachment":[{"href":"https:\/\/www.europesays.com\/sk\/wp-json\/wp\/v2\/media?parent=118323"}],"wp:term":[{"taxonomy":"category","embeddable":true,"href":"https:\/\/www.europesays.com\/sk\/wp-json\/wp\/v2\/categories?post=118323"},{"taxonomy":"post_tag","embeddable":true,"href":"https:\/\/www.europesays.com\/sk\/wp-json\/wp\/v2\/tags?post=118323"}],"curies":[{"name":"wp","href":"https:\/\/api.w.org\/{rel}","templated":true}]}}