{"id":118335,"date":"2026-07-07T17:54:18","date_gmt":"2026-07-07T17:54:18","guid":{"rendered":"https:\/\/www.europesays.com\/sk\/118335\/"},"modified":"2026-07-07T17:54:18","modified_gmt":"2026-07-07T17:54:18","slug":"nova-cyklobusova-linka-spaja-bratislavu-s-plaveckym-podhradim-vezme-aj-40-bicyklov","status":"publish","type":"post","link":"https:\/\/www.europesays.com\/sk\/118335\/","title":{"rendered":"Nov\u00e1 cyklobusov\u00e1 linka sp\u00e1ja Bratislavu s Plaveck\u00fdm Podhrad\u00edm. Vezme aj 40 bicyklov"},"content":{"rendered":"<p class=\"wp-block-paragraph\">Leto je ide\u00e1lnym obdob\u00edm na objavovanie Bratislavsk\u00e9ho kraja na dvoch koles\u00e1ch. \u010ci u\u017e patr\u00edte medzi rekrea\u010dn\u00fdch cyklistov, rodiny s de\u0165mi alebo sk\u00fasen\u00fdch \u0161portovcov, nemus\u00edte rie\u0161i\u0165, ako sa dosta\u0165 na za\u010diatok svojej trasy. Bratislavsk\u00fd kraj \u00a0podporuje ekologick\u00fa a udr\u017eate\u013en\u00fa dopravu aj prostredn\u00edctvom cyklobusov, ktor\u00e9 v\u00e1s s bicyklom pohodlne dopravia do ob\u013e\u00faben\u00fdch turistick\u00fdch lokal\u00edt na Z\u00e1hor\u00ed \u010di za hranice do Rak\u00faska.<\/p>\n<p class=\"wp-block-paragraph\">Na Z\u00e1horie s bicyklom aj bez auta<\/p>\n<p class=\"wp-block-paragraph\">Novinkou tejto letnej sez\u00f3ny je\u00a0cyklobusov\u00e1 linka 280\u00a0na trase\u00a0Bratislava \u2013 Stupava \u2013 Roho\u017en\u00edk \u2013 Plaveck\u00e9 Podhradie. Po\u010das v\u00edkendov a\u017e do\u00a027. septembra 2026\u00a0prem\u00e1vaj\u00fa tri p\u00e1ry spojov v pravidelnom \u0161tvorhodinovom intervale, v\u010faka \u010domu sa pohodlne dostanete do Mal\u00fdch Karp\u00e1t aj na Z\u00e1horie bez potreby vlastn\u00e9ho auta. Autobus je vybaven\u00fd \u0161peci\u00e1lnym cyklovoz\u00edkom s kapacitou a\u017e\u00a040 bicyklov, tak\u017ee sa nemus\u00edte ob\u00e1va\u0165, \u017ee sa na v\u00e1\u0161 bicykel nen\u00e1jde miesto. Linka je pritom ur\u010den\u00e1 v\u0161etk\u00fdm cestuj\u00facim \u2013 vyu\u017ei\u0165 ju m\u00f4\u017eu aj t\u00ed, ktor\u00ed cestuj\u00fa bez bicykla. Na spojoch plat\u00ed \u0161tandardn\u00e1 tarifa Integrovan\u00e9ho dopravn\u00e9ho syst\u00e9mu v Bratislavskom kraji (IDS BK).<\/p>\n<p class=\"wp-block-paragraph\">Za cyklov\u00fdletom aj do Rak\u00faska<\/p>\n<p class=\"wp-block-paragraph\">Ob\u013e\u00fabenou vo\u013ebou je aj\u00a0cezhrani\u010dn\u00e1 autobusov\u00e1 linka 901\u00a0sp\u00e1jaj\u00faca Bratislavu s rak\u00faskym Hainburgom. Po\u010das cyklistickej sez\u00f3ny s\u00fa v\u0161etky autobusy vybaven\u00e9 nov\u00fdmi extern\u00fdmi nosi\u010dmi na\u00a0p\u00e4\u0165 bicyklov, ktor\u00e9 dop\u013a\u0148aj\u00fa celoro\u010dn\u00fa mo\u017enos\u0165 prepravy dvoch bicyklov vo vn\u00fatri autobusu.<\/p>\n<p class=\"wp-block-paragraph\">V\u010faka projektu\u00a0Active2Public Transport\u00a0je preprava bicyklov na tejto linke\u00a0bezplatn\u00e1. Pri k\u00fape cestovn\u00e9ho l\u00edstka v aplik\u00e1cii IDS BK sta\u010d\u00ed zvoli\u0165 l\u00edstok ozna\u010den\u00fd\u00a0100 + 101 + 190 +\ud83d\udeb2.<\/p>\n<p class=\"wp-block-paragraph\">Nakladanie a vykladanie bicyklov z extern\u00fdch nosi\u010dov je mo\u017en\u00e9 so s\u00fahlasom vodi\u010da na zast\u00e1vkach\u00a0Bratislava, Most SNP\u00a0a\u00a0Hainburg an der Donau, Pfaffenbergweg.<\/p>\n<p class=\"wp-block-paragraph\">Udr\u017eate\u013en\u00e1 doprava, ktor\u00e1 d\u00e1va zmysel<\/p>\n<p class=\"wp-block-paragraph\">Bratislavsk\u00fd samospr\u00e1vny kraj dlhodobo podporuje rozvoj cyklodopravy \u2013 buduje nov\u00e9 cyklotrasy, prep\u00e1ja ich s verejnou dopravou a vytv\u00e1ra podmienky na to, aby sa bicykel stal prirodzenou s\u00fa\u010das\u0165ou ka\u017edodenn\u00e9ho cestovania aj vo\u013eno\u010dasov\u00fdch aktiv\u00edt. Ak teda po\u010das leta pl\u00e1nujete objavova\u0165 kr\u00e1sy Bratislavsk\u00e9ho kraja, nechajte auto doma. Cyklobusy v\u00e1m u\u013eah\u010dia cestu za v\u00fdletmi, pr\u00edrodou, historick\u00fdmi pamiatkami aj \u0161portov\u00fdmi z\u00e1\u017eitkami \u2013 pohodlne, ekologicky a bez starost\u00ed s parkovan\u00edm.<\/p>\n<p><img fetchpriority=\"high\" decoding=\"async\" width=\"1024\" height=\"668\" data-id=\"179285\" src=\"https:\/\/www.europesays.com\/sk\/wp-content\/uploads\/2026\/07\/1z7z2001bx51d-1024x668.jpg\" alt=\"\" class=\"wp-image-179285\"  \/>Cyklovoz\u00edk vezme a\u017e 40 bicyklov<\/p>\n","protected":false},"excerpt":{"rendered":"Leto je ide\u00e1lnym obdob\u00edm na objavovanie Bratislavsk\u00e9ho kraja na dvoch koles\u00e1ch. \u010ci u\u017e patr\u00edte medzi rekrea\u010dn\u00fdch cyklistov, rodiny&hellip;\n","protected":false},"author":2,"featured_media":118336,"comment_status":"","ping_status":"","sticky":false,"template":"","format":"standard","meta":{"footnotes":"","_share_on_mastodon":"0"},"categories":[21],"tags":[136,30119,38853,373,13673,38854,38855,38856,38857,38858,22493,43,40,39,42,41,14304,38859,1088],"class_list":["post-118335","post","type-post","status-publish","format-standard","has-post-thumbnail","category-bratislava","tag-bratislava","tag-cyklobus","tag-cyklobusova-linka-280","tag-doprava","tag-hainburg","tag-linka-280","tag-linka-901","tag-linka-hainburg","tag-plan-udrzatelnej-mobility","tag-plavecke-podhradie","tag-rohoznik","tag-sk","tag-slovak","tag-slovakia","tag-slovencina","tag-slovensko","tag-stupava","tag-udrzatelna-mobilita","tag-zahorie"],"share_on_mastodon":{"url":"https:\/\/pubeurope.com\/@sk\/116879980510235153","error":""},"_links":{"self":[{"href":"https:\/\/www.europesays.com\/sk\/wp-json\/wp\/v2\/posts\/118335","targetHints":{"allow":["GET"]}}],"collection":[{"href":"https:\/\/www.europesays.com\/sk\/wp-json\/wp\/v2\/posts"}],"about":[{"href":"https:\/\/www.europesays.com\/sk\/wp-json\/wp\/v2\/types\/post"}],"author":[{"embeddable":true,"href":"https:\/\/www.europesays.com\/sk\/wp-json\/wp\/v2\/users\/2"}],"replies":[{"embeddable":true,"href":"https:\/\/www.europesays.com\/sk\/wp-json\/wp\/v2\/comments?post=118335"}],"version-history":[{"count":0,"href":"https:\/\/www.europesays.com\/sk\/wp-json\/wp\/v2\/posts\/118335\/revisions"}],"wp:featuredmedia":[{"embeddable":true,"href":"https:\/\/www.europesays.com\/sk\/wp-json\/wp\/v2\/media\/118336"}],"wp:attachment":[{"href":"https:\/\/www.europesays.com\/sk\/wp-json\/wp\/v2\/media?parent=118335"}],"wp:term":[{"taxonomy":"category","embeddable":true,"href":"https:\/\/www.europesays.com\/sk\/wp-json\/wp\/v2\/categories?post=118335"},{"taxonomy":"post_tag","embeddable":true,"href":"https:\/\/www.europesays.com\/sk\/wp-json\/wp\/v2\/tags?post=118335"}],"curies":[{"name":"wp","href":"https:\/\/api.w.org\/{rel}","templated":true}]}}