{"id":118614,"date":"2026-07-08T04:16:09","date_gmt":"2026-07-08T04:16:09","guid":{"rendered":"https:\/\/www.europesays.com\/sk\/118614\/"},"modified":"2026-07-08T04:16:09","modified_gmt":"2026-07-08T04:16:09","slug":"odhodila-zabrany-aj-svadobne-saty-nevesta-kristina-malachovska-krajala-svadobnu-tortu-v-fuh","status":"publish","type":"post","link":"https:\/\/www.europesays.com\/sk\/118614\/","title":{"rendered":"Odhodila z\u00e1brany aj svadobn\u00e9 \u0161aty! Nevesta Krist\u00edna Malachovsk\u00e1 kr\u00e1jala svadobn\u00fa tortu v&#8230; Fuh!"},"content":{"rendered":"<p>CHORV\u00c1TSKO &#8211; Na tradi\u010dn\u00fa svadobn\u00fa hostinu mohli pr\u00edtomn\u00ed rovno zabudn\u00fa\u0165. Krist\u00edna Malachovsk\u00e1 uk\u00e1zala z\u00e1bery z oslavy, ktor\u00e1 sa niesla v uvo\u013enenej atmosf\u00e9re. Dress code bol jasn\u00fd \u2013 plavky, grilova\u010dka a svadobn\u00e1 torta, ktor\u00fa novoman\u017eelia kr\u00e1jali priamo pri mori. <\/p>\n<p data-end=\"994\" data-start=\"774\">Krist\u00edna Malachovsk\u00e1 si svoj ve\u013ek\u00fd de\u0148 u\u017eila presne pod\u013ea vlastn\u00fdch predst\u00e1v. Namiesto pomp\u00e9znej svadobnej hostiny stavila spolu s man\u017eelom Jakubom na uvo\u013enen\u00fa atmosf\u00e9ru, ktor\u00fa si naplno vychutnali nielen oni, ale aj ich hostia.<\/p>\n<p>Na soci\u00e1lnej sieti zverejnila s\u00e9riu fotografi\u00ed, z ktor\u00fdch je jasn\u00e9, \u017ee pravidl\u00e1 boli tentoraz celkom in\u00e9. Dress code bol toti\u017e jednozna\u010dn\u00fd \u2013 v\u0161etci hostia mali pr\u00eds\u0165 v plavk\u00e1ch. \u201eDress code bol jasn\u00fd! Na na\u0161ej hostine boli povinn\u00e9,\u201c\u00a0nap\u00edsala Krist\u00edna k z\u00e1berom.<\/p>\n<p data-end=\"1557\" data-start=\"1269\">Namiesto nieko\u013ekoposchodovej torty \u010di luxusn\u00e9ho serv\u00edrovan\u00e9ho menu stavili novoman\u017eelia na jednoduch\u0161ie, no o to osobnej\u0161ie pohostenie. Na grile sa pripravovalo m\u00e4so aj ryby, nech\u00fdbalo v\u00edno, dokonca aj jeho nealkoholick\u00e1 verzia, a svadobn\u00e1 torta bola pod\u013ea slov nevesty \u201enajmen\u0161ia mo\u017en\u00e1\u201c.<\/p>\n<p data-end=\"1782\" data-start=\"1559\">Najv\u00e4\u010d\u0161iu pozornos\u0165 v\u0161ak p\u00fatali z\u00e1bery, na ktor\u00fdch Krist\u00edna s Jakubom kr\u00e1jaj\u00fa svadobn\u00fa tortu priamo v plavk\u00e1ch. Uvo\u013enen\u00e1 n\u00e1lada, \u00fasmevy a letn\u00e1 atmosf\u00e9ra jasne ukazovali, \u017ee dvojica si svoj de\u0148 zariadila presne pod\u013ea seba. \u201eNie je to pre ka\u017ed\u00e9ho, ale boli sme to MY,\u201c dodala Krist\u00edna, \u010d\u00edm dala jasne najavo, \u017ee na trad\u00edcie sa nehrali a najd\u00f4le\u017eitej\u0161ie pre nich bolo, aby sa vo svoj svadobn\u00fd de\u0148 c\u00edtili prirodzene a obklopen\u00ed najbli\u017e\u0161\u00edmi.<\/p>\n<p>\t\tHlasovanie ukon\u010den\u00e9<\/p>\n<p>\t\t\t\t{{ poll.title }}<\/p>\n<p>\t\t\t\t\t<img :alt=\"pollImageDescription()\" :src=\"https:\/\/www.topky.sk\/cl\/100313\/9439967\/poll.img_url\" class=\"box-quiz-new-image-questionnaire\"\/><\/p>\n<p>{{ poll.image_description }} (Zdroj: {{ poll.image_resource }})<\/p>\n<p>\t\t\t\t\t\t\t\t\t\t\t<img :alt=\"questionImageDescription(question)\" :src=\"https:\/\/www.topky.sk\/cl\/100313\/9439967\/question.img_url\" class=\"box-quiz-new-image-top\"\/><\/p>\n<p>Zdroj: {{ question.image_resource }}<\/p>\n<p>\n\t\t\t\t\t\t\t\t\t\t\t{{ question.text }}\n\t\t\t\t\t\t\t\t\t\t<\/p>\n<p>{{ question.text }}<\/p>\n<p>\t\t\t\t\t\t\t\t\t\t\t\t\t\t<img :alt=\"questionImageDescription(question)\" :src=\"https:\/\/www.topky.sk\/cl\/100313\/9439967\/question.img_url\" class=\"box-quiz-new-image-top\"\/><\/p>\n<p>Zdroj: {{ question.image_resource }}<\/p>\n<p>{{ poll.title }}<\/p>\n<p>{{ question.text }}<\/p>\n<p>\t\t\t\t\t\t\t\t\t\t\t\t\t\t<img :alt=\"questionImageDescription(question)\" :src=\"https:\/\/www.topky.sk\/cl\/100313\/9439967\/question.img_url\" class=\"box-quiz-new-image-top\"\/><\/p>\n<p>Zdroj: {{ question.image_resource }}<\/p>\n<p>{{ poll.rating_worst}}<\/p>\n<p>{{ poll.rating_best}}<\/p>\n<p>{{ poll.rating_best}}<\/p>\n<p>{{ poll.rating_worst}}<\/p>\n<p>\t\t\t\t\t\t\t\t\t\t\t\t\t{{ answer.text }}<\/p>\n<p>\t\t\t\t\t\t\t\t\t\t\t\t\t{{ answer.text }}<\/p>\n<p>\t\t\t\t\t{{ poll.title }}<\/p>\n<p v-if=\"poll.contact_form\">{{ poll.thanks }}<\/p>\n<p>{{ question.text }}<\/p>\n<p>\t\t\t\t\t\t\t\t\t<img :alt=\"questionImageDescription(question)\" :src=\"https:\/\/www.topky.sk\/cl\/100313\/9439967\/question.img_url\" class=\"box-quiz-new-image-top\"\/><\/p>\n<p>Zdroj: {{ question.image_resource }}<\/p>\n<p>Priemern\u00e9 hodnotenie: {{ question.rating }}<\/p>\n<p> Va\u0161e hodnotenie: {{ question.user_rating }}<\/p>\n<p>{{ question.text }}<\/p>\n<p>\t\t\t\t\t\t\t\t\t<img :alt=\"questionImageDescription(question)\" :src=\"https:\/\/www.topky.sk\/cl\/100313\/9439967\/question.img_url\" class=\"box-quiz-new-image-top\"\/><\/p>\n<p>Zdroj: {{ question.image_resource }}<\/p>\n<p>{{ poll.rating_worst}}<\/p>\n<p>{{ poll.rating_best}}<\/p>\n<p>{{ poll.rating_best}}<\/p>\n<p>{{ poll.rating_worst}}<\/p>\n<p>Priemern\u00e9 hodnotenie: {{ question.rating }}<\/p>\n<p> Va\u0161e hodnotenie: {{ question.user_rating }}<\/p>\n<p>Hlasovalo: {{questions[0].votes}}<\/p>\n<p>\t\t\t\t\t\t{{ poll.title }}<\/p>\n<p>\t\t\t\t\t\t\t<img :alt=\"pollImageDescription()\" :src=\"https:\/\/www.topky.sk\/cl\/100313\/9439967\/poll.img_url\" class=\"box-quiz-new-image-questionnaire\"\/><\/p>\n<p>{{ poll.image_description }} (Zdroj: {{ poll.image_resource }})<\/p>\n<p>{{ qIndex+1 }}\/{{ questions.length }}<\/p>\n<p>\t\t\t\t\t\t\t\t\t<img :alt=\"questionImageDescription(question)\" :src=\"https:\/\/www.topky.sk\/cl\/100313\/9439967\/question.img_url\" class=\"box-quiz-new-image-top\"\/><br \/>\n\t\t\t\t\t\t\t\t\t<a class=\"box-quiz-new-magnifier\" href=\"#\" title=\"Zv\u00e4\u010d\u0161i\u0165 obr\u00e1zok\">\u00a0<\/a><\/p>\n<p>Zdroj: {{ question.image_resource }}<\/p>\n<p>{{ question.text }}<\/p>\n<p>M\u00f4\u017eete ozna\u010di\u0165 viacero odpoved\u00ed.<\/p>\n<p class=\"profile-name\">{{ profiles[profileEvalueated.index].name }}<\/p>\n<p v-if=\"poll.show_profiles_percentage\">Zhoda: {{ profileEvalueated.weightPercentage }}%<\/p>\n<p>\t\t\t\t\t\t\t\t\t<img :alt=\"profiles[profileEvalueated.index].image_description\" :src=\"https:\/\/www.topky.sk\/cl\/100313\/9439967\/profiles[profileEvalueated.index].img_url\" class=\"box-quiz-new-image-questionnaire\"\/><\/p>\n<p>{{ profiles[profileEvalueated.index].image_description }} (Zdroj: {{ profiles[profileEvalueated.index].image_resource }})<\/p>\n<p><\/p>\n<p>\t\t\t\t\t\t\t\u00d7<br \/>\n\t\t\t\t\t\t\t<img :alt=\"imageModal.imgDescription\" :src=\"https:\/\/www.topky.sk\/cl\/100313\/9439967\/imageModal.imgUrl\" :style=\"isEmbed ? computeModalImageStyle() : ''\"\/><\/p>\n","protected":false},"excerpt":{"rendered":"CHORV\u00c1TSKO &#8211; Na tradi\u010dn\u00fa svadobn\u00fa hostinu mohli pr\u00edtomn\u00ed rovno zabudn\u00fa\u0165. Krist\u00edna Malachovsk\u00e1 uk\u00e1zala z\u00e1bery z oslavy, ktor\u00e1 sa&hellip;\n","protected":false},"author":2,"featured_media":118615,"comment_status":"","ping_status":"","sticky":false,"template":"","format":"standard","meta":{"footnotes":"","_share_on_mastodon":"0"},"categories":[15],"tags":[70,23600,43,40,39,42,41,185,18427,71],"class_list":["post-118614","post","type-post","status-publish","format-standard","has-post-thumbnail","category-zabava","tag-entertainment","tag-kristina-malachovska","tag-sk","tag-slovak","tag-slovakia","tag-slovencina","tag-slovensko","tag-svadba","tag-torta","tag-zabava"],"share_on_mastodon":{"url":"https:\/\/pubeurope.com\/@sk\/116882426355235071","error":""},"_links":{"self":[{"href":"https:\/\/www.europesays.com\/sk\/wp-json\/wp\/v2\/posts\/118614","targetHints":{"allow":["GET"]}}],"collection":[{"href":"https:\/\/www.europesays.com\/sk\/wp-json\/wp\/v2\/posts"}],"about":[{"href":"https:\/\/www.europesays.com\/sk\/wp-json\/wp\/v2\/types\/post"}],"author":[{"embeddable":true,"href":"https:\/\/www.europesays.com\/sk\/wp-json\/wp\/v2\/users\/2"}],"replies":[{"embeddable":true,"href":"https:\/\/www.europesays.com\/sk\/wp-json\/wp\/v2\/comments?post=118614"}],"version-history":[{"count":0,"href":"https:\/\/www.europesays.com\/sk\/wp-json\/wp\/v2\/posts\/118614\/revisions"}],"wp:featuredmedia":[{"embeddable":true,"href":"https:\/\/www.europesays.com\/sk\/wp-json\/wp\/v2\/media\/118615"}],"wp:attachment":[{"href":"https:\/\/www.europesays.com\/sk\/wp-json\/wp\/v2\/media?parent=118614"}],"wp:term":[{"taxonomy":"category","embeddable":true,"href":"https:\/\/www.europesays.com\/sk\/wp-json\/wp\/v2\/categories?post=118614"},{"taxonomy":"post_tag","embeddable":true,"href":"https:\/\/www.europesays.com\/sk\/wp-json\/wp\/v2\/tags?post=118614"}],"curies":[{"name":"wp","href":"https:\/\/api.w.org\/{rel}","templated":true}]}}