{"id":119793,"date":"2026-07-09T09:03:07","date_gmt":"2026-07-09T09:03:07","guid":{"rendered":"https:\/\/www.europesays.com\/sk\/119793\/"},"modified":"2026-07-09T09:03:07","modified_gmt":"2026-07-09T09:03:07","slug":"cinsky-gigant-vyrobil-uz-17-milionov-aut-a-europa-im-nestiha","status":"publish","type":"post","link":"https:\/\/www.europesays.com\/sk\/119793\/","title":{"rendered":"\u010c\u00ednsky gigant vyrobil u\u017e 17 mili\u00f3nov \u00e1ut a Eur\u00f3pa im nest\u00edha"},"content":{"rendered":"<p style=\"text-align: justify;\">\u010c\u00ednska automobilka BYD neponech\u00e1va ni\u010d na n\u00e1hodu a glob\u00e1lny trh valcuje nepredstavite\u013enou r\u00fdchlos\u0165ou. D\u0148a 8. j\u00fala 2026 ofici\u00e1lne ozn\u00e1mila dosiahnutie neskuto\u010dn\u00e9ho m\u00ed\u013enika \u2013 17 mili\u00f3nov vyroben\u00fdch vozidiel kateg\u00f3rie NEV, kam spadaj\u00fa \u010dist\u00e9 elektromobily a plug-in hybridy. Toto \u010d\u00edslo jasne ukazuje, \u017ee \u010d\u00ednska ofenz\u00edva nie je len do\u010dasn\u00fdm trendom, ale mas\u00edvnou transform\u00e1ciou cel\u00e9ho autopriemyslu.<\/p>\n<p style=\"text-align: justify;\">Tento gigantick\u00fd \u00faspech prich\u00e1dza v \u010dase, kedy sa eur\u00f3psky trh len \u0165a\u017eko spam\u00e4t\u00e1va z agres\u00edvnej konkurencie \u00e1zijsk\u00fdch zna\u010diek. Napr\u00edklad tak\u00e9 <a href=\"https:\/\/fontech.startitup.sk\/tradicne-automobilky-maju-problem-mg-07-s-revolucnou-bateriou-a-dojazdom-840-km-startuje-na-sialene-nizkej-cene\/\" target=\"_blank\" rel=\"noopener nofollow\">MG s nov\u00fdm modelom a brut\u00e1lnym dojazdom<\/a> dokazuje, \u017ee \u010d\u00ednske automobilky dok\u00e1\u017eu stla\u010di\u0165 ceny na \u00farove\u0148, o ktorej sa eur\u00f3pskym v\u00fdrobcom ani nesn\u00edva. BYD v\u0161ak mieri e\u0161te vy\u0161\u0161ie a s nov\u00fdm modelom Seal 08 definuje nov\u00fa triedu luxusu a technologickej vyspelosti.<\/p>\n<p style=\"text-align: justify;\">Ozn\u00e1menie tohto d\u00f4le\u017eit\u00e9ho m\u00ed\u013enika pri\u0161lo len p\u00e1r dn\u00ed po tom, \u010do bol nov\u00fd vlajkov\u00fd sedan ofici\u00e1lne uveden\u00fd na trh. \u017de nejde o \u017eiaden okrajov\u00fd model pre p\u00e1r vyvolen\u00fdch, <a href=\"https:\/\/carnewschina.com\" target=\"_blank\" rel=\"noopener nofollow\">vyplynulo z najnov\u0161\u00edch zisten\u00ed<\/a>, pod\u013ea ktor\u00fdch si t\u00e1to pr\u00e9miov\u00e1 novinka stihla za extr\u00e9mne kr\u00e1tky \u010das prip\u00edsa\u0165 u\u017e viac ako 100 000 z\u00e1v\u00e4zn\u00fdch objedn\u00e1vok.<\/p>\n<p style=\"text-align: justify;\">Ke\u010f sa pozrie\u0161 na \u010dasov\u00fa os, zist\u00ed\u0161, \u017ee BYD moment\u00e1lne vyr\u00e1ba aut\u00e1 r\u00fdchlej\u0161ie ako kedyko\u013evek predt\u00fdm. Svoj 10-mili\u00f3nov\u00fd m\u00ed\u013enik dosiahli v novembri 2024. Na m\u00e9tu 15 mili\u00f3nov sa dostali v decembri 2025. Pre\u0161lo v\u0161ak len o nie\u010do viac ako \u0161es\u0165 mesiacov a na svete je u\u017e 17-mili\u00f3nte auto. Posledn\u00fd mili\u00f3n zvl\u00e1dli vyrobi\u0165 za necel\u00e9 tri mesiace. To je dynamika, ak\u00fa tradi\u010dn\u00fd svet motorov e\u0161te neza\u017eil.<\/p>\n<p>Dizajnov\u00e1 evol\u00facia a extr\u00e9mny komfort na palube<\/p>\n<p style=\"text-align: justify;\">Model Seal 08 reprezentuje nov\u00fd dizajnov\u00fd jazyk s n\u00e1zvom \u201eOcean Aesthetics 2.0\u201c. Predn\u00e1 \u010das\u0165 vozidla up\u00fata uzavretou maskou, \u00fazkymi svetlometmi a ostro rezanou kapotou, ktor\u00e1 autu dod\u00e1va agres\u00edvny postoj. Na streche si ur\u010dite v\u0161imne\u0161 LiDAR senzor, ktor\u00fd spolupracuje s pokro\u010dil\u00fdm asisten\u010dn\u00fdm syst\u00e9mom riadenia \u201eGod\u2019s Eye B\u201c.<\/p>\n<p style=\"text-align: justify;\">S rozmermi 5150 mm na d\u013a\u017eku, 1999 mm na \u0161\u00edrku a r\u00e1zvorom os\u00ed a\u017e 3030 mm pon\u00faka t\u00e1to limuz\u00edna kr\u00e1\u013eovsk\u00fd priestor. Elegantn\u00e1 silueta fastbacku je doplnen\u00e1 o zapusten\u00e9 k\u013eu\u010dky dver\u00ed a mohutn\u00e9 viacl\u00fa\u010dov\u00e9 disky kolies. Zadnej \u010dasti zasa dominuje sveteln\u00e1 li\u0161ta tiahnuca sa po celej \u0161\u00edrke vozidla.<\/p>\n<p style=\"text-align: justify;\">Skuto\u010dn\u00e9 divadlo \u0165a v\u0161ak \u010dak\u00e1 v interi\u00e9ri. Predn\u00e1 \u010das\u0165 kab\u00edny pon\u00faka minimalistick\u00fa palubn\u00fa dosku s obrovsk\u00fdm oto\u010dn\u00fdm displejom a dvojicou luxusn\u00fdch \u201ezero-gravity\u201c sedadiel. Cestuj\u00faci vzadu maj\u00fa k dispoz\u00edcii elektricky nastavite\u013en\u00e9 opierky n\u00f4h, vlastn\u00fa ovl\u00e1daciu obrazovku, vykl\u00e1pac\u00ed stol\u00edk, vstavan\u00fa chladni\u010dku na n\u00e1poje a sedadl\u00e1 vybaven\u00e9 vyhrievan\u00edm, ventil\u00e1ciou aj mas\u00e1\u017enymi funkciami. Ide o biznis triedu na \u0161tyroch koles\u00e1ch.<\/p>\n<p>Brut\u00e1lne parametre: 900 km na \u010dist\u00fa elektrinu alebo hybrid s dojazdom 1 660 km<\/p>\n<p style=\"text-align: justify;\">BYD Seal 08 prich\u00e1dza na trh v dvoch verzi\u00e1ch pohonu \u2013 ako \u010dist\u00fd elektromobil (BEV) aj ako mimoriadne efekt\u00edvny plug-in hybrid (PHEV). Obe verzie navy\u0161e disponuj\u00fa technol\u00f3giou bleskov\u00e9ho nab\u00edjania.<\/p>\n<p>\u010cist\u00fd elektromobil (BEV): Je postaven\u00fd na modernej 800-voltovej architekt\u00fare a vyu\u017e\u00edva druh\u00fa gener\u00e1ciu revolu\u010dnej Blade Battery od BYD. Na jedno nabitie s\u013eubuje dojazd neskuto\u010dn\u00fdch 905 km (pod\u013ea metodiky CLTC) a u\u017e za 5 min\u00fat na r\u00fdchlonab\u00edja\u010dke dok\u00e1\u017ee z\u00edska\u0165 sp\u00e4\u0165 400 km dojazdu.<br \/>\nPlug-in hybrid (PHEV): Kombinuje prepl\u0148ovan\u00fd 1.5T motor s v\u00fdkonn\u00fdm elektromotorom, pri\u010dom celkov\u00fd syst\u00e9mov\u00fd v\u00fdkon dosahuje mas\u00edvnych 400 kW (536 kon\u00ed). V\u010faka bat\u00e9rii s kapacitou 45,36 kWh prejde \u010disto na elektrinu a\u017e 400 km. Pri plnej n\u00e1dr\u017ei a nabitej bat\u00e9rii sa celkov\u00fd dojazd vy\u0161plh\u00e1 na astronomick\u00fdch 1 660 km.<\/p>\n<p style=\"text-align: justify;\">Aby bola jazda s t\u00fdmto obrom \u010do najpohodlnej\u0161ia a najistej\u0161ia, in\u017einieri auto vybavili nat\u00e1\u010dan\u00edm zadnej n\u00e1pravy a pokro\u010dil\u00fdm podvozkov\u00fdm syst\u00e9mom DiSus-A, ktor\u00fd akt\u00edvne potl\u00e1\u010da n\u00e1klony karos\u00e9rie v z\u00e1krut\u00e1ch.<\/p>\n<p>Do\u010dk\u00e1me sa ho aj v Eur\u00f3pe?<\/p>\n<p style=\"text-align: justify;\">Zatia\u013e \u010do sa v Eur\u00f3pe <a href=\"https:\/\/fontech.startitup.sk\/spojili-sily-v-europe-nove-elektricke-suv-od-renaultu-a-mitsubishi-dostanu-800v-siet-a-dojazd-az-1-400-km\/\" target=\"_blank\" rel=\"noopener nofollow\">tradi\u010dn\u00e9 automobilky sna\u017eia zachr\u00e1ni\u0165 sp\u00e1jan\u00edm s\u00edl<\/a>, aby dok\u00e1zali konkurova\u0165 lacn\u00fdm \u00e1zijsk\u00fdm modelom, BYD si ide \u00faplne vlastn\u00fa ligu. Mas\u00edvny objem produkcie umo\u017e\u0148uje tejto zna\u010dke optimalizova\u0165 v\u00fdrobn\u00e9 n\u00e1klady na \u00farove\u0148, ktorej nedok\u00e1\u017ee konkurova\u0165 takmer nikto na starom kontinente.<\/p>\n<p style=\"text-align: justify;\">Hoci sa Seal 08 najprv udom\u00e1cni na dom\u00e1com \u010d\u00ednskom trhu, pre Eur\u00f3pu a Slovensko nesie jasn\u00fd odkaz. Technol\u00f3gie, ktor\u00e9 BYD do tohto vlajkov\u00e9ho sedanu nasadil, sa \u010doskoro objavia aj v men\u0161\u00edch a cenovo dostupnej\u0161\u00edch modeloch ur\u010den\u00fdch pre n\u00e1\u0161 trh. Ak eur\u00f3pski v\u00fdrobcovia neprines\u00fa adekv\u00e1tnu odpove\u010f, \u010d\u00ednsky drak ich na poli elektrifik\u00e1cie definit\u00edvne pohlt\u00ed.<\/p>\n<p>\n        \u010c\u00edtajte viac z kateg\u00f3rie: <a href=\"https:\/\/fontech.startitup.sk\/category\/tech\/\" rel=\"nofollow noopener\" target=\"_blank\">Tech<\/a>\n      <\/p>\n<p class=\"thank-you-after\">\n      \u010eakujeme, \u017ee \u010d\u00edta\u0161 Fontech. V pr\u00edpade, \u017ee m\u00e1\u0161 postreh alebo si na\u0161iel v \u010dl\u00e1nku chybu, nap\u00ed\u0161 n\u00e1m na <a href=\"https:\/\/fontech.startitup.sk\/europski-giganti-byd-vlajkova-lod-trha-rekordy-predajov\/mailto:%20redakcia@fontech.sk?subject=Postrehy%20a%20n%C3%A1vrhy\" rel=\"nofollow noopener\" target=\"_blank\">redakcia@fontech.sk<\/a>.\n      <\/p>\n","protected":false},"excerpt":{"rendered":"\u010c\u00ednska automobilka BYD neponech\u00e1va ni\u010d na n\u00e1hodu a glob\u00e1lny trh valcuje nepredstavite\u013enou r\u00fdchlos\u0165ou. D\u0148a 8. j\u00fala 2026 ofici\u00e1lne&hellip;\n","protected":false},"author":2,"featured_media":119794,"comment_status":"","ping_status":"","sticky":false,"template":"","format":"standard","meta":{"footnotes":"","_share_on_mastodon":"0"},"categories":[3],"tags":[3245,38322,395,38323,273,398,39105,2571,57,56,55,1102,38325,43,40,42,39106],"class_list":["post-119793","post","type-post","status-publish","format-standard","has-post-thumbnail","category-europa","tag-automobilovy-priemysel","tag-blade-battery","tag-byd","tag-byd-seal-08","tag-cina","tag-cinsky-elektromobil","tag-denza-d9","tag-elektromobilita","tag-eu","tag-europa","tag-europe","tag-plug-in-hybrid","tag-seal-08","tag-sk","tag-slovak","tag-slovencina","tag-yiche"],"share_on_mastodon":{"url":"https:\/\/pubeurope.com\/@sk\/116889216970397174","error":""},"_links":{"self":[{"href":"https:\/\/www.europesays.com\/sk\/wp-json\/wp\/v2\/posts\/119793","targetHints":{"allow":["GET"]}}],"collection":[{"href":"https:\/\/www.europesays.com\/sk\/wp-json\/wp\/v2\/posts"}],"about":[{"href":"https:\/\/www.europesays.com\/sk\/wp-json\/wp\/v2\/types\/post"}],"author":[{"embeddable":true,"href":"https:\/\/www.europesays.com\/sk\/wp-json\/wp\/v2\/users\/2"}],"replies":[{"embeddable":true,"href":"https:\/\/www.europesays.com\/sk\/wp-json\/wp\/v2\/comments?post=119793"}],"version-history":[{"count":0,"href":"https:\/\/www.europesays.com\/sk\/wp-json\/wp\/v2\/posts\/119793\/revisions"}],"wp:featuredmedia":[{"embeddable":true,"href":"https:\/\/www.europesays.com\/sk\/wp-json\/wp\/v2\/media\/119794"}],"wp:attachment":[{"href":"https:\/\/www.europesays.com\/sk\/wp-json\/wp\/v2\/media?parent=119793"}],"wp:term":[{"taxonomy":"category","embeddable":true,"href":"https:\/\/www.europesays.com\/sk\/wp-json\/wp\/v2\/categories?post=119793"},{"taxonomy":"post_tag","embeddable":true,"href":"https:\/\/www.europesays.com\/sk\/wp-json\/wp\/v2\/tags?post=119793"}],"curies":[{"name":"wp","href":"https:\/\/api.w.org\/{rel}","templated":true}]}}