{"id":120439,"date":"2026-07-09T22:06:07","date_gmt":"2026-07-09T22:06:07","guid":{"rendered":"https:\/\/www.europesays.com\/sk\/120439\/"},"modified":"2026-07-09T22:06:07","modified_gmt":"2026-07-09T22:06:07","slug":"dvakrat-skoro-zomrel-na-travniku-vieme-co-bude-s-eriksenovou-karierou-po-druhom-kolapse","status":"publish","type":"post","link":"https:\/\/www.europesays.com\/sk\/120439\/","title":{"rendered":"Dvakr\u00e1t skoro zomrel na tr\u00e1vniku: Vieme, \u010do bude s Eriksenovou kari\u00e9rou po druhom kolapse"},"content":{"rendered":"<p><a href=\"https:\/\/sportky.zoznam.sk\/g\/487919\/dvakrat-skoro-zomrel-na-travniku-vieme-co-bude-s-eriksenovou-karierou-po-druhom-kolapse?image=1178573\" title=\"D\u00e1nsky reprezentant Christian Eriksen\" rel=\"nofollow noopener\" target=\"_blank\">\t\t\t<img decoding=\"async\" loading=\"lazy\" src=\"https:\/\/www.europesays.com\/sk\/wp-content\/uploads\/2026\/07\/christian-eriksen-danska-futbalova-1178573.jpg\"  alt=\"D\u00e1nsky reprezentant Christian Eriksen\"\/><\/a>D\u00e1nsky reprezentant Christian Eriksen\t\t\t Zdroj: SITA\/AP\/Ritzau Scanpix\/Bo Amstrup\t\t\t\t<\/p>\n<p>WOLFSBURG &#8211; D\u00e1nsky futbalista Christian Eriksen za\u010dne individu\u00e1lny rehabilita\u010dn\u00fd program po tom, \u010do v j\u00fani druh\u00fdkr\u00e1t skolaboval po\u010das reprezenta\u010dn\u00e9ho z\u00e1pasu. Informoval o tom nemeck\u00fd klub VfL Wolfsburg, v ktorom 34-ro\u010dn\u00fd stredopoliar p\u00f4sob\u00ed od septembra 2025.\t<\/p>\n<p>Eriksen skolaboval 7. j\u00fana v pr\u00edpravnom z\u00e1pase proti Ukrajine. \u201eChristian \u010doskoro za\u010dne individu\u00e1lny rehabilita\u010dn\u00fd program. Po diskusi\u00e1ch s v\u00fdkonn\u00fdm riadite\u013eom VfL Dieterom Heckingom bolo rozhodnut\u00e9, \u017ee hr\u00e1\u010d ho absolvuje vo svojom rodnom D\u00e1nsku. <\/p>\n<p>VfL zost\u00e1va v pravidelnom kontakte s Christianom a lek\u00e1rmi, ktor\u00ed dohliadaj\u00fa na jeho lie\u010dbu. Christianovi na\u010falej prajeme v\u0161etko najlep\u0161ie s jeho rehabilit\u00e1ciou,\u201c uviedol klub v ofici\u00e1lnom vyhl\u00e1sen\u00ed, z ktor\u00e9ho citovala agent\u00fara DPA.<\/p>\n<p>&#13;<\/p>\n<p dir=\"ltr\">Update zu Christian Eriksen<\/p>\n<p>Christian Eriksen wird in K\u00fcrze mit einem individuellen Rehaprogramm beginnen. Nach einem Gespr\u00e4ch mit VfL-Gesch\u00e4ftsf\u00fchrer Dieter Hecking wurde entschieden, dass der 34-J\u00e4hrige dies in seiner Heimat D\u00e4nemark absolvieren wird.<\/p>\n<p>Der VfL ist in\u2026 <a href=\"https:\/\/t.co\/Wrm6oqzT3G\" rel=\"nofollow\">pic.twitter.com\/Wrm6oqzT3G<\/a><\/p>\n<p>&#13;<br \/>\n\u2014 VfL Wolfsburg (@VfL_Wolfsburg) <a href=\"https:\/\/x.com\/VfL_Wolfsburg\/status\/2075203805730271652?ref_src=twsrc%5Etfw\" rel=\"nofollow\">July 9, 2026<\/a><\/p>\n<p>Pre Eriksena to bol u\u017e druh\u00fd kolaps. Prv\u00fd utrpel po\u010das z\u00e1pasu s F\u00ednskom na ME 2021, ke\u010f ho po z\u00e1stave srdca museli resuscitova\u0165 a implantovali mu defibril\u00e1tor. Tentoraz sa Eriksen r\u00fdchlo prebral k vedomiu a dok\u00e1zal sa s\u00e1m dosta\u0165 k sanitke.<\/p>\n<p><script async src=\"https:\/\/platform.twitter.com\/widgets.js\" charset=\"utf-8\"><\/script><\/p>\n","protected":false},"excerpt":{"rendered":"D\u00e1nsky reprezentant Christian Eriksen Zdroj: SITA\/AP\/Ritzau Scanpix\/Bo Amstrup WOLFSBURG &#8211; D\u00e1nsky futbalista Christian Eriksen za\u010dne individu\u00e1lny rehabilita\u010dn\u00fd program&hellip;\n","protected":false},"author":2,"featured_media":120440,"comment_status":"","ping_status":"","sticky":false,"template":"","format":"standard","meta":{"footnotes":"","_share_on_mastodon":"0"},"categories":[13],"tags":[39216,43,40,39,42,41,69,68,39217],"class_list":["post-120439","post","type-post","status-publish","format-standard","has-post-thumbnail","category-sport","tag-christian-eriksen","tag-sk","tag-slovak","tag-slovakia","tag-slovencina","tag-slovensko","tag-sport","tag-sports","tag-vfl-wolfsburg"],"share_on_mastodon":{"url":"https:\/\/pubeurope.com\/@sk\/116892296100547413","error":""},"_links":{"self":[{"href":"https:\/\/www.europesays.com\/sk\/wp-json\/wp\/v2\/posts\/120439","targetHints":{"allow":["GET"]}}],"collection":[{"href":"https:\/\/www.europesays.com\/sk\/wp-json\/wp\/v2\/posts"}],"about":[{"href":"https:\/\/www.europesays.com\/sk\/wp-json\/wp\/v2\/types\/post"}],"author":[{"embeddable":true,"href":"https:\/\/www.europesays.com\/sk\/wp-json\/wp\/v2\/users\/2"}],"replies":[{"embeddable":true,"href":"https:\/\/www.europesays.com\/sk\/wp-json\/wp\/v2\/comments?post=120439"}],"version-history":[{"count":0,"href":"https:\/\/www.europesays.com\/sk\/wp-json\/wp\/v2\/posts\/120439\/revisions"}],"wp:featuredmedia":[{"embeddable":true,"href":"https:\/\/www.europesays.com\/sk\/wp-json\/wp\/v2\/media\/120440"}],"wp:attachment":[{"href":"https:\/\/www.europesays.com\/sk\/wp-json\/wp\/v2\/media?parent=120439"}],"wp:term":[{"taxonomy":"category","embeddable":true,"href":"https:\/\/www.europesays.com\/sk\/wp-json\/wp\/v2\/categories?post=120439"},{"taxonomy":"post_tag","embeddable":true,"href":"https:\/\/www.europesays.com\/sk\/wp-json\/wp\/v2\/tags?post=120439"}],"curies":[{"name":"wp","href":"https:\/\/api.w.org\/{rel}","templated":true}]}}