{"id":121723,"date":"2026-07-11T13:56:10","date_gmt":"2026-07-11T13:56:10","guid":{"rendered":"https:\/\/www.europesays.com\/sk\/121723\/"},"modified":"2026-07-11T13:56:10","modified_gmt":"2026-07-11T13:56:10","slug":"video-este-pred-mesiacom-bol-jasnym-lidrom-najvacsi-smoliar-motogp-schytal-dalsiu-ranu-pod-pas","status":"publish","type":"post","link":"https:\/\/www.europesays.com\/sk\/121723\/","title":{"rendered":"VIDEO E\u0161te pred mesiacom bol jasn\u00fdm l\u00eddrom: Najv\u00e4\u010d\u0161\u00ed smoliar MotoGP schytal \u010fal\u0161iu ranu pod p\u00e1s"},"content":{"rendered":"<p>\t<a href=\"https:\/\/sportky.zoznam.sk\/g\/488127\/video-este-pred-mesiacom-bol-jasnym-lidrom-najvacsi-smoliar-motogp-schytal-dalsiu-ranu-pod-pas?image=1179435\" title=\"Marco Bezzecchi\" rel=\"nofollow noopener\" target=\"_blank\">\t\t\t<img decoding=\"async\" loading=\"lazy\" src=\"https:\/\/www.europesays.com\/sk\/wp-content\/uploads\/2026\/07\/motogp-marco-bezzecchi-motogp-1179435.jpg\"  alt=\"Marco Bezzecchi\"\/><\/a>Marco Bezzecchi\t\t\t Zdroj: SITA\/AP\/Kittinun Rodsupan\t\t\t\t<\/p>\n<p>\t\t\t<a class=\"box-article-author-image\"><br \/>\n\t\t\t\t<img decoding=\"async\" src=\"https:\/\/sportky.zoznam.sk\/static\/2019_default\/img\/author.svg\"\/><br \/>\n\t\t\t<\/a><\/p>\n<p class=\"perex\">SACHSENRING &#8211; Zlomenou k\u013e\u00fa\u010dnou kos\u0165ou skon\u010dila pre talianskeho motocyklistu Marca Bezzecchiho kvalifik\u00e1cia na Sachsenringu. \t<\/p>\n<p>Pred Ve\u013ekou cenou Nemecka bol druh\u00fd v priebe\u017enom porad\u00ed MotoGP, ale namiesto \u00fatoku na \u010fal\u0161ie body preletel v siedmej z\u00e1krute cez riadidl\u00e1 a po tvrdom dopade putoval za lek\u00e1rmi. T\u00ed s diagn\u00f3zou rozhodli, \u017ee sa podrob\u00ed\u00a0oper\u00e1cii.<\/p>\n<p>&#13;<br \/>\n&#13;<br \/>\n&#13;<br \/>\n&#13;<\/p>\n<p>Bezzecchiho smola tak pokra\u010duje. Po skvelom za\u010diatku sez\u00f3ny majstrovstiev sveta pri\u0161li nedokon\u010den\u00e9 preteky v Ma\u010farsku a Holandsku, medzit\u00fdm na Grand Prix \u010cR v Brne nemohol \u0161tartova\u0165 po napadnut\u00ed tra\u0165ov\u00e9ho mar\u0161ala. Pred vy\u0161e mesiacom pritom Talian poradie MS viedol s ohromn\u00fdm n\u00e1skokom.<\/p>\n<p>&#13;<br \/>\n&#13;<\/p>\n<p>Kvalifik\u00e1ciu kr\u00e1\u013eovskej kubat\u00fary dnes vyhral \u0160paniel Marc M\u00e1rquez v tra\u0165ovom rekorde pred bratom \u00c1lexom. Jazdcov MotoGP dnes \u010dak\u00e1 od 15:00 e\u0161te \u0161print. Od 14.05 h sa predstavia v bojoch o poz\u00edcie pre \u0161tart v nede\u013e\u0148aj\u0161\u00edch pretekoch\u00a0\u00fa\u010dastn\u00edci Moto2 vr\u00e1tane Filipa Sala\u010da.<\/p>\n<p>&#13;<\/p>\n<p>\t\t\tAutor: \u00a9 Zoznam\/\t\t\tVIDEO: Facebook\/TNT Sports Bikes\t\t\tZdroj: \u010cTK\t<\/p>\n","protected":false},"excerpt":{"rendered":"Marco Bezzecchi Zdroj: SITA\/AP\/Kittinun Rodsupan SACHSENRING &#8211; Zlomenou k\u013e\u00fa\u010dnou kos\u0165ou skon\u010dila pre talianskeho motocyklistu Marca Bezzecchiho kvalifik\u00e1cia na&hellip;\n","protected":false},"author":2,"featured_media":121724,"comment_status":"","ping_status":"","sticky":false,"template":"","format":"standard","meta":{"footnotes":"","_share_on_mastodon":"0"},"categories":[32],"tags":[27418,34,37,30169,35459,33,43,40,39,42,41,36,38,35,39524],"class_list":["post-121723","post","type-post","status-publish","format-standard","has-post-thumbnail","category-spravy","tag-alex-marquez","tag-headlines","tag-hlavne-spravy","tag-marc-marquez","tag-marco-bezzecchi","tag-news","tag-sk","tag-slovak","tag-slovakia","tag-slovencina","tag-slovensko","tag-spravy","tag-titulky","tag-top-stories","tag-velka-cena-nemecka-motogp"],"share_on_mastodon":{"url":"https:\/\/pubeurope.com\/@sk\/116901693585816056","error":""},"_links":{"self":[{"href":"https:\/\/www.europesays.com\/sk\/wp-json\/wp\/v2\/posts\/121723","targetHints":{"allow":["GET"]}}],"collection":[{"href":"https:\/\/www.europesays.com\/sk\/wp-json\/wp\/v2\/posts"}],"about":[{"href":"https:\/\/www.europesays.com\/sk\/wp-json\/wp\/v2\/types\/post"}],"author":[{"embeddable":true,"href":"https:\/\/www.europesays.com\/sk\/wp-json\/wp\/v2\/users\/2"}],"replies":[{"embeddable":true,"href":"https:\/\/www.europesays.com\/sk\/wp-json\/wp\/v2\/comments?post=121723"}],"version-history":[{"count":0,"href":"https:\/\/www.europesays.com\/sk\/wp-json\/wp\/v2\/posts\/121723\/revisions"}],"wp:featuredmedia":[{"embeddable":true,"href":"https:\/\/www.europesays.com\/sk\/wp-json\/wp\/v2\/media\/121724"}],"wp:attachment":[{"href":"https:\/\/www.europesays.com\/sk\/wp-json\/wp\/v2\/media?parent=121723"}],"wp:term":[{"taxonomy":"category","embeddable":true,"href":"https:\/\/www.europesays.com\/sk\/wp-json\/wp\/v2\/categories?post=121723"},{"taxonomy":"post_tag","embeddable":true,"href":"https:\/\/www.europesays.com\/sk\/wp-json\/wp\/v2\/tags?post=121723"}],"curies":[{"name":"wp","href":"https:\/\/api.w.org\/{rel}","templated":true}]}}