{"id":122545,"date":"2026-07-12T17:15:12","date_gmt":"2026-07-12T17:15:12","guid":{"rendered":"https:\/\/www.europesays.com\/sk\/122545\/"},"modified":"2026-07-12T17:15:12","modified_gmt":"2026-07-12T17:15:12","slug":"oravska-starostka-mala-skoncit-v-cpz-po-tom-co-odmietla-fukat","status":"publish","type":"post","link":"https:\/\/www.europesays.com\/sk\/122545\/","title":{"rendered":"Oravsk\u00e1 starostka mala skon\u010di\u0165 v CPZ po tom, \u010do odmietla f\u00faka\u0165"},"content":{"rendered":"<p>Starostka sa mala vraca\u0165 z osl\u00e1v a odmietla f\u00faka\u0165.\t\t\t\t\t\t(Zdroj: obecmalatina.sk, TASR\/L\u00fddia Vojta\u0161\u0161\u00e1kov\u00e1)\t\t\t\t\t<\/p>\n<p>MALATIN\u00c1 &#8211; V\u00edkendov\u00e9 oslavy Ba\u010dovsk\u00fdch dn\u00ed v oravskej obci Malatin\u00e1 maj\u00fa nepr\u00edjemn\u00fa dohru. Pol\u00edcia v skor\u00fdch rann\u00fdch hodin\u00e1ch zadr\u017eala 41-ro\u010dn\u00fa vodi\u010dku, ktor\u00e1 sa odmietla podrobi\u0165 dychovej sk\u00fa\u0161ke. Pod\u013ea inform\u00e1ci\u00ed viacer\u00fdch port\u00e1lov ide o starostku obce Tatianu \u010cerve\u0148ov\u00fa.<\/p>\n<p>O pr\u00edpade informuje <a href=\"https:\/\/tnlive.sk\/domace\/clanok\/1040510-najprv-sa-zabavala-potom-skoncila-v-cpz-starostku-malatinej-zastavila-policia-fukat-odmietla\" target=\"_blank\" rel=\"nofollow noopener\">tnlive.sk<\/a>. \u010cerve\u0148ov\u00e1 kandidovala na poz\u00edciu starostky za stranu Hlas-SD.\u00a0<\/p>\n<p>K incidentu do\u0161lo v nede\u013eu 12. j\u00fala v skor\u00fdch rann\u00fdch hodin\u00e1ch. Starostka sa pod\u013ea medializovan\u00fdch inform\u00e1ci\u00ed z region\u00e1lneho denn\u00edka <a href=\"https:\/\/my.sme.sk\/orava\/c\/starostku-malatinej-mala-zadrzat-policia-nechcela-sa-podrobit-dychovej-skuske\" target=\"_blank\" rel=\"nofollow noopener\">MY Orava<\/a> vracala z podujatia Ba\u010dovsk\u00e9 dni, na ktorom e\u0161te ve\u010der vystupovala na p\u00f3diu a tancovala so spev\u00e1kom Ren\u00e9m Rendym. Cestu jej v\u0161ak skr\u00ed\u017eila policajn\u00e1 hliadka.<\/p>\n<p>\t<a href=\"https:\/\/www.topky.sk\/gl\/9587965\/6539165\/Starostku-obce-zadrzala-policia-na-Orave-po-Bacovskych-dnoch--Fukat-vraj-odmietla-a-skoncila-v-CPZ-\" rel=\"nofollow noopener\" target=\"_blank\"><br \/>\n\t\t<img decoding=\"async\" alt=\"Starostku obce zadr\u017eala pol\u00edcia\" aria-describedby=\"img-res-6539165\" class=\"\" height=\"2581\" id=\"6539165\" loading=\"lazy\" onerror=\"imgArticleLoadErr(this)\" src=\"https:\/\/www.europesays.com\/sk\/wp-content\/uploads\/2026\/07\/Rene-Rendy-Malatina-Tatiana-Cervenova.jpg\" style=\"aspect-ratio:0.620\" title=\"Starostku obce zadr\u017eala pol\u00edcia\" width=\"1600\"\/>\t\t\t<\/p>\n<p>\n\t\t\t\tZobrazi\u0165 gal\u00e9riu (4)\t\t\t<\/p>\n<p>\t<\/a><\/p>\n<p>\t\u00a0(Zdroj: Instagram\/rene.rendy)<\/p>\n<p>Pol\u00edcia mala podozrenie, starostku u\u017e prepustili<\/p>\n<p>Hovorky\u0148a Krajsk\u00e9ho riadite\u013estva Policajn\u00e9ho zboru v \u017diline Zuzana \u0160ef\u010d\u00edkov\u00e1 potvrdila, \u017ee policajti zastavili 41-ro\u010dn\u00fa vodi\u010dku, ktor\u00e1 odmietla dychov\u00fa sk\u00fa\u0161ku.\u00a0&#8222;Hliadka OO PZ Doln\u00fd Kub\u00edn v skor\u00fdch rann\u00fdch hodin\u00e1ch v obci Malatin\u00e1 zastavila 41-ro\u010dn\u00fa vodi\u010dku, ktor\u00e1 sa pri kontrole odmietla podrobi\u0165 dychovej sk\u00fa\u0161ke. \u017dena bola obmedzen\u00e1 na osobnej slobode z d\u00f4vodu podozrenia zo sp\u00e1chania trestn\u00e9ho \u010dinu ohrozenia pod vplyvom n\u00e1vykovej l\u00e1tky a eskortovan\u00e1 na policajn\u00e9 oddelenie,&#8220; uviedla \u0160ef\u010d\u00edkov\u00e1.<\/p>\n<p>Pod\u013ea inform\u00e1ci\u00ed telev\u00edzie Mark\u00edza bola starostka po nieko\u013ek\u00fdch hodin\u00e1ch z policajnej cely prepusten\u00e1 na pr\u00edkaz prokur\u00e1tora. Port\u00e1l z\u00e1rove\u0148 uv\u00e1dza, \u017ee sa tak malo sta\u0165 bez vznesenia obvinenia.<\/p>\n<p>\t<a href=\"https:\/\/www.topky.sk\/gl\/9587965\/6539157\/Starostku-obce-zadrzala-policia-na-Orave-po-Bacovskych-dnoch--Fukat-vraj-odmietla-a-skoncila-v-CPZ-\" rel=\"nofollow noopener\" target=\"_blank\"><br \/>\n\t\t<img decoding=\"async\" alt=\"Starostka obce Malatin\u00e1 Tatiana \u010cerve\u0148ov\u00e1.\" aria-describedby=\"img-res-6539157\" class=\"\" height=\"2329\" id=\"6539157\" loading=\"lazy\" onerror=\"imgArticleLoadErr(this)\" src=\"https:\/\/www.europesays.com\/sk\/wp-content\/uploads\/2026\/07\/starostka-Malatina-Tatiana-Cervenova.jpg\" style=\"aspect-ratio:0.687\" title=\"Starostku obce zadr\u017eala pol\u00edcia\" width=\"1600\"\/>\t\t\t<\/p>\n<p>\n\t\t\t\tZobrazi\u0165 gal\u00e9riu (4)\t\t\t<\/p>\n<p>\t<\/a><\/p>\n<p>Starostka obce Malatin\u00e1 Tatiana \u010cerve\u0148ov\u00e1.\t\u00a0(Zdroj: obecmalatina.sk)<\/p>\n<p>Starostka sa k pr\u00edpadu zatia\u013e nevyjadrila<\/p>\n<p>Redakcia sa pok\u00fa\u0161ala \u010cerve\u0148ov\u00fa kontaktova\u0165 telefonicky aj prostredn\u00edctvom SMS spr\u00e1v, no bez \u00faspechu. Na ot\u00e1zky neodpovedal ani jej telef\u00f3n.\u00a0Jej z\u00e1stupca Jozef Smole\u0148 pre port\u00e1l MY Orava uviedol, \u017ee o udalosti po\u010dul, no bli\u017e\u0161ie inform\u00e1cie nem\u00e1.<\/p>\n<p>&#8222;\u010ci to je pravda alebo nie v\u0161ak neviem potvrdi\u0165, nem\u00e1m o tom \u017eiadne inform\u00e1cie,&#8220; povedal.\u00a0Zauj\u00edmavos\u0165ou je, \u017ee pod\u013ea spom\u00ednan\u00e9ho region\u00e1lneho webu starostka e\u0161te v nede\u013eu v\u00edtala n\u00e1v\u0161tevn\u00edkov druh\u00e9ho d\u0148a festivalu v miestnom amfite\u00e1tri.<\/p>\n<p>Hlas-SD v tom m\u00e1 jasno<\/p>\n<p>K pr\u00edpadu sa vyjadrila aj strana Hlas-SD, za ktor\u00fa Tatiana \u010cerve\u0148ov\u00e1 kandidovala v komun\u00e1lnych vo\u013eb\u00e1ch. &#8222;Strana Hlas odsudzuje ak\u00e9ko\u013evek nezodpovedn\u00e9 konanie za volantom, najm\u00e4 vedenie motorov\u00e9ho vozidla pod vplyvom alkoholu alebo in\u00fdch n\u00e1vykov\u00fdch l\u00e1tok. Tak\u00e9to konanie predstavuje v\u00e1\u017ene ohrozenie bezpe\u010dnosti vodi\u010da aj ostatn\u00fdch \u00fa\u010dastn\u00edkov cestnej prem\u00e1vky,&#8220; uviedla pre Mark\u00edzu strana vo svojom stanovisku.<\/p>\n<p>\t<a href=\"https:\/\/www.topky.sk\/gl\/9587965\/3731325\/Starostku-obce-zadrzala-policia-na-Orave-po-Bacovskych-dnoch--Fukat-vraj-odmietla-a-skoncila-v-CPZ-\" rel=\"nofollow noopener\" target=\"_blank\"><br \/>\n\t\t<img decoding=\"async\" alt=\"Starostku obce zadr\u017eala pol\u00edcia\" aria-describedby=\"img-res-3731325\" class=\"\" height=\"1023\" id=\"3731325\" loading=\"lazy\" onerror=\"imgArticleLoadErr(this)\" src=\"https:\/\/www.europesays.com\/sk\/wp-content\/uploads\/2026\/07\/Denisa-Sakova-Matus-Sutaj-Estok-Hlas-SD.jpg\" style=\"aspect-ratio:1.564\" title=\"Starostku obce zadr\u017eala pol\u00edcia\" width=\"1600\"\/>\t\t\t<\/p>\n<p>\n\t\t\t\tZobrazi\u0165 gal\u00e9riu (4)\t\t\t<\/p>\n<p>\t<\/a><\/p>\n<p>\t\u00a0(Zdroj: TASR\/Franti\u0161ek Iv\u00e1n)<\/p>\n","protected":false},"excerpt":{"rendered":"Starostka sa mala vraca\u0165 z osl\u00e1v a odmietla f\u00faka\u0165. (Zdroj: obecmalatina.sk, TASR\/L\u00fddia Vojta\u0161\u0161\u00e1kov\u00e1) MALATIN\u00c1 &#8211; V\u00edkendov\u00e9 oslavy Ba\u010dovsk\u00fdch&hellip;\n","protected":false},"author":2,"featured_media":122546,"comment_status":"","ping_status":"","sticky":false,"template":"","format":"standard","meta":{"footnotes":"","_share_on_mastodon":"0"},"categories":[6],"tags":[847,39681,39679,525,43,40,44,39,42,45,41,24351,39680,765],"class_list":["post-122545","post","type-post","status-publish","format-standard","has-post-thumbnail","category-slovensko","tag-alkohol","tag-bacovske-dni","tag-cpz","tag-policia","tag-sk","tag-slovak","tag-slovak-republic","tag-slovakia","tag-slovencina","tag-slovenska-republika","tag-slovensko","tag-starostka","tag-tatiana-cervenova","tag-zadrzanie"],"share_on_mastodon":{"url":"https:\/\/pubeurope.com\/@sk\/116908138754552176","error":""},"_links":{"self":[{"href":"https:\/\/www.europesays.com\/sk\/wp-json\/wp\/v2\/posts\/122545","targetHints":{"allow":["GET"]}}],"collection":[{"href":"https:\/\/www.europesays.com\/sk\/wp-json\/wp\/v2\/posts"}],"about":[{"href":"https:\/\/www.europesays.com\/sk\/wp-json\/wp\/v2\/types\/post"}],"author":[{"embeddable":true,"href":"https:\/\/www.europesays.com\/sk\/wp-json\/wp\/v2\/users\/2"}],"replies":[{"embeddable":true,"href":"https:\/\/www.europesays.com\/sk\/wp-json\/wp\/v2\/comments?post=122545"}],"version-history":[{"count":0,"href":"https:\/\/www.europesays.com\/sk\/wp-json\/wp\/v2\/posts\/122545\/revisions"}],"wp:featuredmedia":[{"embeddable":true,"href":"https:\/\/www.europesays.com\/sk\/wp-json\/wp\/v2\/media\/122546"}],"wp:attachment":[{"href":"https:\/\/www.europesays.com\/sk\/wp-json\/wp\/v2\/media?parent=122545"}],"wp:term":[{"taxonomy":"category","embeddable":true,"href":"https:\/\/www.europesays.com\/sk\/wp-json\/wp\/v2\/categories?post=122545"},{"taxonomy":"post_tag","embeddable":true,"href":"https:\/\/www.europesays.com\/sk\/wp-json\/wp\/v2\/tags?post=122545"}],"curies":[{"name":"wp","href":"https:\/\/api.w.org\/{rel}","templated":true}]}}