{"id":122769,"date":"2026-07-13T05:39:08","date_gmt":"2026-07-13T05:39:08","guid":{"rendered":"https:\/\/www.europesays.com\/sk\/122769\/"},"modified":"2026-07-13T05:39:08","modified_gmt":"2026-07-13T05:39:08","slug":"pozor-na-chybu-pre-ktoru-po-oktobri-nemusite-stk-ckou-prejst","status":"publish","type":"post","link":"https:\/\/www.europesays.com\/sk\/122769\/","title":{"rendered":"Pozor na chybu, pre ktor\u00fa po okt\u00f3bri nemus\u00edte STK-\u010dkou prejs\u0165"},"content":{"rendered":"<p>STK-\u010dkou nemus\u00edte pre jedin\u00fa chybu v\u00f4bec prejs\u0165.\t\t\t\t\t\t(Zdroj: TASR &#8211; Radovan Stoklasa)\t\t\t\t\t<\/p>\n<p>BRATISLAVA \u2013 Tis\u00edce slovensk\u00fdch vodi\u010dov \u010dak\u00e1 od jesene z\u00e1sadn\u00e1 zmena. Ak si pred n\u00e1v\u0161tevou stanice technickej alebo emisnej kontroly neskontroluj\u00fa platnos\u0165 povinn\u00e9ho zmluvn\u00e9ho poistenia (PZP), m\u00f4\u017eu od\u00eds\u0165 napr\u00e1zdno. Nov\u00fd syst\u00e9m toti\u017e automaticky odhal\u00ed ka\u017ed\u00e9 nepoisten\u00e9 vozidlo, a to bez oh\u013eadu na jeho technick\u00fd stav. M\u00f4\u017eete ma\u0165 auto ako zo \u0161katu\u013eky a napriek tomu neprejdete.<\/p>\n<p>Ako upozornil <a href=\"https:\/\/www.pravda.sk\/uzitocna\/ako-vybavit\/clanok\/819975-staci-jedina-chyba-v-systeme-a-na-stk-ste-skoncili-ministerstvo-zavadza-novu-pascu-na-vodicov-co-sa-od-oktobra-zmeni\" target=\"_blank\" rel=\"nofollow noopener\">denn\u00edk Pravda<\/a>, ministerstvo dopravy pripravilo nov\u00e9 pravidl\u00e1, pod\u013ea ktor\u00fdch sa od 1. okt\u00f3bra 2026 prepoja syst\u00e9my stan\u00edc technickej a emisnej kontroly s centr\u00e1lnym registrom poistenia. Ak datab\u00e1za uk\u00e1\u017ee, \u017ee vozidlo nem\u00e1 platn\u00e9 PZP, kontrola skon\u010d\u00ed ne\u00faspe\u0161ne.<\/p>\n<p>Doteraz sa pri kontrole \u010dasto predkladala takzvan\u00e1 biela karta, pr\u00edpadne sa na ch\u00fdbaj\u00face poistenie pri\u0161lo a\u017e pri cestnej kontrole. Po novom bude rozhodova\u0165 automatick\u00e9 overenie \u00fadajov v registri. Technik po zadan\u00ed \u00fadajov o vozidle okam\u017eite zist\u00ed, \u010di je poistka platn\u00e1. Ak syst\u00e9m eviduje neexistuj\u00facu zmluvu alebo dlh na poistnom, vozidlo bude vyhodnoten\u00e9 ako nesp\u00f4sobil\u00e9 na prev\u00e1dzku. A pritom m\u00f4\u017ee by\u0165 uplne technicky dokonal\u00e9.<\/p>\n<p>Ministerstvo dopravy tvrd\u00ed, \u017ee cie\u013eom opatrenia je odstr\u00e1ni\u0165 z ciest vozidl\u00e1 bez z\u00e1konn\u00e9ho poistenia. Pr\u00e1ve tie toti\u017e v pr\u00edpade dopravn\u00fdch neh\u00f4d sp\u00f4sobuj\u00fa komplik\u00e1cie po\u0161koden\u00fdm aj Slovenskej kancel\u00e1rii pois\u0165ovate\u013eov, ktor\u00e1 n\u00e1sledne rie\u0161i n\u00e1hradu \u0161k\u00f4d.<\/p>\n<p>\t<a href=\"https:\/\/www.topky.sk\/gl\/9587465\/6435957\/Staci-jedina-chyba-a-STK-ckou-NEPREJDETE--Od-oktobra-prichadza-tvrda-zmena--TIETO-auta-system-okamzite-odhali\" rel=\"nofollow noopener\" target=\"_blank\"><br \/>\n\t\t<img decoding=\"async\" alt=\"Sta\u010d\u00ed jedin\u00e1 chyba a\" aria-describedby=\"img-res-6435957\" class=\"\" height=\"1076\" id=\"6435957\" loading=\"lazy\" onerror=\"imgArticleLoadErr(this)\" src=\"https:\/\/www.europesays.com\/sk\/wp-content\/uploads\/2026\/07\/STK.jpg\" style=\"aspect-ratio:1.487\" title=\"Sta\u010d\u00ed jedin\u00e1 chyba a\" width=\"1600\"\/>\t\t\t<\/p>\n<p>\n\t\t\t\tZobrazi\u0165 gal\u00e9riu (3)\t\t\t<\/p>\n<p>\t<\/a><\/p>\n<p>\t\u00a0(Zdroj: Getty Images, TASR\/Radovan Stoklasa)<\/p>\n<p>Zabudli ste zaplati\u0165? Druh\u00fa \u0161ancu e\u0161te dostanete<\/p>\n<p>Legislat\u00edva v\u0161ak mysl\u00ed aj na vodi\u010dov, ktor\u00ed na zaplatenie poistky jednoducho zabudli alebo sa nov\u00e1 zmluva e\u0161te nestihla zap\u00edsa\u0165 do registra. Ak je jedin\u00fdm probl\u00e9mom ch\u00fdbaj\u00face PZP a vozidlo po technickej str\u00e1nke sp\u013a\u0148a v\u0161etky podmienky, nebude potrebn\u00e9 absolvova\u0165 cel\u00fa kontrolu odznova.<\/p>\n<p>Po uzatvoren\u00ed poistenia bude mo\u017en\u00e9 do 60 dn\u00ed absolvova\u0165 opakovan\u00fa kontrolu iba v \u010diasto\u010dnom rozsahu. Technik u\u017e nebude znovu preverova\u0165 technick\u00fd stav vozidla, ale over\u00ed len odstr\u00e1nenie d\u00f4vodu, pre ktor\u00fd bolo auto p\u00f4vodne ozna\u010den\u00e9 za nesp\u00f4sobil\u00e9.<\/p>\n<p>Nov\u00fd \u00fadaj medzi protokolmi technickej a emisnej kontroly<\/p>\n<p>Novinkou bude aj roz\u0161\u00edrenie protokolov z technickej a emisnej kontroly. Po novom bud\u00fa obsahova\u0165 \u00fadaj o tom, \u010di m\u00e1 vozidlo uzatvoren\u00e9 povinn\u00e9 zmluvn\u00e9 poistenie. Inform\u00e1cia sa tak stane trvalou s\u00fa\u010das\u0165ou z\u00e1znamu o vykonanej kontrole.<\/p>\n<p>Obe vyhl\u00e1\u0161ky ministerstva dopravy podp\u00edsal minister dopravy e\u0161te 19. j\u00fana. \u00da\u010dinnos\u0165 nadobudn\u00fa 1. okt\u00f3bra 2026, ke\u010f sa nov\u00e9 pravidl\u00e1 za\u010dn\u00fa uplat\u0148ova\u0165 na v\u0161etk\u00fdch staniciach technickej aj emisnej kontroly na Slovensku.<\/p>\n<p>\t<a href=\"https:\/\/www.topky.sk\/gl\/9587465\/3922637\/Staci-jedina-chyba-a-STK-ckou-NEPREJDETE--Od-oktobra-prichadza-tvrda-zmena--TIETO-auta-system-okamzite-odhali\" rel=\"nofollow noopener\" target=\"_blank\"><br \/>\n\t\t<img decoding=\"async\" alt=\"Budova, v ktorej s\u00eddli Ministerstvo dopravy a v\u00fdstavby SR \" aria-describedby=\"img-res-3922637\" class=\"\" height=\"1067\" id=\"3922637\" loading=\"lazy\" onerror=\"imgArticleLoadErr(this)\" src=\"https:\/\/www.europesays.com\/sk\/wp-content\/uploads\/2026\/07\/ministerstvo-dopravy.jpg\" style=\"aspect-ratio:1.500\" title=\"Budova, v ktorej s\u00eddli\" width=\"1600\"\/>\t\t\t<\/p>\n<p>\n\t\t\t\tZobrazi\u0165 gal\u00e9riu (3)\t\t\t<\/p>\n<p>\t<\/a><\/p>\n<p>Budova, v ktorej s\u00eddli Ministerstvo dopravy a v\u00fdstavby SR \t\u00a0(Zdroj: TASR &#8211; Jaroslav Nov\u00e1k)<\/p>\n","protected":false},"excerpt":{"rendered":"STK-\u010dkou nemus\u00edte pre jedin\u00fa chybu v\u00f4bec prejs\u0165. (Zdroj: TASR &#8211; Radovan Stoklasa) BRATISLAVA \u2013 Tis\u00edce slovensk\u00fdch vodi\u010dov \u010dak\u00e1&hellip;\n","protected":false},"author":2,"featured_media":122770,"comment_status":"","ping_status":"","sticky":false,"template":"","format":"standard","meta":{"footnotes":"","_share_on_mastodon":"0"},"categories":[32],"tags":[25130,34,37,6261,38775,33,746,747,43,40,39,42,41,36,9958,25128,38,35,8195],"class_list":["post-122769","post","type-post","status-publish","format-standard","has-post-thumbnail","category-spravy","tag-emisna-kontrola","tag-headlines","tag-hlavne-spravy","tag-kontrola","tag-motorove-vozidlo","tag-news","tag-povinne-zmluvne-poistenie","tag-pzp","tag-sk","tag-slovak","tag-slovakia","tag-slovencina","tag-slovensko","tag-spravy","tag-stk","tag-technicka-kontrola","tag-titulky","tag-top-stories","tag-vozidla"],"share_on_mastodon":{"url":"https:\/\/pubeurope.com\/@sk\/116911064252951093","error":""},"_links":{"self":[{"href":"https:\/\/www.europesays.com\/sk\/wp-json\/wp\/v2\/posts\/122769","targetHints":{"allow":["GET"]}}],"collection":[{"href":"https:\/\/www.europesays.com\/sk\/wp-json\/wp\/v2\/posts"}],"about":[{"href":"https:\/\/www.europesays.com\/sk\/wp-json\/wp\/v2\/types\/post"}],"author":[{"embeddable":true,"href":"https:\/\/www.europesays.com\/sk\/wp-json\/wp\/v2\/users\/2"}],"replies":[{"embeddable":true,"href":"https:\/\/www.europesays.com\/sk\/wp-json\/wp\/v2\/comments?post=122769"}],"version-history":[{"count":0,"href":"https:\/\/www.europesays.com\/sk\/wp-json\/wp\/v2\/posts\/122769\/revisions"}],"wp:featuredmedia":[{"embeddable":true,"href":"https:\/\/www.europesays.com\/sk\/wp-json\/wp\/v2\/media\/122770"}],"wp:attachment":[{"href":"https:\/\/www.europesays.com\/sk\/wp-json\/wp\/v2\/media?parent=122769"}],"wp:term":[{"taxonomy":"category","embeddable":true,"href":"https:\/\/www.europesays.com\/sk\/wp-json\/wp\/v2\/categories?post=122769"},{"taxonomy":"post_tag","embeddable":true,"href":"https:\/\/www.europesays.com\/sk\/wp-json\/wp\/v2\/tags?post=122769"}],"curies":[{"name":"wp","href":"https:\/\/api.w.org\/{rel}","templated":true}]}}