{"id":123652,"date":"2026-07-14T03:40:09","date_gmt":"2026-07-14T03:40:09","guid":{"rendered":"https:\/\/www.europesays.com\/sk\/123652\/"},"modified":"2026-07-14T03:40:09","modified_gmt":"2026-07-14T03:40:09","slug":"inter-basket-povedie-aj-v-novej-sezone-grecky-trener-giovannis","status":"publish","type":"post","link":"https:\/\/www.europesays.com\/sk\/123652\/","title":{"rendered":"Inter Basket povedie aj v novej sez\u00f3ne gr\u00e9cky tr\u00e9ner Giovannis"},"content":{"rendered":"<p>Bratislava 13. j\u00fala (TASR) &#8211; Basketbalistov Interu Basket Bratislava povedie aj v sez\u00f3ne 2026\/2027 gr\u00e9cky tr\u00e9ner Theodoros Giovannis. Tridsa\u0165sedemro\u010dn\u00fd kou\u010d zost\u00e1va na lavi\u010dke \u017elto-\u010diernych po tom, \u010do v uplynulom ro\u010dn\u00edku viedol dru\u017estvo v prvej lige a z\u00e1rove\u0148 pracoval aj s juniormi do 20 rokov a minibasketbalistami do 12 rokov. Klub o tom informoval na svojom webe.<\/p>\n<p>Inter Basket je nov\u00e1\u010dikom najvy\u0161\u0161ej s\u00fa\u0165a\u017ee Tipos SBL, ako dr\u017eite\u013e \u201edivokej karty\u201c splnil v\u0161etky podmienky a po schv\u00e1len\u00ed V\u00fdkonn\u00fdm v\u00fdborom a Hracou komisiou SBA tak m\u00f4\u017ee zabojova\u0165 o Trofej Stanislava Kropil\u00e1ka.<\/p>\n<p>Giovannis pri\u0161iel do Bratislavy pred minulou sez\u00f3nou, ktor\u00e1 bola jeho prv\u00fdm tr\u00e9nersk\u00fdm anga\u017em\u00e1n mimo rodn\u00e9ho Gr\u00e9cka. Predt\u00fdm p\u00f4sobil v ml\u00e1de\u017en\u00edckom programe Aristoteles Epanomis, nesk\u00f4r viedol aj t\u00edmy Kentavros Neas Kallikrateias, Ment B.C. a Asteras Plagiariou. \u201eMinul\u00e1 sez\u00f3na bola pre m\u0148a v Interi v\u00fdnimo\u010dn\u00e1 a som ve\u013emi r\u00e1d, \u017ee som dostal pr\u00edle\u017eitos\u0165 pokra\u010dova\u0165 v poz\u00edcii hlavn\u00e9ho tr\u00e9nera aj v nadch\u00e1dzaj\u00facej sez\u00f3ne. Som presved\u010den\u00fd, \u017ee hr\u00e1\u010di, ktor\u00ed v minulej sez\u00f3ne dominovali 1. lige, maj\u00fa potenci\u00e1l by\u0165 platn\u00fdmi hr\u00e1\u010dmi aj v najvy\u0161\u0161ej s\u00fa\u0165a\u017ei. Je pre ich kari\u00e9ru d\u00f4le\u017eit\u00e9 da\u0165 im v mladom veku pr\u00edle\u017eitos\u0165, aby mohli \u010falej basketbalovo r\u00e1s\u0165 a nielen sedie\u0165 na lavi\u010dke,\u201c uviedol Giovannis.<\/p>\n<p>\u201eV systematickej a koncep\u010dnej pr\u00e1ci na \u0161pici pyram\u00eddy pokra\u010duje gr\u00e9cky kou\u010d Theodoros Giovannis s cie\u013eom nadviaza\u0165 na osved\u010den\u00fa spolupr\u00e1cu z minulej sez\u00f3ny. V z\u00e1pasovom prostred\u00ed najvy\u0161\u0161ej seniorskej s\u00fa\u0165a\u017ee a s doplnen\u00fdm k\u00e1drom n\u00e1s \u010dakaj\u00fa nov\u00e9 v\u00fdzvy a ver\u00edm, \u017ee sa tr\u00e9nerovi aj cel\u00e9mu klubu podar\u00ed naplni\u0165 odv\u00e1\u017ene ciele a o\u010dak\u00e1vania,\u201c povedal gener\u00e1lny mana\u017e\u00e9r Interu Michal Ondru\u0161.<\/p>\n","protected":false},"excerpt":{"rendered":"Bratislava 13. j\u00fala (TASR) &#8211; Basketbalistov Interu Basket Bratislava povedie aj v sez\u00f3ne 2026\/2027 gr\u00e9cky tr\u00e9ner Theodoros Giovannis.&hellip;\n","protected":false},"author":2,"featured_media":45172,"comment_status":"","ping_status":"","sticky":false,"template":"","format":"standard","meta":{"footnotes":"","_share_on_mastodon":"0"},"categories":[21],"tags":[1704,136,3617,14277,43,40,39,42,41,992,7464],"class_list":["post-123652","post","type-post","status-publish","format-standard","has-post-thumbnail","category-bratislava","tag-basketbal","tag-bratislava","tag-hlasy","tag-inter","tag-sk","tag-slovak","tag-slovakia","tag-slovencina","tag-slovensko","tag-sr","tag-trener"],"share_on_mastodon":{"url":"https:\/\/pubeurope.com\/@sk\/116916258456901863","error":""},"_links":{"self":[{"href":"https:\/\/www.europesays.com\/sk\/wp-json\/wp\/v2\/posts\/123652","targetHints":{"allow":["GET"]}}],"collection":[{"href":"https:\/\/www.europesays.com\/sk\/wp-json\/wp\/v2\/posts"}],"about":[{"href":"https:\/\/www.europesays.com\/sk\/wp-json\/wp\/v2\/types\/post"}],"author":[{"embeddable":true,"href":"https:\/\/www.europesays.com\/sk\/wp-json\/wp\/v2\/users\/2"}],"replies":[{"embeddable":true,"href":"https:\/\/www.europesays.com\/sk\/wp-json\/wp\/v2\/comments?post=123652"}],"version-history":[{"count":0,"href":"https:\/\/www.europesays.com\/sk\/wp-json\/wp\/v2\/posts\/123652\/revisions"}],"wp:featuredmedia":[{"embeddable":true,"href":"https:\/\/www.europesays.com\/sk\/wp-json\/wp\/v2\/media\/45172"}],"wp:attachment":[{"href":"https:\/\/www.europesays.com\/sk\/wp-json\/wp\/v2\/media?parent=123652"}],"wp:term":[{"taxonomy":"category","embeddable":true,"href":"https:\/\/www.europesays.com\/sk\/wp-json\/wp\/v2\/categories?post=123652"},{"taxonomy":"post_tag","embeddable":true,"href":"https:\/\/www.europesays.com\/sk\/wp-json\/wp\/v2\/tags?post=123652"}],"curies":[{"name":"wp","href":"https:\/\/api.w.org\/{rel}","templated":true}]}}