{"id":123681,"date":"2026-07-14T05:11:11","date_gmt":"2026-07-14T05:11:11","guid":{"rendered":"https:\/\/www.europesays.com\/sk\/123681\/"},"modified":"2026-07-14T05:11:11","modified_gmt":"2026-07-14T05:11:11","slug":"vojna-znamych-moderatorov-skocili-si-do-vlasov-ona-ho-nazvala-slapkou-a-on-uff","status":"publish","type":"post","link":"https:\/\/www.europesays.com\/sk\/123681\/","title":{"rendered":"Vojna zn\u00e1mych moder\u00e1torov! Sko\u010dili si do vlasov, ona ho nazvala \u0161\u013eapkou a on&#8230; uff"},"content":{"rendered":"<p>BRATISLAVA &#8211; Slovenskou internetovou sc\u00e9nou otriasa \u010fal\u0161ia poriadne ostr\u00e1 prestrelka. Moder\u00e1tori Oskar Oski Barami a Katar\u00edna Becca Bal\u00e1\u017eiov\u00e1 si verejne sko\u010dili do vlasov a rozhodne ne\u0161lo len o nevinn\u00fa v\u00fdmenu n\u00e1zorov. Padli tvrd\u00e9 slov\u00e1, obvinenia z dvojak\u00e9ho metra, nar\u00e1\u017eky na inteligenciu a dokonca aj ozna\u010denie \u0161\u013eapka.<\/p>\n<p>Cel\u00fd konflikt od\u0161tartovalo Oskiho video, v ktorom sa venoval pripravovan\u00e9mu rozhovoru Beccy s rapperom Lucom Brassim. Moder\u00e1torka e\u0161te pred jeho zverejnen\u00edm dala jasne najavo, \u017ee sa svojho hos\u0165a nebude p\u00fdta\u0165 na kauzu firmy, ktor\u00fa v minulosti propagoval a ktorej majite\u013e \u010del\u00ed z\u00e1va\u017en\u00fdm obvineniam. \u201eNebudem sa ho na to p\u00fdta\u0165. To je moja talk show, nikomu in\u00e9mu sa nezodpoved\u00e1m vo svojej talk show,\u201c vyhl\u00e1sila.<\/p>\n<p>Pr\u00e1ve tieto slov\u00e1 si Oski zobral na mu\u0161ku. Vo videu pripomenul, \u017ee Becca dlhodobo kritizuje jeho v\u00fdber host\u00ed, najm\u00e4 politikov, pri\u010dom pod\u013ea neho sama pristupuje k svojim hos\u0165om \u00faplne in\u00fdm metrom. \u201eJa nerozde\u013eujem a p\u00fdtam sa aj kriticky. Ty m\u00f4\u017ee\u0161 to\u010di\u0165 s politikmi, ale ke\u010f si ja dovol\u00edm nato\u010di\u0165 t\u00fdch, ktor\u00ed sa tebe nep\u00e1\u010dia, tak u\u017e je pla\u010d,\u201c odk\u00e1zal jej. Barami z\u00e1rove\u0148 vytiahol aj z\u00e1bery z jej rozhovorov, pripomenul jej slov\u00e1 o tom, \u017ee nezn\u00e1\u0161a vypo\u010d\u00edtav\u00fdch \u013eud\u00ed, a nezabudol ani na moment, ke\u010f Becca prezradila, \u017ee jej Luca Brassi daroval drah\u00fd prste\u0148. Aj to je d\u00f4vod, pre\u010do sa Oskar p\u00fdta, \u010di by svojmu hos\u0165ovi dok\u00e1zala polo\u017ei\u0165 aj nepr\u00edjemn\u00e9 ot\u00e1zky. Zd\u00f4raznil pritom, \u017ee ke\u010f robil rozhovor s Lucom Brassim on, otvoril aj t\u00e9mu glorifik\u00e1cie drog v jeho tvorbe.<\/p>\n<p>Vo videu sa v\u0161ak nevenoval len tomu. Tvrd\u00ed tie\u017e, \u017ee mu Becca v minulosti nad\u00e1vala do \u0161\u013eapiek za to, \u017ee rob\u00ed rozhovory s politikmi, ktor\u00ed jej nie s\u00fa sympatick\u00ed. Rovnako odmietol jej nar\u00e1\u017eky na to, \u017ee je platen\u00fd vl\u00e1dou alebo politikmi. \u201eNezobral som nikdy peniaze od \u017eiadnej strany, ani euro. To\u010d\u00edm s ka\u017ed\u00fdm a to je v\u00e1\u0161 jedin\u00fd probl\u00e9m,\u201c vyhl\u00e1sil. Na jeho video zareagovala samotn\u00e1 Becca priamo pod pr\u00edspevkom na Instagrame. \u201eTo je od teba ve\u013emi mil\u00e9, \u017ee si str\u00e1vil nede\u013eu to\u010den\u00edm 3 min. videa o mne, asi je uhorka a parlamentn\u00e9 pr\u00e1zdniny. Video je s\u00edce derav\u00e9 ako ement\u00e1l, ale to by bolo na dlh\u0161ie, mo\u017eno sa vyjadr\u00edm, ale nes\u013eubujem. \u010eakujem za reklamu,\u201c odk\u00e1zala mu s d\u00e1vkou ir\u00f3nie.<\/p>\n<p>Oski na jej koment\u00e1r reagoval prakticky okam\u017eite. \u201eNemus\u00ed\u0161 sa vyjadrova\u0165. V\u0161etko som povedal za teba. Jedine, \u017ee by si bola nah\u00e1\u0148a\u010d oblakov?\u201c nap\u00edsal. Vo videu si toti\u017e neodpustil ani u\u0161tipa\u010dn\u00fa pozn\u00e1mku na adresu Beccinho ozna\u010denia \u201ecloud chaser\u201c, ke\u010f ju opravil, \u017ee spr\u00e1vne je \u201eclout chaser\u201c, a ironicky dodal: \u201eTo\u013eko k tvojmu IQ.\u201c\u00a0Hoci z\u00e1ver svojho videa zakon\u010dil slovami, \u017ee jej praje v\u0161etko dobr\u00e9 a r\u00e1d podpor\u00ed mal\u00fdch tvorcov, nejde sa zbavi\u0165 dojmu, \u017ee t\u00fdmto cel\u00e1 vec e\u0161te nekon\u010d\u00ed&#8230;<\/p>\n<p><\/p>\n<p>\t\tHlasovanie ukon\u010den\u00e9<\/p>\n<p>\t\t\t\t{{ poll.title }}<\/p>\n<p>\t\t\t\t\t<img :alt=\"pollImageDescription()\" :src=\"https:\/\/www.topky.sk\/cl\/100313\/9444317\/poll.img_url\" class=\"box-quiz-new-image-questionnaire\"\/><\/p>\n<p>{{ poll.image_description }} (Zdroj: {{ poll.image_resource }})<\/p>\n<p>\t\t\t\t\t\t\t\t\t\t\t<img :alt=\"questionImageDescription(question)\" :src=\"https:\/\/www.topky.sk\/cl\/100313\/9444317\/question.img_url\" class=\"box-quiz-new-image-top\"\/><\/p>\n<p>Zdroj: {{ question.image_resource }}<\/p>\n<p>\n\t\t\t\t\t\t\t\t\t\t\t{{ question.text }}\n\t\t\t\t\t\t\t\t\t\t<\/p>\n<p>{{ question.text }}<\/p>\n<p>\t\t\t\t\t\t\t\t\t\t\t\t\t\t<img :alt=\"questionImageDescription(question)\" :src=\"https:\/\/www.topky.sk\/cl\/100313\/9444317\/question.img_url\" class=\"box-quiz-new-image-top\"\/><\/p>\n<p>Zdroj: {{ question.image_resource }}<\/p>\n<p>{{ poll.title }}<\/p>\n<p>{{ question.text }}<\/p>\n<p>\t\t\t\t\t\t\t\t\t\t\t\t\t\t<img :alt=\"questionImageDescription(question)\" :src=\"https:\/\/www.topky.sk\/cl\/100313\/9444317\/question.img_url\" class=\"box-quiz-new-image-top\"\/><\/p>\n<p>Zdroj: {{ question.image_resource }}<\/p>\n<p>{{ poll.rating_worst}}<\/p>\n<p>{{ poll.rating_best}}<\/p>\n<p>{{ poll.rating_best}}<\/p>\n<p>{{ poll.rating_worst}}<\/p>\n<p>\t\t\t\t\t\t\t\t\t\t\t\t\t{{ answer.text }}<\/p>\n<p>\t\t\t\t\t\t\t\t\t\t\t\t\t{{ answer.text }}<\/p>\n<p>\t\t\t\t\t{{ poll.title }}<\/p>\n<p v-if=\"poll.contact_form\">{{ poll.thanks }}<\/p>\n<p>{{ question.text }}<\/p>\n<p>\t\t\t\t\t\t\t\t\t<img :alt=\"questionImageDescription(question)\" :src=\"https:\/\/www.topky.sk\/cl\/100313\/9444317\/question.img_url\" class=\"box-quiz-new-image-top\"\/><\/p>\n<p>Zdroj: {{ question.image_resource }}<\/p>\n<p>Priemern\u00e9 hodnotenie: {{ question.rating }}<\/p>\n<p> Va\u0161e hodnotenie: {{ question.user_rating }}<\/p>\n<p>{{ question.text }}<\/p>\n<p>\t\t\t\t\t\t\t\t\t<img :alt=\"questionImageDescription(question)\" :src=\"https:\/\/www.topky.sk\/cl\/100313\/9444317\/question.img_url\" class=\"box-quiz-new-image-top\"\/><\/p>\n<p>Zdroj: {{ question.image_resource }}<\/p>\n<p>{{ poll.rating_worst}}<\/p>\n<p>{{ poll.rating_best}}<\/p>\n<p>{{ poll.rating_best}}<\/p>\n<p>{{ poll.rating_worst}}<\/p>\n<p>Priemern\u00e9 hodnotenie: {{ question.rating }}<\/p>\n<p> Va\u0161e hodnotenie: {{ question.user_rating }}<\/p>\n<p>Hlasovalo: {{questions[0].votes}}<\/p>\n<p>\t\t\t\t\t\t{{ poll.title }}<\/p>\n<p>\t\t\t\t\t\t\t<img :alt=\"pollImageDescription()\" :src=\"https:\/\/www.topky.sk\/cl\/100313\/9444317\/poll.img_url\" class=\"box-quiz-new-image-questionnaire\"\/><\/p>\n<p>{{ poll.image_description }} (Zdroj: {{ poll.image_resource }})<\/p>\n<p>{{ qIndex+1 }}\/{{ questions.length }}<\/p>\n<p>\t\t\t\t\t\t\t\t\t<img :alt=\"questionImageDescription(question)\" :src=\"https:\/\/www.topky.sk\/cl\/100313\/9444317\/question.img_url\" class=\"box-quiz-new-image-top\"\/><br \/>\n\t\t\t\t\t\t\t\t\t<a class=\"box-quiz-new-magnifier\" href=\"#\" title=\"Zv\u00e4\u010d\u0161i\u0165 obr\u00e1zok\">\u00a0<\/a><\/p>\n<p>Zdroj: {{ question.image_resource }}<\/p>\n<p>{{ question.text }}<\/p>\n<p>M\u00f4\u017eete ozna\u010di\u0165 viacero odpoved\u00ed.<\/p>\n<p class=\"profile-name\">{{ profiles[profileEvalueated.index].name }}<\/p>\n<p v-if=\"poll.show_profiles_percentage\">Zhoda: {{ profileEvalueated.weightPercentage }}%<\/p>\n<p>\t\t\t\t\t\t\t\t\t<img :alt=\"profiles[profileEvalueated.index].image_description\" :src=\"https:\/\/www.topky.sk\/cl\/100313\/9444317\/profiles[profileEvalueated.index].img_url\" class=\"box-quiz-new-image-questionnaire\"\/><\/p>\n<p>{{ profiles[profileEvalueated.index].image_description }} (Zdroj: {{ profiles[profileEvalueated.index].image_resource }})<\/p>\n<p><\/p>\n<p>\t\t\t\t\t\t\t\u00d7<br \/>\n\t\t\t\t\t\t\t<img :alt=\"imageModal.imgDescription\" :src=\"https:\/\/www.topky.sk\/cl\/100313\/9444317\/imageModal.imgUrl\" :style=\"isEmbed ? computeModalImageStyle() : ''\"\/><\/p>\n","protected":false},"excerpt":{"rendered":"BRATISLAVA &#8211; Slovenskou internetovou sc\u00e9nou otriasa \u010fal\u0161ia poriadne ostr\u00e1 prestrelka. Moder\u00e1tori Oskar Oski Barami a Katar\u00edna Becca Bal\u00e1\u017eiov\u00e1&hellip;\n","protected":false},"author":2,"featured_media":123682,"comment_status":"","ping_status":"","sticky":false,"template":"","format":"standard","meta":{"footnotes":"","_share_on_mastodon":"0"},"categories":[13],"tags":[34594,20433,19247,19199,43,40,39,42,41,69,68],"class_list":["post-123681","post","type-post","status-publish","format-standard","has-post-thumbnail","category-sport","tag-becca","tag-katarina-becca-balaziova","tag-oskar-barami","tag-oski-barami","tag-sk","tag-slovak","tag-slovakia","tag-slovencina","tag-slovensko","tag-sport","tag-sports"],"share_on_mastodon":{"url":"https:\/\/pubeurope.com\/@sk\/116916616064851080","error":""},"_links":{"self":[{"href":"https:\/\/www.europesays.com\/sk\/wp-json\/wp\/v2\/posts\/123681","targetHints":{"allow":["GET"]}}],"collection":[{"href":"https:\/\/www.europesays.com\/sk\/wp-json\/wp\/v2\/posts"}],"about":[{"href":"https:\/\/www.europesays.com\/sk\/wp-json\/wp\/v2\/types\/post"}],"author":[{"embeddable":true,"href":"https:\/\/www.europesays.com\/sk\/wp-json\/wp\/v2\/users\/2"}],"replies":[{"embeddable":true,"href":"https:\/\/www.europesays.com\/sk\/wp-json\/wp\/v2\/comments?post=123681"}],"version-history":[{"count":0,"href":"https:\/\/www.europesays.com\/sk\/wp-json\/wp\/v2\/posts\/123681\/revisions"}],"wp:featuredmedia":[{"embeddable":true,"href":"https:\/\/www.europesays.com\/sk\/wp-json\/wp\/v2\/media\/123682"}],"wp:attachment":[{"href":"https:\/\/www.europesays.com\/sk\/wp-json\/wp\/v2\/media?parent=123681"}],"wp:term":[{"taxonomy":"category","embeddable":true,"href":"https:\/\/www.europesays.com\/sk\/wp-json\/wp\/v2\/categories?post=123681"},{"taxonomy":"post_tag","embeddable":true,"href":"https:\/\/www.europesays.com\/sk\/wp-json\/wp\/v2\/tags?post=123681"}],"curies":[{"name":"wp","href":"https:\/\/api.w.org\/{rel}","templated":true}]}}