{"id":12396,"date":"2026-03-07T09:35:08","date_gmt":"2026-03-07T09:35:08","guid":{"rendered":"https:\/\/www.europesays.com\/sk\/12396\/"},"modified":"2026-03-07T09:35:08","modified_gmt":"2026-03-07T09:35:08","slug":"ma-zlate-ruky-a-vie-ich-pouzit-dominika-fischer-v-zahadach-tela-otvorene-o-fesnom-kolegovi-co-na-to-jej-manzel-z-obrazovky-i-spoza-nej-koktail","status":"publish","type":"post","link":"https:\/\/www.europesays.com\/sk\/12396\/","title":{"rendered":"M\u00e1 zlat\u00e9 ruky a vie ich pou\u017ei\u0165! Dominika Fischer v Z\u00e1had\u00e1ch tela otvorene o fe\u0161nom kolegovi. \u010co na to jej man\u017eel? &#8211; Z obrazovky i spoza nej &#8211; Koktail"},"content":{"rendered":"<p itemprop=\"description\">S\u00fa dobr\u00fdmi priate\u013emi u\u017e nieko\u013eko rokov, kolegami a najnov\u0161ie aj partnermi v s\u00fa\u0165a\u017enom t\u00edme v popul\u00e1rnej z\u00e1bavnej \u0161ou. Here\u010dka Dominika Fischer (kedysi Kavaschov\u00e1) a Daniel \u017dul\u010d\u00e1k o sebe v\u0161ak prezradili nieko\u013eko piko\u0161iek.<\/p>\n<p>\t\t\t\t\t \t\t\t\tV tomto je lep\u0161\u00ed ako m\u00f4j mu\u017e, vyhl\u00e1sila Kavaschov\u00e1 na adresu kolegu \u017dul\u010d\u00e1ka: Jeho talent pozn\u00e1 cel\u00e9 SND \t\t\t<\/p>\n<p>\t \t\t\t Video \t<\/p>\n<p>\t\t\t\t \t\t\t\t\t\t\t\t\t\t\t\t\tZdroj: STVR \t\t\t\t\t\t<\/p>\n<p>V\u00a0\u0161t\u00fadiu \u0161ou Z\u00e1hady tela pri\u0161lo na odha\u013eovanie skryt\u00fdch talentov\u00a0\u2013 ako to u\u017e b\u00fdva v\u00a0pr\u00edpade rel\u00e1cie pod moder\u00e1torsk\u00fdm veden\u00edm Mari\u00e1na Miezgu. \u201eDano m\u00e1 zlat\u00e9 ruky,\u201c vyh\u0155kla s\u00a0\u00fasmevom Dominika Fischer, ke\u010f padla ot\u00e1zka na netradi\u010dn\u00fa \u010das\u0165 tela. Samozrejme, n\u00e1sledne v\u0161etko aj vysvetlila.<\/p>\n<p>\t<a class=\"promo-clanok\" href=\"https:\/\/zena.pravda.sk\/ludia\/clanok\/789081-hviezda-dunaja-prekvapila-z-nemocnice-po-botoxe-ju-museli-hospitalizovat\/\" rel=\"nofollow noopener\" target=\"_blank\"> \t\t\t\t\t<img decoding=\"async\" src=\"https:\/\/www.europesays.com\/sk\/wp-content\/uploads\/2026\/03\/na-prehliadku-sa-prisla-pozriet-aj-herecka-monika-szabo-stvorec.jpg\" class=\"promo-clanok-image\" alt=\"Na prehliadku sa pri\u0161la pozrie\u0165 aj here\u010dka Monika Szabo. \"\/> \t\t\t \t\t\t\t \t\t\t\t\t\t\t\t\t\t\t\u010c\u00edtajte viac \t\t\t\t\t\t\t\t\t \t\t\t\t \t\t\t\t\tHviezdu Dunaja po botoxe hospitalizovali: Zriedkav\u00e9 neznamen\u00e1 nemo\u017en\u00e9, varuje z nemocnice. Sledujte tieto pr\u00edznaky \t\t\t\t \t\t\t \t\t\t<\/a><\/p>\n<p>Pod\u013ea jej sk\u00fasenost\u00ed je hrdina seri\u00e1lu \u010cas n\u00e1dej\u00ed \u010di seri\u00e1lu Nemocnica jedn\u00fdm z\u00a0naj\u0161ikovnej\u0161\u00edch a manu\u00e1lne zru\u010dn\u00fdch hercov, ak\u00fdch pozn\u00e1. Oprav\u00ed vraj v\u0161etko, \u010doho sa dotkne a \u010do opravi\u0165 potrebuje. Fischer v\u0161ak tie\u017e prezradila, \u017ee tento talent objavila aj jej vlastn\u00e1 dc\u00e9ra a reakcia here\u010dkinho man\u017eela Daniela Fischera? Pozrite sa v\u00a0kr\u00e1tkej videouk\u00e1\u017eke. Mimochodom, vedeli ste, \u017ee Fischer hr\u00e1 so \u017dul\u010d\u00e1kom v\u00a0kapele Orchester Jeana Valjeana?<\/p>\n<p>\t\t\t \t\t\t\t\t\t\t\t<img decoding=\"async\" class=\"lazy article-detail-image\" alt=\"Here\u010dka Dominika Fischer.\" src=\"https:\/\/www.europesays.com\/sk\/wp-content\/uploads\/2026\/03\/herecka-dominika-fischer-nestandard1.jpg\"\/> \t\t\t\t\t\t\t\t\t\t\t \t\t\t\t\t\t\tFoto: STVR \t\t\t\t\t\t\t\t<\/p>\n<p>\t\t\t\t \t\t\t\t\tHere\u010dka Dominika Fischer. \t\t\t\t \t\t\t\t\t\t\t\t\tHere\u010dka Dominika Fischer. \t\t\t\t\t\t<\/p>\n<p>Aj o\u00a0tom viac v\u00a0sobotu na Jednotke, kde div\u00e1ci uvidia \u010fal\u0161iu premi\u00e9rov\u00fa epiz\u00f3du ob\u013e\u00fabenej s\u00fa\u0165a\u017eno-z\u00e1bavnej rel\u00e1cie Z\u00e1hady tela V\u00a0\u0161t\u00fadiu si svoje znalosti o\u00a0\u013eudskom tele tentokr\u00e1t prever\u00ed \u0161tvorica: Katar\u00edna \u201eBecca\u201c Bal\u00e1\u017eiov\u00e1 s\u00a0Luk\u00e1\u0161om Adamcom a pr\u00e1ve Dominika Fischer so \u017dul\u010d\u00e1kom.<\/p>\n","protected":false},"excerpt":{"rendered":"S\u00fa dobr\u00fdmi priate\u013emi u\u017e nieko\u013eko rokov, kolegami a najnov\u0161ie aj partnermi v s\u00fa\u0165a\u017enom t\u00edme v popul\u00e1rnej z\u00e1bavnej \u0161ou.&hellip;\n","protected":false},"author":2,"featured_media":12397,"comment_status":"","ping_status":"","sticky":false,"template":"","format":"standard","meta":{"footnotes":"","_share_on_mastodon":"0"},"categories":[20],"tags":[127,126,6350,6351,70,128,135,6348,43,129,40,39,42,41,6349,71,890],"class_list":["post-12396","post","type-post","status-publish","format-standard","has-post-thumbnail","category-slavne-osobnosti","tag-celebrities","tag-celebrity","tag-daniel-zulcak","tag-dominika-fischer","tag-entertainment","tag-famous-people","tag-koktail","tag-ruky","tag-sk","tag-slavne-osobnosti","tag-slovak","tag-slovakia","tag-slovencina","tag-slovensko","tag-suboj","tag-zabava","tag-zahady-tela"],"share_on_mastodon":{"url":"https:\/\/pubeurope.com\/@sk\/116187216113581649","error":""},"_links":{"self":[{"href":"https:\/\/www.europesays.com\/sk\/wp-json\/wp\/v2\/posts\/12396","targetHints":{"allow":["GET"]}}],"collection":[{"href":"https:\/\/www.europesays.com\/sk\/wp-json\/wp\/v2\/posts"}],"about":[{"href":"https:\/\/www.europesays.com\/sk\/wp-json\/wp\/v2\/types\/post"}],"author":[{"embeddable":true,"href":"https:\/\/www.europesays.com\/sk\/wp-json\/wp\/v2\/users\/2"}],"replies":[{"embeddable":true,"href":"https:\/\/www.europesays.com\/sk\/wp-json\/wp\/v2\/comments?post=12396"}],"version-history":[{"count":0,"href":"https:\/\/www.europesays.com\/sk\/wp-json\/wp\/v2\/posts\/12396\/revisions"}],"wp:featuredmedia":[{"embeddable":true,"href":"https:\/\/www.europesays.com\/sk\/wp-json\/wp\/v2\/media\/12397"}],"wp:attachment":[{"href":"https:\/\/www.europesays.com\/sk\/wp-json\/wp\/v2\/media?parent=12396"}],"wp:term":[{"taxonomy":"category","embeddable":true,"href":"https:\/\/www.europesays.com\/sk\/wp-json\/wp\/v2\/categories?post=12396"},{"taxonomy":"post_tag","embeddable":true,"href":"https:\/\/www.europesays.com\/sk\/wp-json\/wp\/v2\/tags?post=12396"}],"curies":[{"name":"wp","href":"https:\/\/api.w.org\/{rel}","templated":true}]}}