{"id":124159,"date":"2026-07-14T15:07:12","date_gmt":"2026-07-14T15:07:12","guid":{"rendered":"https:\/\/www.europesays.com\/sk\/124159\/"},"modified":"2026-07-14T15:07:12","modified_gmt":"2026-07-14T15:07:12","slug":"ministerstvo-zivotneho-prostredia-suhlasi-s-vystavbou-spalovne-slovnaftu-mesto-to-poklada-za-zlu-spravu-bratislava-mestske-casti","status":"publish","type":"post","link":"https:\/\/www.europesays.com\/sk\/124159\/","title":{"rendered":"Ministerstvo \u017eivotn\u00e9ho prostredia s\u00fahlas\u00ed s v\u00fdstavbou spa\u013eovne Slovnaftu, mesto to poklad\u00e1 za zl\u00fa spr\u00e1vu | Bratislava | Mestsk\u00e9 \u010dasti"},"content":{"rendered":"<p>                <img loading=\"lazy\" decoding=\"async\" class=\"img-fluid lazyload\" alt=\"\" width=\"770\" height=\"433\" data- src=\"https:\/\/cloudia.banoviny.sk\/r770x433n\/148bc8ca-80f7-45f0-b473-eb29dedf6224\" bad-src=\"https:\/\/www.europesays.com\/sk\/wp-content\/uploads\/2026\/07\/1784041632_516_img-transparent.png\"\/><\/p>\n<p class=\"src\">\n                Zdroj: Arch\u00edv spolo\u010dnosti Slovnaft\n            <\/p>\n<p>P\u00e1\u010dil sa v\u00e1m \u010dl\u00e1nok?<\/p>\n<p class=\"lead\">Rozhodnutie Ministerstva \u017eivotn\u00e9ho prostredia (M\u017dP) SR, ktor\u00e9 s\u00fahlas\u00ed s v\u00fdstavbou Centra energetick\u00e9ho zhodnotenia odpadov (CEZO) z dielne spolo\u010dnosti Slovnaft, je pod\u013ea hlavn\u00e9ho mesta zlou spr\u00e1vou pre Bratislavu. Pripom\u00edna negat\u00edvne stanovisk\u00e1, ktor\u00e9 v minulosti vyjadrilo nielen samotn\u00e9 mesto, ale aj mnoh\u00e9 mestsk\u00e9 \u010dasti. Magistr\u00e1t z\u00e1rove\u0148 zva\u017euje podanie rozkladu vo\u010di rozhodnutiu ministerstva. Uviedol to hovorca Bratislavy Peter Bubla.<\/p>\n<p>\u201eRozhodnutie o spa\u013eovni pova\u017eujeme za zl\u00fa spr\u00e1vu pre Bratislavu. Rovnako ako aj \u010fal\u0161ie subjekty, zva\u017eujeme podanie rozkladu vo\u010di rozhodnutiu ministerstva,\u201c skon\u0161tatoval Bubla pripom\u00ednaj\u00fac, \u017ee \u0161\u00e9f envirorezortu Tom\u00e1\u0161 Taraba (nominant SNS) len ned\u00e1vno tvrdil, \u017ee v\u00fdstavbu novej spa\u013eovne nedovol\u00ed.<\/p>\n<p>Hlavn\u00e9 mesto i dotknut\u00e9 mestsk\u00e9 \u010dasti Ru\u017einov, Podunajsk\u00e9 Biskupice a Vraku\u0148a trvaj\u00fa pod\u013ea neho na svojich pripomienkach a po\u017eiadavk\u00e1ch, ktor\u00e9 vyjadrili aj v procese EIA (posudzovanie vplyvom na \u017eivotn\u00e9 prostredie). Namietali najm\u00e4 kapacitu spa\u013eovne, \u0161peci\u00e1lne pre nebezpe\u010dn\u00fd odpad, v\u00fdhrady v\u0161ak smerovali aj k samotn\u00e9mu zvozu odpadu, ktor\u00fd by za\u0165a\u017eil husto ob\u00fdvan\u00e9 \u00fazemie \u010fal\u0161ou kami\u00f3novou dopravou.<\/p>\n<p>\u201eSme presved\u010den\u00ed, \u017ee Bratislava nepotrebuje \u010fal\u0161iu ve\u013ekokapacitn\u00fa spa\u013eov\u0148u,\u201c zd\u00f4raznil Bubla s t\u00fdm, \u017ee v\u0161etok v tomto \u00fazem\u00ed vyprodukovan\u00fd komun\u00e1lny odpad dok\u00e1\u017ee zhodnoti\u0165 Zariadenie na energetick\u00e9 vyu\u017eitie odpadu (ZEVO), ktor\u00e9 pl\u00e1nuje mestsk\u00e1 spolo\u010dnos\u0165 Odvoz a likvid\u00e1cia odpadu (OLO) zmodernizova\u0165.<\/p>\n<p>Bratislavsk\u00e9 mestsk\u00e9 zastupite\u013estvo vyjadrilo e\u0161te vlani v apr\u00edli nes\u00fahlas so z\u00e1merom Slovnaftu vybudova\u0165 ve\u013ekokapacitn\u00fa spa\u013eov\u0148u pre spracovanie dov\u00e1\u017ean\u00e9ho komun\u00e1lneho a nebezpe\u010dn\u00e9ho odpadu na \u00fazem\u00ed hlavn\u00e9ho mesta. Uznesenie mestsk\u00e9ho parlamentu je pre hlavn\u00e9 mesto a \u00fatvary magistr\u00e1tu v tejto veci z\u00e1v\u00e4zn\u00e9. Rovnak\u00e9 stanovisk\u00e1 prijali aj \u010fal\u0161ie miestne zastupite\u013estv\u00e1 bratislavsk\u00fdch mestsk\u00fdch \u010dast\u00ed. Pridal sa k nim aj Bratislavsk\u00fd samospr\u00e1vny kraj (BSK).<\/p>\n<p>Pod\u013ea mestskej \u010dasti Petr\u017ealka je rozhodnutie ministerstva, vzh\u013eadom na doteraj\u0161\u00ed v\u00fdvoj schva\u013eovacieho procesu, \u201epomerne o\u010dak\u00e1van\u00fdm krokom.\u201c Pripom\u00edna, \u017ee envirorezort u\u017e vopred avizoval, \u017ee projekt po prehodnoten\u00ed svojho prvotn\u00e9ho stanoviska a zapracovan\u00ed vybran\u00fdch odborn\u00fdch po\u017eiadaviek podporuje. Z\u00e1rove\u0148 v\u0161ak miestna samospr\u00e1vna nie je \u201enad\u0161en\u00e1\u201c, \u017ee z\u00e1mer rafin\u00e9rie je de facto konkuren\u010dn\u00fdm k dlho avizovan\u00fdm a pripravovan\u00fdm pl\u00e1nom OLO vzdialen\u00fdm len nieko\u013eko stoviek metrov vzdu\u0161nou \u010diarou.<\/p>\n<p>\u201eNielen z tohto d\u00f4vodu by mali by\u0165 oba z\u00e1mery pod\u013ea n\u00e1s posudzovan\u00e9 spolo\u010dne, \u010do sa, \u017eia\u013e, z n\u00e1\u0161ho poh\u013eadu ako extern\u00e9ho pozorovate\u013ea, ktor\u00fd nie je \u00fa\u010dastn\u00edkom konan\u00ed, nedeje,\u201c uviedol pre TASR vicestarosta Petr\u017ealky J\u00e1n Karman. Ver\u00ed, \u017ee kone\u010dn\u00e9 rozhodnutia bud\u00fa znamena\u0165 najvhodnej\u0161\u00ed mo\u017en\u00fd kompromis, ktor\u00fd pom\u00f4\u017ee Bratislave i Petr\u017ealke vyrie\u0161i\u0165 dek\u00e1dy trvaj\u00faci probl\u00e9m s nedostato\u010dn\u00fdmi kapacitami likvid\u00e1cie odpadu.<\/p>\n<p>Vicestarosta z\u00e1rove\u0148 zopakoval, \u017ee mestsk\u00e1 \u010das\u0165 preferuje, aby spracovanie odpadov Petr\u017eal\u010danov aj Bratislav\u010danov zastre\u0161ovalo v \u010do mo\u017eno najv\u00e4\u010d\u0161om objeme priamo hlavn\u00e9 mesto s OLO. Ver\u00ed preto, \u017ee aj napriek viac ako ro\u010dn\u00e9mu odkladu sa podar\u00ed zrealizova\u0165 pl\u00e1ny moderniz\u00e1cie ZEVO vr\u00e1tane z\u00edskania potrebn\u00e9ho \u00faverov\u00e9ho financovania, ke\u010f\u017ee pod\u013ea odhadov m\u00e1 \u00eds\u0165 o invest\u00edciu vo v\u00fd\u0161ke nieko\u013eko stoviek mili\u00f3nov eur.<\/p>\n<p>\u201eKe\u010f\u017ee v\u0161ak pri oboch projektoch do dne\u0161n\u00e9ho d\u0148a bli\u017e\u0161ie inform\u00e1cie o ich pr\u00edpadnej synergii nepozn\u00e1me a oba projekty sa st\u00e1le nach\u00e1dzaj\u00fa vo f\u00e1ze pl\u00e1novania a zmien, v pr\u00edpade mestskej spa\u013eovne aj vo f\u00e1ze h\u013eadania financovania, nezost\u00e1va n\u00e1m ni\u010d in\u00e9, len v\u00fdvoj \u010falej pozorne sledova\u0165,\u201c poznamenal Karman. Podotkol z\u00e1rove\u0148, \u017ee ak sa spa\u013eov\u0148a Slovnaftu zrealizuje, pl\u00e1ny magistr\u00e1tu s roz\u0161irovan\u00edm a moderniz\u00e1ciou jeho vlastnej spa\u013eovne OLO bud\u00fa musie\u0165 by\u0165\u201e v\u00fdrazne prepracovan\u00e9, pr\u00edpadne dokonca zastaven\u00e9.\u201c<\/p>\n<p>Stanovisko ministerstva kritizuje aj ob\u010dianske zdru\u017eenie (OZ) Znepokojen\u00e9 matky. Envirorezort pod\u013ea zdru\u017eenia odignoroval v\u00fdhrady verejnosti vyjadren\u00e9 v pet\u00edcii, ktor\u00fa podp\u00edsalo viac ako 18.720 \u013eud\u00ed. Hovor\u00ed o po\u0161liapan\u00ed princ\u00edpov demokracie a arogancii. Nepozd\u00e1va sa mu ani to, kedy ministerstvo rozhodnutie vydalo.<\/p>\n<p>\u201eJe zar\u00e1\u017eaj\u00face, \u017ee rozhodnutie zverejnili len dva dni pred pl\u00e1novan\u00fdm prerokovan\u00edm po\u017eiadaviek pet\u00edcie, \u010d\u00edm zrejme M\u017dP poru\u0161ilo viacer\u00e9 z\u00e1kony aj medzin\u00e1rodn\u00e9 dohovory o particip\u00e1cii ob\u010danov na rozhodovan\u00ed,\u201c kon\u0161tatuje zdru\u017eenie, pod\u013ea ktor\u00e9ho ministerstvo nena\u0161lo ani \u201ez\u00e1kladn\u00fa slu\u0161nos\u0165 a odvahu prerokova\u0165 vedecky podlo\u017een\u00e9 v\u00fdhrady\u201c. \u010eal\u0161iu spa\u013eov\u0148u odpadu v Bratislave pova\u017euje za zbyto\u010dn\u00fa a \u0161kodliv\u00fa.<\/p>\n<p>S\u00fahlas M\u017dP SR s v\u00fdstavbou CEZO vypl\u00fdva zo z\u00e1vere\u010dn\u00e9ho stanoviska pred nadobudnut\u00edm pr\u00e1voplatnosti, vydan\u00e9ho v r\u00e1mci procesu posudzovania vplyvov na \u017eivotn\u00e9 prostredie (EIA). V z\u00e1vere\u010dnom stanovisku ministerstvo stanovilo 56 dodato\u010dn\u00fdch technick\u00fdch opatren\u00ed a podmienok na zv\u00fd\u0161enie bezpe\u010dnosti a minimalizovanie nepriazniv\u00fdch vplyvov spa\u013eovne na \u017eivotn\u00e9 prostredie \u010di zdravie \u013eud\u00ed.<\/p>\n<p>Jeho s\u00fahlasn\u00e9 z\u00e1vere\u010dn\u00e9 stanovisko pova\u017euje Slovnaft za dobr\u00fa spr\u00e1vu pre Slovensko. Ozna\u010duje ho za strategick\u00fa invest\u00edciu. Spolo\u010dnos\u0165 z\u00e1rove\u0148 podotkla, \u017ee v r\u00e1mci procesu upravila viacer\u00e9 parametre projektu, \u010d\u00edm reagovala na pripomienky verejnosti i in\u0161tit\u00faci\u00ed. Deklaruje, \u017ee zapracuje v\u0161etky dodato\u010dn\u00e9 technick\u00e9 opatrenia a po\u017eiadavky stanoven\u00e9 envirorezortom.<\/p>\n<p>(TASR)<\/p>\n<p>P\u00e1\u010dil sa v\u00e1m \u010dl\u00e1nok?<\/p>\n","protected":false},"excerpt":{"rendered":"Zdroj: Arch\u00edv spolo\u010dnosti Slovnaft P\u00e1\u010dil sa v\u00e1m \u010dl\u00e1nok? Rozhodnutie Ministerstva \u017eivotn\u00e9ho prostredia (M\u017dP) SR, ktor\u00e9 s\u00fahlas\u00ed s v\u00fdstavbou&hellip;\n","protected":false},"author":2,"featured_media":124160,"comment_status":"","ping_status":"","sticky":false,"template":"","format":"standard","meta":{"footnotes":"","_share_on_mastodon":"0"},"categories":[21],"tags":[136,43,40,39,42,41,9200,14399],"class_list":["post-124159","post","type-post","status-publish","format-standard","has-post-thumbnail","category-bratislava","tag-bratislava","tag-sk","tag-slovak","tag-slovakia","tag-slovencina","tag-slovensko","tag-slovnaft","tag-spalovna"],"share_on_mastodon":{"url":"https:\/\/pubeurope.com\/@sk\/116918960067573899","error":""},"_links":{"self":[{"href":"https:\/\/www.europesays.com\/sk\/wp-json\/wp\/v2\/posts\/124159","targetHints":{"allow":["GET"]}}],"collection":[{"href":"https:\/\/www.europesays.com\/sk\/wp-json\/wp\/v2\/posts"}],"about":[{"href":"https:\/\/www.europesays.com\/sk\/wp-json\/wp\/v2\/types\/post"}],"author":[{"embeddable":true,"href":"https:\/\/www.europesays.com\/sk\/wp-json\/wp\/v2\/users\/2"}],"replies":[{"embeddable":true,"href":"https:\/\/www.europesays.com\/sk\/wp-json\/wp\/v2\/comments?post=124159"}],"version-history":[{"count":0,"href":"https:\/\/www.europesays.com\/sk\/wp-json\/wp\/v2\/posts\/124159\/revisions"}],"wp:featuredmedia":[{"embeddable":true,"href":"https:\/\/www.europesays.com\/sk\/wp-json\/wp\/v2\/media\/124160"}],"wp:attachment":[{"href":"https:\/\/www.europesays.com\/sk\/wp-json\/wp\/v2\/media?parent=124159"}],"wp:term":[{"taxonomy":"category","embeddable":true,"href":"https:\/\/www.europesays.com\/sk\/wp-json\/wp\/v2\/categories?post=124159"},{"taxonomy":"post_tag","embeddable":true,"href":"https:\/\/www.europesays.com\/sk\/wp-json\/wp\/v2\/tags?post=124159"}],"curies":[{"name":"wp","href":"https:\/\/api.w.org\/{rel}","templated":true}]}}