{"id":124387,"date":"2026-07-14T20:28:17","date_gmt":"2026-07-14T20:28:17","guid":{"rendered":"https:\/\/www.europesays.com\/sk\/124387\/"},"modified":"2026-07-14T20:28:17","modified_gmt":"2026-07-14T20:28:17","slug":"turistka-sa-stratila-v-sedle-palenica-bez-svetla-uviazla-vysoko-v-horach","status":"publish","type":"post","link":"https:\/\/www.europesays.com\/sk\/124387\/","title":{"rendered":"Turistka sa stratila v sedle P\u00e1lenica: Bez svetla uviazla vysoko v hor\u00e1ch"},"content":{"rendered":"<p>ZUBEREC &#8211; Horsk\u00ed z\u00e1chran\u00e1ri zo z\u00e1padotatransk\u00e9ho oblastn\u00e9ho strediska Zverovka zasahovali v pondelok (13. 7.) ve\u010der v sedle P\u00e1lenica, kde bez zdroja svetla uviazla 53-ro\u010dn\u00e1 \u010desk\u00e1 turistka. Informovala o tom Horsk\u00e1 z\u00e1chrann\u00e1 slu\u017eba (HZS) na svojej webovej str\u00e1nke.<\/p>\n<p>O pomoc z\u00e1chran\u00e1rov po\u017eiadal jej man\u017eel, s ktor\u00fdm sa po\u010das celodennej t\u00fary v hrebe\u0148ov\u00fdch parti\u00e1ch Z\u00e1padn\u00fdch Tatier rozdelili. Turistka zostupovala Hlbokou dolinou, no pri R\u00e1zcest\u00ed pod Lyscom zvolila nespr\u00e1vny smer a Bobroveckou dolinou vyst\u00fapila do sedla P\u00e1lenica \u010fal\u0161\u00edch 560 v\u00fd\u0161kov\u00fdch metrov.<\/p>\n<p>\u201eHorsk\u00ed z\u00e1chran\u00e1ri po pr\u00edchode \u017eenu vy\u0161etrili a spevnili jej pre\u0165a\u017een\u00e9 koleno. V ich sprievode n\u00e1sledne zost\u00fapila k ter\u00e9nnemu vozidlu, ktor\u00fdm bola transportovan\u00e1 do Zuberca. Odtia\u013e pokra\u010dovala \u010falej v sprievode man\u017eela,\u201c pribl\u00ed\u017eila z\u00e1sah HZS.<\/p>\n","protected":false},"excerpt":{"rendered":"ZUBEREC &#8211; Horsk\u00ed z\u00e1chran\u00e1ri zo z\u00e1padotatransk\u00e9ho oblastn\u00e9ho strediska Zverovka zasahovali v pondelok (13. 7.) ve\u010der v sedle P\u00e1lenica,&hellip;\n","protected":false},"author":2,"featured_media":124388,"comment_status":"","ping_status":"","sticky":false,"template":"","format":"standard","meta":{"footnotes":"","_share_on_mastodon":"0"},"categories":[6],"tags":[450,39976,43,40,44,39,42,45,41,8381,4249],"class_list":["post-124387","post","type-post","status-publish","format-standard","has-post-thumbnail","category-slovensko","tag-horska-zachranna-sluzba","tag-palenica","tag-sk","tag-slovak","tag-slovak-republic","tag-slovakia","tag-slovencina","tag-slovenska-republika","tag-slovensko","tag-svetlo","tag-zachranari"],"share_on_mastodon":{"url":"https:\/\/pubeurope.com\/@sk\/116920221843287840","error":""},"_links":{"self":[{"href":"https:\/\/www.europesays.com\/sk\/wp-json\/wp\/v2\/posts\/124387","targetHints":{"allow":["GET"]}}],"collection":[{"href":"https:\/\/www.europesays.com\/sk\/wp-json\/wp\/v2\/posts"}],"about":[{"href":"https:\/\/www.europesays.com\/sk\/wp-json\/wp\/v2\/types\/post"}],"author":[{"embeddable":true,"href":"https:\/\/www.europesays.com\/sk\/wp-json\/wp\/v2\/users\/2"}],"replies":[{"embeddable":true,"href":"https:\/\/www.europesays.com\/sk\/wp-json\/wp\/v2\/comments?post=124387"}],"version-history":[{"count":0,"href":"https:\/\/www.europesays.com\/sk\/wp-json\/wp\/v2\/posts\/124387\/revisions"}],"wp:featuredmedia":[{"embeddable":true,"href":"https:\/\/www.europesays.com\/sk\/wp-json\/wp\/v2\/media\/124388"}],"wp:attachment":[{"href":"https:\/\/www.europesays.com\/sk\/wp-json\/wp\/v2\/media?parent=124387"}],"wp:term":[{"taxonomy":"category","embeddable":true,"href":"https:\/\/www.europesays.com\/sk\/wp-json\/wp\/v2\/categories?post=124387"},{"taxonomy":"post_tag","embeddable":true,"href":"https:\/\/www.europesays.com\/sk\/wp-json\/wp\/v2\/tags?post=124387"}],"curies":[{"name":"wp","href":"https:\/\/api.w.org\/{rel}","templated":true}]}}