{"id":124768,"date":"2026-07-15T10:27:10","date_gmt":"2026-07-15T10:27:10","guid":{"rendered":"https:\/\/www.europesays.com\/sk\/124768\/"},"modified":"2026-07-15T10:27:10","modified_gmt":"2026-07-15T10:27:10","slug":"slovensky-supertalent-timothy-kazda-mieri-do-prestiznej-kanadskej-ligy-hokej","status":"publish","type":"post","link":"https:\/\/www.europesays.com\/sk\/124768\/","title":{"rendered":"Slovensk\u00fd supertalent Timothy Kazda mieri do prest\u00ed\u017enej kanadskej ligy \/ hokej"},"content":{"rendered":"<p>Jeden z najv\u00e4\u010d\u0161\u00edch pr\u00eds\u013eubov n\u00e1\u0161ho hokeja m\u00e1 o svojej najbli\u017e\u0161ej bud\u00facnosti jasno. Elitn\u00fd slovensk\u00fd \u00fato\u010dn\u00edk Timothy Kazda op\u00fa\u0161\u0165a americk\u00e9 klzisk\u00e1 a v nasleduj\u00facom ro\u010dn\u00edku bude br\u00e1zdi\u0165 \u013eady v prest\u00ed\u017enej kanadskej juniorskej s\u00fa\u0165a\u017ei OHL.<\/p>\n<p>Pre rod\u00e1ka zo Slovenska ide o logick\u00fd posun v kari\u00e9re po tom, \u010do doslova explodoval na medzin\u00e1rodnej sc\u00e9ne. Kto sledoval dom\u00e1ci svetov\u00fd \u0161ampion\u00e1t hr\u00e1\u010dov do 18 rokov, musel si jeho ofenz\u00edvnu krasojazdu v\u0161imn\u00fa\u0165. Kazda nielen\u017ee v\u00fdrazn\u00fdm sp\u00f4sobom dotiahol n\u00e1rodn\u00fd t\u00edm k fantastick\u00e9mu striebru, ale s dvan\u00e1stimi bodmi a \u0161iestimi presn\u00fdmi z\u00e1sahmi opanoval individu\u00e1lne \u0161tatistiky cel\u00e9ho turnaja.<\/p>\n<p><a class=\"news-item-image\" target=\"_self\" href=\"https:\/\/sport.aktuality.sk\/hokej\/clanok\/ms-v-hokeji-u18-2026-slovensko-all-star-tim-2026050219522333235\" rel=\"nofollow noopener\"><img alt=\"Slovensk\u00fd hr\u00e1\u010d vyhl\u00e1sen\u00fd za naju\u017eito\u010dnej\u0161ieho na turnaji! Ve\u013ek\u00e1 pocta aj pre \u010fal\u0161ieho Slov\u00e1ka\" src=\"data:image\/gif;base64,R0lGODlhAQABAIAAAAAAAP\/\/\/yH5BAEAAAAALAAAAAABAAEAAAIBRAA7\" decoding=\"async\" data-nimg=\"responsive\" class=\"side-article\" style=\"position:absolute;top:0;left:0;bottom:0;right:0;box-sizing:border-box;padding:0;border:none;margin:auto;display:block;width:0;height:0;min-width:100%;max-width:100%;min-height:100%;max-height:100%\"\/><img alt=\"Slovensk\u00fd hr\u00e1\u010d vyhl\u00e1sen\u00fd za naju\u017eito\u010dnej\u0161ieho na turnaji! Ve\u013ek\u00e1 pocta aj pre \u010fal\u0161ieho Slov\u00e1ka\" src=\"https:\/\/www.europesays.com\/sk\/wp-content\/uploads\/2026\/07\/72d67e21-3822-49ed-b52e-8dad7fcf238c.jpg\" decoding=\"async\" data-nimg=\"responsive\" style=\"position:absolute;top:0;left:0;bottom:0;right:0;box-sizing:border-box;padding:0;border:none;margin:auto;display:block;width:0;height:0;min-width:100%;max-width:100%;min-height:100%;max-height:100%\" class=\"side-article\" loading=\"lazy\"\/><\/a><\/p>\n<p class=\"news-item-description\">Slovensk\u00fd hokejista Timothy Kazda sa stal naju\u017eito\u010dnej\u0161\u00edm hr\u00e1\u010dom majstrovstiev sveta hr\u00e1\u010dov do 18 rokov v Tren\u010d\u00edne a Bratislave. Z\u00e1rove\u0148 sa spolu s kapit\u00e1nom slovensk\u00e9ho v\u00fdberu Adamom Goljerom dostal do All-Star t\u00edmu \u0161ampion\u00e1tu. Goljer z\u00edskal ocenenie pre najlep\u0161ieho obrancu MS.<\/p>\n<p>Logick\u00fdm vy\u00fasten\u00edm formy tak bol honor pre naju\u017eito\u010dnej\u0161ieho hr\u00e1\u010da (MVP) podujatia. V\u00fdborn\u00e9 z\u00e1klady pre tento \u00faspech pritom polo\u017eil u\u017e v minulej sez\u00f3ne v americkej USHL, kde vo farb\u00e1ch Chicago Steel zaznamenal sol\u00eddnych 41 bodov (22 g\u00f3lov) v 59 vyst\u00fapeniach.<\/p>\n<p>Skvel\u00e9 v\u00fdkony nezostali bez odozvy a ofenz\u00edvne eso ulovila organiz\u00e1cia Guelph Storm. \u00da\u010dastn\u00edk Ontario Hockey League (OHL) si pr\u00e1va na talentovan\u00e9ho zakon\u010dovate\u013ea poistil z vysok\u00e9ho celkov\u00e9ho \u0161tvrt\u00e9ho miesta v ned\u00e1vnom CHL Import drafte a n\u00e1sledn\u00fd podpis zmluvy bol u\u017e len formalitou.<\/p>\n<p>Samotn\u00fd hr\u00e1\u010d neskr\u00fdva pred novou kanadskou v\u00fdzvou nad\u0161enie. \u201eSom nesmierne v\u010fa\u010dn\u00fd za pr\u00edle\u017eitos\u0165 pripoji\u0165 sa k t\u00edmu Guelph Storm,\u201c uviedol Kazda vo vyjadren\u00ed, ktor\u00e9 sprostredkoval ofici\u00e1lny web <a target=\"_blank\" class=\"editor-link\" href=\"https:\/\/chl.ca\/ohl\/article\/storm-sign-import-forward-timothy-kazda\/\" rel=\"nofollow noopener\">CHL<\/a>. \u201eSom ve\u013emi nad\u0161en\u00fd, \u017ee tu m\u00f4\u017eem za\u010da\u0165 a stretn\u00fa\u0165 v\u0161etk\u00fdch chalanov na tr\u00e9ningovom kempe!\u201c<\/p>\n<p>Presun do n\u00e1ro\u010dnej\u0161ej juniorskej ligy prich\u00e1dza v k\u013e\u00fa\u010dovom obdob\u00ed jeho hokejov\u00e9ho rastu. U\u017e teraz sa o \u0148om za morom \u0161epk\u00e1 ako o jednozna\u010dnej slovenskej draftovej jednotke pre rok 2027. <\/p>\n<p id=\"preferred-channel_preferred-chanel__kYzNM\"><a href=\"https:\/\/www.google.com\/preferences\/source?q=sport.aktuality.sk\" target=\"_blank\" rel=\"noopener nofollow\">Pridajte si \u0160port.sk<\/a> ako preferovan\u00fd zdroj inform\u00e1ci\u00ed na Google<a href=\"https:\/\/www.google.com\/preferences\/source?q=sport.aktuality.sk\" target=\"_blank\" rel=\"noopener nofollow\" class=\"preferred-channel_preferred-chanel__link__JwtB6\">Prida\u0165 ako preferovan\u00fd zdroj na Google<\/a><\/p>\n<p>Z\u00e1morsk\u00ed skauti ho moment\u00e1lne pasuj\u00fa do prv\u00e9ho kola a \u010doraz \u010dastej\u0161ie sa sklo\u0148uje aj jeho potenci\u00e1lny prienik medzi elitn\u00fa desiatku. Aby v\u0161ak tieto smel\u00e9 progn\u00f3zy naplnil, mus\u00ed svoju nesporn\u00fa kvalitu a streleck\u00fd in\u0161tinkt naplno potvrdi\u0165 pr\u00e1ve v drese \u201eb\u00farok\u201c z Guelphu.<\/p>\n","protected":false},"excerpt":{"rendered":"Jeden z najv\u00e4\u010d\u0161\u00edch pr\u00eds\u013eubov n\u00e1\u0161ho hokeja m\u00e1 o svojej najbli\u017e\u0161ej bud\u00facnosti jasno. Elitn\u00fd slovensk\u00fd \u00fato\u010dn\u00edk Timothy Kazda op\u00fa\u0161\u0165a&hellip;\n","protected":false},"author":2,"featured_media":124769,"comment_status":"","ping_status":"","sticky":false,"template":"","format":"standard","meta":{"footnotes":"","_share_on_mastodon":"0"},"categories":[13],"tags":[4159,43,40,39,42,41,69,68,4167],"class_list":["post-124768","post","type-post","status-publish","format-standard","has-post-thumbnail","category-sport","tag-ohl","tag-sk","tag-slovak","tag-slovakia","tag-slovencina","tag-slovensko","tag-sport","tag-sports","tag-timothy-kazda"],"share_on_mastodon":{"url":"https:\/\/pubeurope.com\/@sk\/116923521140647984","error":""},"_links":{"self":[{"href":"https:\/\/www.europesays.com\/sk\/wp-json\/wp\/v2\/posts\/124768","targetHints":{"allow":["GET"]}}],"collection":[{"href":"https:\/\/www.europesays.com\/sk\/wp-json\/wp\/v2\/posts"}],"about":[{"href":"https:\/\/www.europesays.com\/sk\/wp-json\/wp\/v2\/types\/post"}],"author":[{"embeddable":true,"href":"https:\/\/www.europesays.com\/sk\/wp-json\/wp\/v2\/users\/2"}],"replies":[{"embeddable":true,"href":"https:\/\/www.europesays.com\/sk\/wp-json\/wp\/v2\/comments?post=124768"}],"version-history":[{"count":0,"href":"https:\/\/www.europesays.com\/sk\/wp-json\/wp\/v2\/posts\/124768\/revisions"}],"wp:featuredmedia":[{"embeddable":true,"href":"https:\/\/www.europesays.com\/sk\/wp-json\/wp\/v2\/media\/124769"}],"wp:attachment":[{"href":"https:\/\/www.europesays.com\/sk\/wp-json\/wp\/v2\/media?parent=124768"}],"wp:term":[{"taxonomy":"category","embeddable":true,"href":"https:\/\/www.europesays.com\/sk\/wp-json\/wp\/v2\/categories?post=124768"},{"taxonomy":"post_tag","embeddable":true,"href":"https:\/\/www.europesays.com\/sk\/wp-json\/wp\/v2\/tags?post=124768"}],"curies":[{"name":"wp","href":"https:\/\/api.w.org\/{rel}","templated":true}]}}