{"id":12529,"date":"2026-03-07T12:15:10","date_gmt":"2026-03-07T12:15:10","guid":{"rendered":"https:\/\/www.europesays.com\/sk\/12529\/"},"modified":"2026-03-07T12:15:10","modified_gmt":"2026-03-07T12:15:10","slug":"detroit-hlasi-velky-navrat-strateneho-syna","status":"publish","type":"post","link":"https:\/\/www.europesays.com\/sk\/12529\/","title":{"rendered":"Detroit hl\u00e1si ve\u013ek\u00fd n\u00e1vrat straten\u00e9ho syna"},"content":{"rendered":"<p>\t<a href=\"https:\/\/sportky.zoznam.sk\/g\/473077\/nedokonceny-pribeh-napise-dalsiu-kapitolu-detroit-hlasi-velky-navrat-strateneho-syna?image=1126707\" title=\"Hokejista Detroitu Red Wings David Perron oslavuje g\u00f3l \" rel=\"nofollow noopener\" target=\"_blank\">\t\t\t<img decoding=\"async\" loading=\"lazy\" src=\"https:\/\/www.europesays.com\/sk\/wp-content\/uploads\/2026\/03\/nhl-detroit-red-wings-1126707.jpg\"  alt=\"Hokejista Detroitu Red Wings David Perron oslavuje g\u00f3l \"\/><\/a>Hokejista Detroitu Red Wings David Perron oslavuje g\u00f3l \t\t\t Zdroj: SITA\/AP\/Chris O&#8217;Meara\t\t\t\t<\/p>\n<p>\t\t\t<a class=\"box-article-author-image\"><br \/>\n\t\t\t\t<img decoding=\"async\" src=\"https:\/\/sportky.zoznam.sk\/static\/2019_default\/img\/author.svg\"\/><br \/>\n\t\t\t<\/a><\/p>\n<p>\t\t\t\t<a class=\"box-article-author-name\">\u00a9 Zoznam\/<\/a>\t\t\t\t TASR, \u0160portky\t\t\t<\/p>\n<p class=\"perex\">DETROIT &#8211; Kanadsk\u00fd hokejov\u00fd veter\u00e1n David Perron sa po roku a pol vracia do t\u00edmu Detroit Red Wings.\t<\/p>\n<p>11-n\u00e1sobn\u00fd \u0161ampi\u00f3n NHL ho z\u00edskal vo \u0161tvrtok, de\u0148 pred uz\u00e1vierkou prestupov, z Ottawy Senators za podmienen\u00e9 \u0161tvrt\u00e9 kolo tohtoro\u010dnom drafte. Ottawa ho z\u00edska, ak Perron nast\u00fapi aspo\u0148 na jede z\u00e1pas v zvy\u0161ku z\u00e1kladnej \u010dasti. Ak by sa Red Wings prebojovali cez prv\u00e9 kolo play-off a Perron by nast\u00fapil aspo\u0148 do 50 % z\u00e1pasov s\u00e9rie, \u0161tvrt\u00e9 kolo by sa zmenilo na tretie.<\/p>\n<p>&#13;<br \/>\n&#13;<\/p>\n<p>Perron aktu\u00e1lne laboruje s tzv. \u0161portov\u00fdm pruhom, pre ktor\u00fd odohral posledn\u00fd z\u00e1pas e\u0161te 21. janu\u00e1ra. Vr\u00e1ti\u0165 by sa mal pribli\u017ene v polovici marca. V doteraj\u0161ej sez\u00f3ne nazbieral v 49 z\u00e1pasoch 25 bodov za 10 g\u00f3lov a 15 prihr\u00e1vok. V Ottawe plnil spo\u013eahliv\u00fa rolu v tre\u0165om \u010di \u0161tvrtom \u00fatoku.<\/p>\n<p>&#13;<br \/>\n&#13;<\/p>\n<p>*\u010dl\u00e1nok pokra\u010duje pod statusom<\/p>\n<p>&#13;<br \/>\n&#13;<br \/>\n&#13;<\/p>\n<p dir=\"ltr\">David Perron has been traded from the Ottawa Senators to the Detroit Red Wings in exchange for a conditional 4th round pick &#8217;26. Perron was good in 3rd line and very sheltered minutes with Ottawa this season. <a href=\"https:\/\/t.co\/IZwf2KXuE3\" rel=\"nofollow\">pic.twitter.com\/IZwf2KXuE3<\/a><\/p>\n<p>&#13;<br \/>\n\u2014 Rono (@RonoAnalyst) <a href=\"https:\/\/twitter.com\/RonoAnalyst\/status\/2029741551383941376?ref_src=twsrc%5Etfw\" rel=\"nofollow noopener\" target=\"_blank\">March 6, 2026<\/a>&#13;<br \/>\n&#13;<br \/>\n&#13;<\/p>\n<p>Za Detroit nastupoval v sez\u00f3nach 2022\/23 a 2023\/24 a patril k popul\u00e1rnym l\u00eddrom mu\u017estva v kab\u00edne i na \u013eade. Behom dvoch rokov strelil 41 g\u00f3lov a pripravil 62 g\u00f3lov\u00fdch asistenci\u00ed. Red Wings zaka\u017ed\u00fdm u\u0161iel postup do play-off, hoci raz iba na \u00fakor men\u0161ieho po\u010dtu v\u00ed\u0165azstiev v riadnom hracom \u010dase na \u00fakor Washingtonu Capitals. N\u00e1sledne v lete 2024 podp\u00edsal dvojro\u010dn\u00fd kontrakt so Senators.<\/p>\n<p>&#13;<br \/>\n&#13;<\/p>\n<p>V profilige hral aj za Pittsburgh Penguins, Edmonton Oilers, Anaheim Ducks a Vegas Golden Knights. V 1229 z\u00e1pasoch strelil Kana\u010fan 329 g\u00f3lov a nazbieral 809 bodov. V play-off m\u00e1 bilanciu 26 g\u00f3lov a 64 bodov v 110 stretnutiach.<\/p>\n<p>&#13;<br \/>\n&#13;<\/p>\n<p>Od &#8222;\u010derven\u00fdch kr\u00eddel&#8220; sa o\u010dak\u00e1va, \u017ee v posledn\u00fd de\u0148 e\u0161te prived\u00fa obrancu a mo\u017eno i \u010fal\u0161ieho \u00fato\u010dn\u00edka. Po deviatich sez\u00f3nach bez play-off do\u0148 maj\u00fa s\u013eubne nakro\u010den\u00e9, v Atlantickej div\u00edzii dr\u017eia tretie miesto, na play-off maj\u00fa ale n\u00e1skok iba p\u00e4\u0165 bodov. Ottawa sa nach\u00e1dza \u0161tyri body pod postupovou \u010diarou.<\/p>\n<p>&#13;<\/p>\n<p>\t\t\tAutor: \u00a9 Zoznam\/\t\t\tX\/RonoAnalyst\t\t\tZdroj:  TASR, \u0160portky\t<\/p>\n<p><script async src=\"https:\/\/platform.twitter.com\/widgets.js\" charset=\"utf-8\"><\/script><\/p>\n","protected":false},"excerpt":{"rendered":"Hokejista Detroitu Red Wings David Perron oslavuje g\u00f3l Zdroj: SITA\/AP\/Chris O&#8217;Meara \u00a9 Zoznam\/ TASR, \u0160portky DETROIT &#8211; Kanadsk\u00fd&hellip;\n","protected":false},"author":2,"featured_media":12530,"comment_status":"","ping_status":"","sticky":false,"template":"","format":"standard","meta":{"footnotes":"","_share_on_mastodon":"0"},"categories":[13],"tags":[6415,3534,1464,3537,43,40,39,42,41,69,68],"class_list":["post-12529","post","type-post","status-publish","format-standard","has-post-thumbnail","category-sport","tag-david-perron","tag-detroit-red-wings","tag-nhl","tag-ottawa-senators","tag-sk","tag-slovak","tag-slovakia","tag-slovencina","tag-slovensko","tag-sport","tag-sports"],"share_on_mastodon":{"url":"https:\/\/pubeurope.com\/@sk\/116187845320576557","error":""},"_links":{"self":[{"href":"https:\/\/www.europesays.com\/sk\/wp-json\/wp\/v2\/posts\/12529","targetHints":{"allow":["GET"]}}],"collection":[{"href":"https:\/\/www.europesays.com\/sk\/wp-json\/wp\/v2\/posts"}],"about":[{"href":"https:\/\/www.europesays.com\/sk\/wp-json\/wp\/v2\/types\/post"}],"author":[{"embeddable":true,"href":"https:\/\/www.europesays.com\/sk\/wp-json\/wp\/v2\/users\/2"}],"replies":[{"embeddable":true,"href":"https:\/\/www.europesays.com\/sk\/wp-json\/wp\/v2\/comments?post=12529"}],"version-history":[{"count":0,"href":"https:\/\/www.europesays.com\/sk\/wp-json\/wp\/v2\/posts\/12529\/revisions"}],"wp:featuredmedia":[{"embeddable":true,"href":"https:\/\/www.europesays.com\/sk\/wp-json\/wp\/v2\/media\/12530"}],"wp:attachment":[{"href":"https:\/\/www.europesays.com\/sk\/wp-json\/wp\/v2\/media?parent=12529"}],"wp:term":[{"taxonomy":"category","embeddable":true,"href":"https:\/\/www.europesays.com\/sk\/wp-json\/wp\/v2\/categories?post=12529"},{"taxonomy":"post_tag","embeddable":true,"href":"https:\/\/www.europesays.com\/sk\/wp-json\/wp\/v2\/tags?post=12529"}],"curies":[{"name":"wp","href":"https:\/\/api.w.org\/{rel}","templated":true}]}}