{"id":125668,"date":"2026-07-16T09:57:10","date_gmt":"2026-07-16T09:57:10","guid":{"rendered":"https:\/\/www.europesays.com\/sk\/125668\/"},"modified":"2026-07-16T09:57:10","modified_gmt":"2026-07-16T09:57:10","slug":"bratislavske-nove-mesto-financne-podpori-20-projektov","status":"publish","type":"post","link":"https:\/\/www.europesays.com\/sk\/125668\/","title":{"rendered":"Bratislavsk\u00e9 Nov\u00e9 Mesto finan\u010dne podpor\u00ed 20 projektov"},"content":{"rendered":"<p>Bratislava 16. j\u00fala (TASR) &#8211; Bratislavsk\u00e9 Nov\u00e9 Mesto finan\u010dne podpor\u00ed 20 komunitn\u00fdch, kult\u00farnych a \u0161portov\u00fdch projektov. V r\u00e1mci dota\u010dnej v\u00fdzvy prerozdel\u00ed 31.450 eur. \u010eal\u0161\u00edch 13.550 eur rozdel\u00ed mestsk\u00e1 \u010das\u0165 v druhej \u010dasti dota\u010dnej v\u00fdzvy na jese\u0148. TASR o tom informovala ved\u00faca refer\u00e1tu komunik\u00e1cie Martina Goffov\u00e1.<\/p>\n<p>\u201eV \u010dase, ke\u010f kult\u00fara na Slovensku prech\u00e1dza n\u00e1ro\u010dn\u00fdm obdob\u00edm a mnoh\u00ed organiz\u00e1tori, umelci \u010di tvorcovia z\u00e1pasia s neistotou, chceme aj ako samospr\u00e1va pom\u00f4c\u0165 konkr\u00e9tnymi krokmi. Aj preto sme dot\u00e1ciami podporili kult\u00farne, komunitn\u00e9 a \u0161portov\u00e9 projekty, ktor\u00e9 vznikaj\u00fa priamo v Novom Meste a sl\u00fa\u017eia na\u0161im obyvate\u013eom,\u201c skon\u0161tatoval starosta Nov\u00e9ho Mesta Mat\u00fa\u0161 \u010cupka.<\/p>\n<p>V r\u00e1mci dota\u010dnej v\u00fdzvy zaevidovala mestsk\u00e1 \u010das\u0165 26 \u017eiadost\u00ed v celkovej po\u017eadovanej v\u00fd\u0161ke viac ako 73.000 eur. Podmienky opr\u00e1vnenosti splnilo 24 z nich. Jednotliv\u00e9 projekty pos\u00fadila dota\u010dn\u00e1 komisia, ktor\u00e1 pripravila odpor\u00fa\u010dania. O \u017eiadostiach, v ktor\u00fdch po\u017eadovan\u00e1 suma presiahla 2000 eur, rozhoduje miestne zastupite\u013estvo, o ostatn\u00fdch \u017eiadostiach rozhoduje starosta.<\/p>\n<p>Mestsk\u00e1 \u010das\u0165 bude v dota\u010dnej podpore pokra\u010dova\u0165 aj na jese\u0148. O finan\u010dn\u00fa podporu sa m\u00f4\u017eu do konca augusta uch\u00e1dza\u0165 ob\u010dianske zdru\u017eenia, neziskov\u00e9 organiz\u00e1cie, podnikatelia, \u0161koly aj matersk\u00e9 \u0161koly, ktor\u00e9 p\u00f4sobia v Novom Meste alebo poskytuj\u00fa slu\u017eby jeho obyvate\u013eom.<\/p>\n<p>Bli\u017e\u0161ie inform\u00e1cie o podmienkach a podan\u00ed \u017eiadosti s\u00fa zverejnen\u00e9 na webe mestskej \u010dasti. <\/p>\n","protected":false},"excerpt":{"rendered":"Bratislava 16. j\u00fala (TASR) &#8211; Bratislavsk\u00e9 Nov\u00e9 Mesto finan\u010dne podpor\u00ed 20 komunitn\u00fdch, kult\u00farnych a \u0161portov\u00fdch projektov. V r\u00e1mci&hellip;\n","protected":false},"author":2,"featured_media":101241,"comment_status":"","ping_status":"","sticky":false,"template":"","format":"standard","meta":{"footnotes":"","_share_on_mastodon":"0"},"categories":[21],"tags":[136,1813,3411,3195,5118,43,40,39,42,41,39980],"class_list":["post-125668","post","type-post","status-publish","format-standard","has-post-thumbnail","category-bratislava","tag-bratislava","tag-dotacie","tag-nove-mesto","tag-podpora","tag-projekty","tag-sk","tag-slovak","tag-slovakia","tag-slovencina","tag-slovensko","tag-ziadosti"],"share_on_mastodon":{"url":"https:\/\/pubeurope.com\/@sk\/116929065436424866","error":""},"_links":{"self":[{"href":"https:\/\/www.europesays.com\/sk\/wp-json\/wp\/v2\/posts\/125668","targetHints":{"allow":["GET"]}}],"collection":[{"href":"https:\/\/www.europesays.com\/sk\/wp-json\/wp\/v2\/posts"}],"about":[{"href":"https:\/\/www.europesays.com\/sk\/wp-json\/wp\/v2\/types\/post"}],"author":[{"embeddable":true,"href":"https:\/\/www.europesays.com\/sk\/wp-json\/wp\/v2\/users\/2"}],"replies":[{"embeddable":true,"href":"https:\/\/www.europesays.com\/sk\/wp-json\/wp\/v2\/comments?post=125668"}],"version-history":[{"count":0,"href":"https:\/\/www.europesays.com\/sk\/wp-json\/wp\/v2\/posts\/125668\/revisions"}],"wp:featuredmedia":[{"embeddable":true,"href":"https:\/\/www.europesays.com\/sk\/wp-json\/wp\/v2\/media\/101241"}],"wp:attachment":[{"href":"https:\/\/www.europesays.com\/sk\/wp-json\/wp\/v2\/media?parent=125668"}],"wp:term":[{"taxonomy":"category","embeddable":true,"href":"https:\/\/www.europesays.com\/sk\/wp-json\/wp\/v2\/categories?post=125668"},{"taxonomy":"post_tag","embeddable":true,"href":"https:\/\/www.europesays.com\/sk\/wp-json\/wp\/v2\/tags?post=125668"}],"curies":[{"name":"wp","href":"https:\/\/api.w.org\/{rel}","templated":true}]}}