{"id":126661,"date":"2026-07-17T12:21:12","date_gmt":"2026-07-17T12:21:12","guid":{"rendered":"https:\/\/www.europesays.com\/sk\/126661\/"},"modified":"2026-07-17T12:21:12","modified_gmt":"2026-07-17T12:21:12","slug":"zabudnute-albansko-zacina-byt-rajom-pre-turistov","status":"publish","type":"post","link":"https:\/\/www.europesays.com\/sk\/126661\/","title":{"rendered":"Zabudnut\u00e9 Alb\u00e1nsko za\u010d\u00edna by\u0165 rajom pre turistov"},"content":{"rendered":"<p>Alb\u00e1nsko dlho zost\u00e1valo kv\u00f4li komunistickej izol\u00e1cii trochu bokom, no dnes l\u00e1ka na kombin\u00e1ciu divok\u00fdch h\u00f4r, historick\u00fdch miest a pl\u00e1\u017e\u00ed porovnate\u013en\u00fdch s Gr\u00e9ckom, ale za zlomok chorv\u00e1tskych cien. Cestovatelia oce\u0148uj\u00fa hlavne rozmanitos\u0165 na malom \u00fazem\u00ed, priezra\u010dn\u00fa vodu a autentick\u00fa atmosf\u00e9ru bez davov. Po\u010das jedin\u00e9ho d\u0148a m\u00f4\u017eete \u013eahko prebehn\u00fa\u0165 z morsk\u00e9ho pobre\u017eia priamo do hlbok\u00fdch horsk\u00fdch \u00fadol\u00ed.<\/p>\n<p>\t<a href=\"https:\/\/dromedar.zoznam.sk\/gl\/9582931\/3778887\/Zabudnute-Albansko-zacina-byt-rajom-pre-turistov--Od-mora-je-len-kusok-do-hor\" rel=\"nofollow noopener\" target=\"_blank\"><br \/>\n\t\t<img decoding=\"async\" alt=\" \" aria-describedby=\"img-res-3778887\" class=\"\" height=\"864\" id=\"3778887\" loading=\"lazy\" onerror=\"imgArticleLoadErr(this)\" src=\"https:\/\/www.europesays.com\/sk\/wp-content\/uploads\/2026\/07\/more-Albansko-Ksamil.jpg\" style=\"aspect-ratio:1.852\" title=\"Zabudnut\u00e9 Alb\u00e1nsko za\u010d\u00edna by\u0165\" width=\"1600\"\/>\t\t\t<\/p>\n<p>\n\t\t\t\tZobrazi\u0165 gal\u00e9riu (5)\t\t\t<\/p>\n<p>\t<\/a><\/p>\n<p> \t\u00a0(Zdroj: Getty Images)<\/p>\n<p>Pobre\u017eie na juhu pon\u00faka letovisko Ksamil, ktor\u00e9 \u013eudia kv\u00f4li bielemu piesku a tyrkysovej vode prez\u00fdvaj\u00fa Maledivy Eur\u00f3py, pri\u010dom z pl\u00e1\u017ee m\u00f4\u017eete \u013eahko dopl\u00e1va\u0165 na tri bl\u00edzke neob\u00fdvan\u00e9 ostrov\u010deky. Pokojnej\u0161iu alternat\u00edvu predstavuje pl\u00e1\u017e Gjipe skryt\u00e1 na konci hlbok\u00e9ho ka\u0148onu medzi skalnat\u00fdmi \u00fatesmi alebo letovisko Dh\u00ebrmi s barmi priamo pri mori.\u00a0Rodiny s de\u0165mi zas vyh\u013ead\u00e1vaj\u00fa najm\u00e4 mesto Himar\u00eb s priezra\u010dnou vodou, v bl\u00edzkosti ktor\u00e9ho le\u017e\u00ed aj sedemkilometrov\u00e1 pl\u00e1\u017e Borsh, najdlh\u0161\u00ed s\u00favisl\u00fd p\u00e1s pobre\u017eia v krajine, lemovan\u00fd olivov\u00fdmi h\u00e1jmi.<\/p>\n<p>Vn\u00fatrozemie opanuj\u00fa divok\u00e9 Alb\u00e1nske Alpy alebo pohoria Prokletije s vrcholmi presahuj\u00facimi 2000 metrov, tradi\u010dn\u00fdmi kamenn\u00fdmi domami a ikonick\u00fdm celodenn\u00fdm trekom z Valbony do dediny Theth. T\u00e1to horsk\u00e1 oblas\u0165 oslovuje hlavne zdatnej\u0161\u00edch turistov, preto\u017ee tamoj\u0161ia infra\u0161trukt\u00fara a zna\u010den\u00e9 chodn\u00edky st\u00e1le pokrivk\u00e1vaj\u00fa za alpsk\u00fdm \u0161tandardom, no odmenou za n\u00e1mahu je bo\u017esk\u00fd pokoj bez masov\u00fdch davov.<\/p>\n<p>\t<a href=\"https:\/\/dromedar.zoznam.sk\/gl\/9582931\/3978303\/Zabudnute-Albansko-zacina-byt-rajom-pre-turistov--Od-mora-je-len-kusok-do-hor\" rel=\"nofollow noopener\" target=\"_blank\"><br \/>\n\t\t<img decoding=\"async\" alt=\"Zabudnut\u00e9 Alb\u00e1nsko za\u010d\u00edna by\u0165\" aria-describedby=\"img-res-3978303\" class=\"\" height=\"1045\" id=\"3978303\" loading=\"lazy\" onerror=\"imgArticleLoadErr(this)\" src=\"https:\/\/www.europesays.com\/sk\/wp-content\/uploads\/2026\/07\/Berat-Albansko.jpg\" style=\"aspect-ratio:1.531\" title=\"Zabudnut\u00e9 Alb\u00e1nsko za\u010d\u00edna by\u0165\" width=\"1600\"\/>\t\t\t<\/p>\n<p>\n\t\t\t\tZobrazi\u0165 gal\u00e9riu (5)\t\t\t<\/p>\n<p>\t<\/a><\/p>\n<p>\t\u00a0(Zdroj: Getty Images)<\/p>\n<p>Milovn\u00edci pokoja mieria ku Skadarsk\u00e9mu jazeru, najv\u00e4\u010d\u0161ej vodnej ploche Balk\u00e1nu, ktor\u00fa Alb\u00e1nsko zdie\u013ea s \u010ciernou Horou. Alb\u00e1nska strana pon\u00faka divokej\u0161iu pr\u00edrodu, stovky druhov vt\u00e1ctva na \u010dele s pelik\u00e1nmi a skvel\u00e9 podmienky pre v\u00fdlety na kajakoch \u010di prech\u00e1dzky vyhliadkov\u00fdmi lo\u010fkami.<\/p>\n<p>\t<a href=\"https:\/\/dromedar.zoznam.sk\/gl\/9582931\/2445977\/Zabudnute-Albansko-zacina-byt-rajom-pre-turistov--Od-mora-je-len-kusok-do-hor\" rel=\"nofollow noopener\" target=\"_blank\"><br \/>\n\t\t<img decoding=\"async\" alt=\" \" aria-describedby=\"img-res-2445977\" class=\"\" height=\"1067\" id=\"2445977\" loading=\"lazy\" onerror=\"imgArticleLoadErr(this)\" src=\"https:\/\/www.europesays.com\/sk\/wp-content\/uploads\/2026\/07\/priroda-den-Europa-Cierna-Hora.jpg\" style=\"aspect-ratio:1.500\" title=\"Jazero Skadar\" width=\"1600\"\/>\t\t\t<\/p>\n<p>\n\t\t\t\tZobrazi\u0165 gal\u00e9riu (5)\t\t\t<\/p>\n<p>\t<\/a><\/p>\n<p> \t\u00a0(Zdroj: Getty Images)<\/p>\n<p>Historick\u00e9 jadro krajiny reprezentuje\u00a0Berat, zn\u00e1my ako <a href=\"https:\/\/dromedar.zoznam.sk\/cl\/1000131\/3023951\/Mesto-tisicich-okien--Berat-patri-k-najcarovnejsim-destinaciam-v-Albansku\" target=\"_blank\" rel=\"nofollow noopener\">mesto tis\u00edcich okien<\/a> v\u010faka typick\u00fdm osmansk\u00fdm domom stup\u0148ovito postaven\u00fdm na svahu pod obrovskou pevnos\u0165ou, a <a href=\"https:\/\/dromedar.zoznam.sk\/cl\/1000131\/2966213\/Mesto--ktore-musite-zazit-na-vlastnej-kozi--Albansky-Gjirokaster-postavili-len-z-kamena\" target=\"_blank\" rel=\"nofollow noopener\">Gjirokaster<\/a>. Obe lokality chr\u00e1nia organiz\u00e1cia UNESCO pre ich zachoval\u00fa architekt\u00faru a kamenn\u00e9 uli\u010dky.<\/p>\n<p>\t<a href=\"https:\/\/dromedar.zoznam.sk\/gl\/9582931\/3916809\/Zabudnute-Albansko-zacina-byt-rajom-pre-turistov--Od-mora-je-len-kusok-do-hor\" rel=\"nofollow noopener\" target=\"_blank\"><br \/>\n\t\t<img decoding=\"async\" alt=\"Zabudnut\u00e9 Alb\u00e1nsko za\u010d\u00edna by\u0165\" aria-describedby=\"img-res-3916809\" class=\"\" height=\"1067\" id=\"3916809\" loading=\"lazy\" onerror=\"imgArticleLoadErr(this)\" src=\"https:\/\/www.europesays.com\/sk\/wp-content\/uploads\/2026\/07\/Albansko-Gjirokastra-Gjirokaster.jpg\" style=\"aspect-ratio:1.500\" title=\"Zabudnut\u00e9 Alb\u00e1nsko za\u010d\u00edna by\u0165\" width=\"1600\"\/>\t\t\t<\/p>\n<p>\n\t\t\t\tZobrazi\u0165 gal\u00e9riu (5)\t\t\t<\/p>\n<p>\t<\/a><\/p>\n<p>\t\u00a0(Zdroj: Getty Images)<\/p>\n<p>Na severe l\u00e1ka mesto Shkoder so starobyl\u00fdm hradom Rozafa, odkia\u013e sa otv\u00e1ra panoramatick\u00fd v\u00fdh\u013ead na jazero a s\u00fatok troch riek, na juhu zase archeologick\u00fd park Butrint s antick\u00fdm amfite\u00e1trom a levmi czdobenou br\u00e1nou. Krajinu navy\u0161e st\u00e1le dop\u013a\u0148aj\u00fa desa\u0165tis\u00edce bet\u00f3nov\u00fdch bunkrov z \u010dias dikt\u00e1tora Envera Hod\u017eu, ktor\u00e9 dnes miestni \u010dasto prema\u013eov\u00e1vaj\u00fa na umeleck\u00e9 diela.<\/p>\n<p>T\u00e1to balk\u00e1nska krajina predstavuje ide\u00e1lny cie\u013e pre \u013eud\u00ed, ktor\u00ed vyh\u013ead\u00e1vaj\u00fa autentick\u00e9 z\u00e1\u017eitky bez preplnen\u00fdch hotelov\u00fdch komplexov a unifikovan\u00fdch turistick\u00fdch letov\u00edsk. K hlavn\u00fdm v\u00fdhod\u00e1m patria ve\u013emi n\u00edzke ceny za ubytovanie aj slu\u017eby, pohostinn\u00ed miestni obyvatelia a v\u00fdborn\u00e1 kuchy\u0148a pln\u00e1 \u010derstv\u00fdch morsk\u00fdch plodov, skvel\u00e9ho olivov\u00e9ho oleja alebo tradi\u010dn\u00e9ho pe\u010den\u00e9ho kol\u00e1\u010da byriek so syrom a \u0161pen\u00e1tom.<\/p>\n","protected":false},"excerpt":{"rendered":"Alb\u00e1nsko dlho zost\u00e1valo kv\u00f4li komunistickej izol\u00e1cii trochu bokom, no dnes l\u00e1ka na kombin\u00e1ciu divok\u00fdch h\u00f4r, historick\u00fdch miest a&hellip;\n","protected":false},"author":2,"featured_media":126662,"comment_status":"","ping_status":"","sticky":false,"template":"","format":"standard","meta":{"footnotes":"","_share_on_mastodon":"0"},"categories":[8],"tags":[40431,7237,28566,40426,40435,40428,40429,40430,40432,40436,30856,33,43,40427,40,42,36,50,40434,8280,40433,49,48],"class_list":["post-126661","post","type-post","status-publish","format-standard","has-post-thumbnail","category-svet","tag-albanske-alpy","tag-albansko","tag-balkan","tag-berat","tag-borsh","tag-butrint","tag-dhermi","tag-gjipe","tag-gjirokaster","tag-himare","tag-ksamil","tag-news","tag-sk","tag-skadarske-jazero","tag-slovak","tag-slovencina","tag-spravy","tag-svet","tag-theth","tag-unesco","tag-valbona","tag-world","tag-world-news"],"share_on_mastodon":{"url":"https:\/\/pubeurope.com\/@sk\/116935294122221938","error":""},"_links":{"self":[{"href":"https:\/\/www.europesays.com\/sk\/wp-json\/wp\/v2\/posts\/126661","targetHints":{"allow":["GET"]}}],"collection":[{"href":"https:\/\/www.europesays.com\/sk\/wp-json\/wp\/v2\/posts"}],"about":[{"href":"https:\/\/www.europesays.com\/sk\/wp-json\/wp\/v2\/types\/post"}],"author":[{"embeddable":true,"href":"https:\/\/www.europesays.com\/sk\/wp-json\/wp\/v2\/users\/2"}],"replies":[{"embeddable":true,"href":"https:\/\/www.europesays.com\/sk\/wp-json\/wp\/v2\/comments?post=126661"}],"version-history":[{"count":0,"href":"https:\/\/www.europesays.com\/sk\/wp-json\/wp\/v2\/posts\/126661\/revisions"}],"wp:featuredmedia":[{"embeddable":true,"href":"https:\/\/www.europesays.com\/sk\/wp-json\/wp\/v2\/media\/126662"}],"wp:attachment":[{"href":"https:\/\/www.europesays.com\/sk\/wp-json\/wp\/v2\/media?parent=126661"}],"wp:term":[{"taxonomy":"category","embeddable":true,"href":"https:\/\/www.europesays.com\/sk\/wp-json\/wp\/v2\/categories?post=126661"},{"taxonomy":"post_tag","embeddable":true,"href":"https:\/\/www.europesays.com\/sk\/wp-json\/wp\/v2\/tags?post=126661"}],"curies":[{"name":"wp","href":"https:\/\/api.w.org\/{rel}","templated":true}]}}