{"id":126929,"date":"2026-07-17T17:59:07","date_gmt":"2026-07-17T17:59:07","guid":{"rendered":"https:\/\/www.europesays.com\/sk\/126929\/"},"modified":"2026-07-17T17:59:07","modified_gmt":"2026-07-17T17:59:07","slug":"do-ulic-budapesti-vyjdu-desiatky-policajtov-rozhodol-o-tom-premier-magyar","status":"publish","type":"post","link":"https:\/\/www.europesays.com\/sk\/126929\/","title":{"rendered":"Do ul\u00edc Budape\u0161ti vyjd\u00fa desiatky policajtov, rozhodol o tom premi\u00e9r Magyar"},"content":{"rendered":"<p>BUDAPE\u0160\u0164 &#8211; Ma\u010farsk\u00fd premi\u00e9r P\u00e9ter Magyar spustil v hlavnom meste policajn\u00fa akciu, do ktorej bud\u00fa zapojen\u00e9 jednotky r\u00fdchleho nasadenia aj ob\u010dianska str\u00e1\u017e. Okrem toho prezradil, ktor\u00e9 \u010dasti mesta bud\u00fa najviac kontrolovan\u00e9.  <\/p>\n<p>Metropolu Ma\u010farska \u010dakaj\u00fa v najbli\u017e\u0161\u00edch t\u00fd\u017ed\u0148och ve\u013ek\u00e9 kontroly. Premi\u00e9r P\u00e9ter Magyar vo \u0161tvrtok 16. j\u00fala vyhl\u00e1sil, \u017ee ministerstvo vn\u00fatra spustilo na jeho podnet \u0161peci\u00e1lnu policajn\u00fa oper\u00e1ciu. Ako informuje\u00a0<a href=\"https:\/\/hvg.hu\/itthon\/20260716_atfogo-rendeszeti-fellepes-indul-budapesten\" target=\"_blank\" rel=\"nofollow noopener\">hvg<\/a> akcia m\u00e1 trva\u0165 30 dn\u00ed a bude v nej zapojen\u00e9 policajn\u00e9 riadite\u013estvo, jednotky r\u00fdchleho nasadenia aj ob\u010dianska str\u00e1\u017e.\u00a0<\/p>\n<p>\u013dudia sa boja\u00a0<\/p>\n<p>Pod\u013ea premi\u00e9ra, ktor\u00fd pl\u00e1ny oper\u00e1cie pribl\u00ed\u017eil na tla\u010dovej konferencii, to bola len reakcia na volanie \u013eudu. Viacer\u00ed prim\u00e1tori mestsk\u00fdch \u010dast\u00ed a mnoh\u00ed obyvatelia Budape\u0161ti odkazuj\u00fa na rast\u00face bezpe\u010dnostn\u00e9 obavy v uliciach mesta.<\/p>\n<p>Magyar okrem toho spomenul, ktor\u00e9 mestsk\u00e9 \u010dasti bud\u00fa pod zv\u00fd\u0161en\u00fdm drobnoh\u013eadom pol\u00edcie. Ako dodal, policajn\u00e9 riadite\u013estvo vych\u00e1dzalo z po\u010detn\u00fdch hl\u00e1sen\u00ed obyvate\u013eov.\u00a0<\/p>\n<p>\t<a href=\"https:\/\/www.topky.sk\/gl\/9589573\/6544221\/Magyar-sa-s-tym-nemazna--Madarsky-premier-spustil-v-Budapesti-VELKU-akciu--policajti-budu-na-kazdom-rohu\" rel=\"nofollow noopener\" target=\"_blank\"><br \/>\n\t\t<img decoding=\"async\" alt=\"Magyar sa s t\u00fdm\" aria-describedby=\"img-res-6544221\" class=\"\" height=\"1066\" id=\"6544221\" loading=\"lazy\" onerror=\"imgArticleLoadErr(this)\" src=\"https:\/\/www.europesays.com\/sk\/wp-content\/uploads\/2026\/07\/policia--Madarsko-krimi.jpg\" style=\"aspect-ratio:1.501\" title=\"Magyar sa s t\u00fdm\" width=\"1600\"\/>\t\t\t<\/p>\n<p>\n\t\t\t\tZobrazi\u0165 gal\u00e9riu (4)\t\t\t<\/p>\n<p>\t<\/a><\/p>\n<p>\t\u00a0(Zdroj: Getty Images)<\/p>\n<p>Zv\u00fd\u0161en\u00e1 pr\u00edtomnos\u0165 policajtov a in\u00fdch zlo\u017eiek bude v okol\u00ed ob\u013e\u00faben\u00fdch podnikov v centre mesta. Druhou lokalitou bude \u017eelezni\u010dn\u00e1 stanica Rakosrendezo. \u00a0<\/p>\n<p>&#8222;Mnoh\u00e9 bezpe\u010dnostn\u00e9 probl\u00e9my vo vymedzen\u00fdch oblastiach presahuj\u00fa r\u00e1mec \u010disto policajnej \u010dinnosti. \u0164a\u017ekosti pramenia aj kv\u00f4li bezdomovcov, \u013eud\u00ed z\u00e1visl\u00fdch na drog\u00e1ch a alkohole \u010di z nedostatku primeranej starostlivosti o du\u0161evn\u00e9 zdravie,&#8220; poznamenal premi\u00e9r Magyar.\u00a0<\/p>\n<p>Z tohto d\u00f4vodu bud\u00fa do oper\u00e1cie zapojen\u00e9 aj soci\u00e1lne a zdravotn\u00e9 slu\u017eby. Cie\u013eom je komplexn\u00e9 rie\u0161enie probl\u00e9mov, nielen ich d\u00f4sledky.\u00a0<\/p>\n<p>Tri hlavn\u00e9 podporn\u00e9 programy\u00a0<\/p>\n<p>Prim\u00e1tor Budape\u0161ti Gergely Karacsony ozn\u00e1mil zintenz\u00edvnenie spolupr\u00e1ce medzi r\u00f4znymi \u00farov\u0148ami vl\u00e1dy. Mesto spust\u00ed nov\u00e9 podporn\u00e9 programy pre \u013eud\u00ed z\u00e1pasiacich so z\u00e1vislos\u0165ou.\u00a0<\/p>\n<p>V Budape\u0161ti pribudne viac policajtov, ktor\u00ed bud\u00fa hliadkova\u0165 na verejn\u00fdch priestranstv\u00e1ch, bude zriaden\u00e1 nov\u00e1 pracovn\u00e1 skupina, ktor\u00e1 spoj\u00ed pol\u00edciu, zdravotn\u00edctvo a \u0161t\u00e1tne org\u00e1ny. Karacsony pl\u00e1nuje spusti\u0165 aj \u0161peci\u00e1lny program, ktor\u00fd bude priamo v ter\u00e9ne rie\u0161i\u0165 probl\u00e9my s drogovo z\u00e1visl\u00fdmi \u013eu\u010fmi.\u00a0<\/p>\n","protected":false},"excerpt":{"rendered":"BUDAPE\u0160\u0164 &#8211; Ma\u010farsk\u00fd premi\u00e9r P\u00e9ter Magyar spustil v hlavnom meste policajn\u00fa akciu, do ktorej bud\u00fa zapojen\u00e9 jednotky r\u00fdchleho&hellip;\n","protected":false},"author":2,"featured_media":126930,"comment_status":"","ping_status":"","sticky":false,"template":"","format":"standard","meta":{"footnotes":"","_share_on_mastodon":"0"},"categories":[32],"tags":[503,2913,34,37,3358,483,15592,33,3373,40500,525,143,43,40,39,42,41,36,38,35],"class_list":["post-126929","post","type-post","status-publish","format-standard","has-post-thumbnail","category-spravy","tag-bezpecnost","tag-budapest","tag-headlines","tag-hlavne-spravy","tag-kontroly","tag-madarsko","tag-ministerstvo-vnutra","tag-news","tag-peter-magyar","tag-policajne-riaditelstvo","tag-policia","tag-premier","tag-sk","tag-slovak","tag-slovakia","tag-slovencina","tag-slovensko","tag-spravy","tag-titulky","tag-top-stories"],"share_on_mastodon":{"url":"https:\/\/pubeurope.com\/@sk\/116936623121387876","error":""},"_links":{"self":[{"href":"https:\/\/www.europesays.com\/sk\/wp-json\/wp\/v2\/posts\/126929","targetHints":{"allow":["GET"]}}],"collection":[{"href":"https:\/\/www.europesays.com\/sk\/wp-json\/wp\/v2\/posts"}],"about":[{"href":"https:\/\/www.europesays.com\/sk\/wp-json\/wp\/v2\/types\/post"}],"author":[{"embeddable":true,"href":"https:\/\/www.europesays.com\/sk\/wp-json\/wp\/v2\/users\/2"}],"replies":[{"embeddable":true,"href":"https:\/\/www.europesays.com\/sk\/wp-json\/wp\/v2\/comments?post=126929"}],"version-history":[{"count":0,"href":"https:\/\/www.europesays.com\/sk\/wp-json\/wp\/v2\/posts\/126929\/revisions"}],"wp:featuredmedia":[{"embeddable":true,"href":"https:\/\/www.europesays.com\/sk\/wp-json\/wp\/v2\/media\/126930"}],"wp:attachment":[{"href":"https:\/\/www.europesays.com\/sk\/wp-json\/wp\/v2\/media?parent=126929"}],"wp:term":[{"taxonomy":"category","embeddable":true,"href":"https:\/\/www.europesays.com\/sk\/wp-json\/wp\/v2\/categories?post=126929"},{"taxonomy":"post_tag","embeddable":true,"href":"https:\/\/www.europesays.com\/sk\/wp-json\/wp\/v2\/tags?post=126929"}],"curies":[{"name":"wp","href":"https:\/\/api.w.org\/{rel}","templated":true}]}}