{"id":127536,"date":"2026-07-18T16:09:14","date_gmt":"2026-07-18T16:09:14","guid":{"rendered":"https:\/\/www.europesays.com\/sk\/127536\/"},"modified":"2026-07-18T16:09:14","modified_gmt":"2026-07-18T16:09:14","slug":"nemecky-minister-vnutra-varoval-pred-moznymi-utokmi","status":"publish","type":"post","link":"https:\/\/www.europesays.com\/sk\/127536\/","title":{"rendered":"Nemeck\u00fd minister vn\u00fatra varoval pred mo\u017en\u00fdmi \u00fatokmi"},"content":{"rendered":"<p>BERL\u00cdN &#8211; Nemeck\u00fd minister vn\u00fatra Alexander Dobrindt v rozhovore pre nede\u013e\u0148aj\u0161ie vydanie denn\u00edka Die \u200bWelt varoval pred mo\u017en\u00fdmi \u00fatokmi na \u00fazem\u00ed krajiny. Ozn\u00e1mil, \u017ee pre bezpe\u010dnostn\u00fa situ\u00e1ciu zv\u00fd\u0161il stupe\u0148 ohrozenia. Informuje agent\u00fara Reuters.<\/p>\n<p>\u201eNa z\u00e1klade v\u00e4\u010d\u0161ieho mno\u017estva spr\u00e1v a z\u00edskan\u00fdch spravodajsk\u00fdch inform\u00e1ci\u00ed som sa rozhodol prehodnoti\u0165 stupe\u0148 ohrozenia z p\u00f4vodne stanovenej abstraktnej \u00farovne na \u00farove\u0148 vysok\u00e9ho rizika,\u201c povedal Dobrindt.<\/p>\n<p>To pod\u013ea neho znamen\u00e1, \u017ee v Nemecku treba neust\u00e1le po\u010d\u00edta\u0165 s rizikom \u00fatokov, ktor\u00fdch cie\u013eom by sa mohli sta\u0165 infra\u0161trukt\u00fara, in\u0161tit\u00facie a aj jednotlivci. \u201ePl\u00e1ny \u00fatokov proti na\u0161ej krajine s\u00fa zjavn\u00e9,\u201c zd\u00f4raznil spolkov\u00fd minister.<\/p>\n<p>Rezort vn\u00fatra pod\u013ea Reuters bezprostredne nereagoval na \u017eiados\u0165 o poskytnutie podrobnost\u00ed k vyjadreniam Dobrindta. Ten nazna\u010dil prehodnotenie \u00farovne hrozby u\u017e v j\u00fani, \u010do od\u00f4vodnil v\u00fdrazne v\u00e4\u010d\u0161\u00edm po\u010dtom hl\u00e1sen\u00ed od dom\u00e1cich aj spojeneck\u00fdch spravodajsk\u00fdch slu\u017eieb, konkr\u00e9tnej\u0161\u00edmi pr\u00edpadmi po\u0161kodenia a u\u017e\u0161ou spolupr\u00e1cou \u0161pi\u00f3nov v Nemecku aj v zahrani\u010d\u00ed, ktor\u00ed pl\u00e1novali \u0161pion\u00e1\u017e a sabot\u00e1\u017e. Nemeck\u00e9 bezpe\u010dnostn\u00e9 zlo\u017eky pod\u013ea Dobrindta ned\u00e1vno zmarili bombov\u00fd \u00fatok, ktor\u00fd napl\u00e1novali osoby zverbovan\u00e9 zahrani\u010dn\u00fdmi tajn\u00fdmi slu\u017ebami.<\/p>\n<p>Vl\u00e1da spolkov\u00e9ho kancel\u00e1ra Friedricha Merza avizovala, \u017ee pl\u00e1nuje po\u010das tohto leta roz\u0161\u00edri\u0165 pr\u00e1vomoci nemeck\u00fdch spravodajsk\u00fdch slu\u017eieb a umo\u017eni\u0165 im v \u00fazko vymedzen\u00fdch situ\u00e1ci\u00e1ch priamo zasiahnu\u0165, a nie len zhroma\u017e\u010fova\u0165 a analyzova\u0165 inform\u00e1cie. V niektor\u00fdch pr\u00edpadoch by mohli napr\u00edklad dosta\u0165 opr\u00e1vnenie vst\u00fapi\u0165 a preh\u013eada\u0165 pr\u00edbytky, ak by pol\u00edcia nebola schopn\u00e1 reagova\u0165 v\u010das. Kabinet m\u00e1 o navrhnutom z\u00e1kone rokova\u0165 13. augusta.<\/p>\n<p>V Nemecku do\u0161lo v posledn\u00fdch rokoch k viacer\u00fdm \u00fatokom. V j\u00fani tohto roka ods\u00fadili na do\u017eivotie 51-ro\u010dn\u00e9ho mu\u017ea p\u00f4vodom zo Saudskej Ar\u00e1bie, ktor\u00fd v roku 2024 prenajat\u00fdm vozidlom vrazil do davu na viano\u010dn\u00fdch trhoch v Magdeburgu, pri\u010dom zabil \u0161es\u0165 \u013eud\u00ed a stovky \u010fal\u0161\u00edch zranil.<\/p>\n<p>Vlani nemeck\u00fd s\u00fad uznal s\u00fdrskeho ob\u010dana za vinn\u00e9ho z \u00fatoku no\u017eom na festivale v \u200bSolingene v roku 2024, pri ktorom v mene teroristickej organiz\u00e1cie Islamsk\u00fd \u0161t\u00e1t pripravil o \u017eivot troch \u013eud\u00ed a desiatich zranil, pripomenula agent\u00fara Reuters.<\/p>\n","protected":false},"excerpt":{"rendered":"BERL\u00cdN &#8211; Nemeck\u00fd minister vn\u00fatra Alexander Dobrindt v rozhovore pre nede\u013e\u0148aj\u0161ie vydanie denn\u00edka Die \u200bWelt varoval pred mo\u017en\u00fdmi&hellip;\n","protected":false},"author":2,"featured_media":127537,"comment_status":"","ping_status":"","sticky":false,"template":"","format":"standard","meta":{"footnotes":"","_share_on_mastodon":"0"},"categories":[8],"tags":[2215,236,33,12660,43,40,42,36,23268,50,788,3783,49,48],"class_list":["post-127536","post","type-post","status-publish","format-standard","has-post-thumbnail","category-svet","tag-minister","tag-nemecko","tag-news","tag-ohrozenie","tag-sk","tag-slovak","tag-slovencina","tag-spravy","tag-stupen","tag-svet","tag-utoky","tag-varovanie","tag-world","tag-world-news"],"share_on_mastodon":{"url":"https:\/\/pubeurope.com\/@sk\/116941852759097978","error":""},"_links":{"self":[{"href":"https:\/\/www.europesays.com\/sk\/wp-json\/wp\/v2\/posts\/127536","targetHints":{"allow":["GET"]}}],"collection":[{"href":"https:\/\/www.europesays.com\/sk\/wp-json\/wp\/v2\/posts"}],"about":[{"href":"https:\/\/www.europesays.com\/sk\/wp-json\/wp\/v2\/types\/post"}],"author":[{"embeddable":true,"href":"https:\/\/www.europesays.com\/sk\/wp-json\/wp\/v2\/users\/2"}],"replies":[{"embeddable":true,"href":"https:\/\/www.europesays.com\/sk\/wp-json\/wp\/v2\/comments?post=127536"}],"version-history":[{"count":0,"href":"https:\/\/www.europesays.com\/sk\/wp-json\/wp\/v2\/posts\/127536\/revisions"}],"wp:featuredmedia":[{"embeddable":true,"href":"https:\/\/www.europesays.com\/sk\/wp-json\/wp\/v2\/media\/127537"}],"wp:attachment":[{"href":"https:\/\/www.europesays.com\/sk\/wp-json\/wp\/v2\/media?parent=127536"}],"wp:term":[{"taxonomy":"category","embeddable":true,"href":"https:\/\/www.europesays.com\/sk\/wp-json\/wp\/v2\/categories?post=127536"},{"taxonomy":"post_tag","embeddable":true,"href":"https:\/\/www.europesays.com\/sk\/wp-json\/wp\/v2\/tags?post=127536"}],"curies":[{"name":"wp","href":"https:\/\/api.w.org\/{rel}","templated":true}]}}