{"id":128015,"date":"2026-07-19T11:05:14","date_gmt":"2026-07-19T11:05:14","guid":{"rendered":"https:\/\/www.europesays.com\/sk\/128015\/"},"modified":"2026-07-19T11:05:14","modified_gmt":"2026-07-19T11:05:14","slug":"obrovska-rana-nahle-zomrel-vynikajuci-slovensky-umelec-%e2%80%a039-pred-par-dnami-rozdaval-radost-na-festivale","status":"publish","type":"post","link":"https:\/\/www.europesays.com\/sk\/128015\/","title":{"rendered":"OBROVSK\u00c1 RANA N\u00e1hle zomrel vynikaj\u00faci slovensk\u00fd umelec (\u202039). Pred p\u00e1r d\u0148ami rozd\u00e1val rados\u0165 na festivale"},"content":{"rendered":"<p>\t\t\t\t\t\t\t<img decoding=\"async\" src=\"https:\/\/www.europesays.com\/sk\/wp-content\/uploads\/2026\/07\/1784459110_10_sviecky.jpg\" alt=\"Ilustra\u010dn\u00fd AI obr\u00e1zok\" style=\"aspect-ratio: 1.33;object-fit: cover; display:inline; width: 100%;\" fetchpriority=\"high\"\/><\/p>\n<p>\t\t\t\t\tIlustra\u010dn\u00fd AI obr\u00e1zok<\/p>\n<p>\t\t<img decoding=\"async\" src=\"https:\/\/www.europesays.com\/sk\/wp-content\/uploads\/2026\/07\/1784459110_336_author-default.jpg\" aria-label=\"Autor\"\/><\/p>\n<p>Podtatransk\u00fd regi\u00f3n zasiahla smutn\u00e1 spr\u00e1va. Vo veku nedo\u017eit\u00fdch 40 rokov n\u00e1hle zomrel ob\u013e\u00faben\u00fd \u013eudov\u00fd remeseln\u00edk Jozef Drozd z Popradu \u2013 Matejoviec. Svoj \u017eivot zasv\u00e4til zachov\u00e1vaniu tradi\u010dn\u00fdch remesiel. E\u0161te pred nieko\u013ek\u00fdmi d\u0148ami prezentoval svoju tvorbu na medzin\u00e1rodnom festivale v Ke\u017emarku. Videorozhovor, v ktorom rozpr\u00e1val o svojej l\u00e1ske k \u013eudov\u00fdm trad\u00edci\u00e1m, si na soci\u00e1lnych sie\u0165ach z\u00edskal obrovsk\u00fa priaze\u0148. \u017dia\u013e, bol to jeho posledn\u00fd rozhovor pre m\u00e9di\u00e1.<\/p>\n<p>S hlbok\u00fdm z\u00e1rmutkom ozn\u00e1mila rodina, \u017ee 12. j\u00fala nav\u017edy odi\u0161iel Jozef Drozd z Popradu \u2013 Matejoviec. Mal len 39 rokov a do svojich okr\u00fahlych \u0161tyridsiatych naroden\u00edn mu ch\u00fdbalo len nieko\u013eko mesiacov. \u201eS boles\u0165ou v srdci oznamujeme v\u0161etk\u00fdm pr\u00edbuzn\u00fdm, priate\u013eom a zn\u00e1mym, \u017ee d\u0148a 12. j\u00fala 2026 n\u00e1s vo veku nedo\u017eit\u00fdch 40 rokov n\u00e1hle a nav\u017edy opustil Jozef Drozd.\u201c<\/p>\n<p><img fetchpriority=\"high\" decoding=\"async\" width=\"1448\" height=\"2048\" src=\"https:\/\/www.europesays.com\/sk\/wp-content\/uploads\/2026\/07\/749036293-3142044046006119-8666518027781914087-n.jpg\" alt=\"Sm\u00fato\u010dn\u00e9 ozn\u00e1menie Jozef Drozd\" class=\"wp-image-856851\"  \/>Sm\u00fato\u010dn\u00e9 ozn\u00e1menie. Zdroj: Facebook \u2013 Pohrebn\u00e9 slu\u017eby QUO VADIS<\/p>\n<p>Svoje remeslo miloval a odovzd\u00e1val \u010falej<\/p>\n<p>Jozef Drozd patril medzi zn\u00e1mych \u013eudov\u00fdch v\u00fdrobcov pod Tatrami. Dlh\u00e9 roky sa venoval tradi\u010dn\u00fdm remesl\u00e1m, pri\u010dom sa \u0161pecializoval na pr\u00e1cu s ko\u017eou, ale bol zn\u00e1my aj svoj\u00edm vz\u0165ahom k tradi\u010dnej \u013eudovej tvorbe a prezent\u00e1cii remesiel na folkl\u00f3rnych podujatiach.<\/p>\n<p>Mohlo by v\u00e1s zauj\u00edma\u0165:<\/p>\n<p>Reklama<\/p>\n<p> div {<br \/>\ntext-align: left;<br \/>\nfont-size: 12px;<br \/>\ncolor: #6f6f6f;<br \/>\n}<\/p>\n<p>#onnetwork-banner > div:first-child {<br \/>\ntext-align: left;<br \/>\nfont-weight: 700;<br \/>\npadding-bottom: 5px;<br \/>\nfont-size: 14px;<br \/>\ncolor: #000000;<br \/>\n}<\/p>\n<p>]]><\/p>\n<p>Pravidelne sa z\u00fa\u010dast\u0148oval jarmokov, remeseln\u00fdch trhov \u010di folkl\u00f3rnych festivalov, kde n\u00e1v\u0161tevn\u00edkom pribli\u017eoval poctiv\u00fa ru\u010dn\u00fa v\u00fdrobu a tradi\u010dn\u00e9 postupy. Jeho meno figurovalo aj medzi remeseln\u00edkmi spolupracuj\u00facimi s Podtatransk\u00fdm osvetov\u00fdm strediskom v Poprade pri uk\u00e1\u017ekach tradi\u010dn\u00fdch remesiel.<\/p>\n<p>E\u0161te ned\u00e1vno bol na festivale v Ke\u017emarku<\/p>\n<p>Mnoh\u00ed priatelia len \u0165a\u017eko h\u013eadaj\u00fa slov\u00e1. Jozef sa e\u0161te pred nieko\u013ek\u00fdmi d\u0148ami z\u00fa\u010dastnil Medzin\u00e1rodn\u00e9ho festivalu \u013eudov\u00fdch remesiel a kult\u00fary Eur\u00f3pske \u013eudov\u00e9 remeslo v Ke\u017emarku (10. \u2013 12. j\u00fala), kde prezentoval svoju tvorbu.<\/p>\n<p>Festivalov\u00e1 str\u00e1nka s n\u00edm dokonca zverejnila videorozhovor, ktor\u00fd na soci\u00e1lnej sieti z\u00edskal mno\u017estvo pozit\u00edvnych ohlasov. Jeho rozpr\u00e1vanie o v\u00e1\u0161ni k \u013eudov\u00fdm remesl\u00e1m chytilo za srdce mnoh\u00fdch \u013eud\u00ed.<\/p>\n<p>Jedna z n\u00e1v\u0161tevn\u00ed\u010dok si na ich posledn\u00e9 stretnutie spom\u00edna so zimomriavkami. \u201eSom sa s n\u00edm rozpr\u00e1vala. Povedal. Pred\u00e1m v\u0161etko, \u010do m\u00e1m, a u\u017e nebudem robi\u0165. U\u017e mal svoj pl\u00e1n na mysli.. Vedel, \u010do pr\u00edde. A \u017ee toto bude jeho posledn\u00fd jarmok\u2026\u201c uviedla.<\/p>\n<p>\u201eV\u010dera sme sa e\u0161te rozpr\u00e1vali\u201c<\/p>\n<p>Obrovsk\u00fd sm\u00fatok vyjadril aj Martin, jeden z jeho kolegov z remeseln\u00edckej komunity. \u201eSt\u00e1le tomu nem\u00f4\u017eem uveri\u0165. E\u0161te v\u010dera sme sa stretli v Ke\u017emarku. Rozpr\u00e1vali sme sa o opaskoch, prack\u00e1ch, o remesle, o majstroch, o tom, \u010do e\u0161te treba urobi\u0165. Mal si iskru v o\u010diach, chu\u0165 tvori\u0165 a pl\u00e1ny do bud\u00facnosti. A dnes tu zrazu nie si. Odi\u0161iel si pr\u00edli\u0161 skoro. Zostane po Tebe Tvoja tvorba, poctiv\u00e9 remeslo, spomienky a \u00facta v\u0161etk\u00fdch, ktor\u00ed \u0164a poznali. V tradi\u010dnej kult\u00fare zanech\u00e1\u0161 stopu, ktor\u00e1 tu zostane.\u201c<\/p>\n<p>\t\t<a href=\"https:\/\/bratislava.zoznam.sk\/zomrel-skvely-hudobnik-zo-znamej-slovenskej-skupiny-kolegovia-tomu-nemozu-uverit\/\" rel=\"nofollow noopener\" target=\"_blank\"><br \/>\n\t\t\t<img decoding=\"async\" src=\"https:\/\/www.europesays.com\/sk\/wp-content\/uploads\/2026\/07\/1784459112_719_sviecka.jpg\" alt=\"Zomrel skvel\u00fd HUDOBN\u00cdK zo zn\u00e1mej slovenskej SKUPINY. Kolegovia tomu nem\u00f4\u017eu uveri\u0165\" loading=\"lazy\"\/><br \/>\n\t\t<\/a><\/p>\n<p style=\"color:#000;\">Pre\u010d\u00edtajte si tie\u017e<\/p>\n<p>\t\t\t<a href=\"https:\/\/bratislava.zoznam.sk\/zomrel-skvely-hudobnik-zo-znamej-slovenskej-skupiny-kolegovia-tomu-nemozu-uverit\/\" rel=\"nofollow noopener\" target=\"_blank\">Zomrel skvel\u00fd HUDOBN\u00cdK zo zn\u00e1mej slovenskej SKUPINY. Kolegovia tomu nem\u00f4\u017eu uveri\u0165<\/a><\/p>\n<p>\u013dudia spom\u00ednaj\u00fa na jeho talent aj \u013eudskos\u0165<\/p>\n<p>Mnoh\u00ed Jozefa poznali osobne alebo obdivovali jeho pr\u00e1cu. \u201eTo mi je \u013e\u00fato. P\u00e1na som videla v telev\u00edzii len ned\u00e1vno, ke\u010f rozpr\u00e1val o svojom \u013eudovom remesle a pr\u00e1ci s ko\u017eou. \u00daprimn\u00fa s\u00fastras\u0165,\u201c uviedla Marta.<\/p>\n<p>\u201eJe mi to ve\u013emi \u013e\u00fato. Jeho pr\u00e1cu sme ocenili na tohtoro\u010dn\u00fdch ke\u017emarsk\u00fdch trhoch a u\u017e ho niet,\u201c uviedla Jana.<\/p>\n<p>\u201eSte ve\u013emi \u0161ikovn\u00fd mlad\u00fd mu\u017e, ktor\u00fd mal zmysel pre zachovanie hodn\u00f4t na\u0161ej minulosti pre bud\u00facnos\u0165. Je mi ve\u013emi \u013e\u00fato, \u017ee tento zanieten\u00fd \u010dlovek zomrel,\u201c doplnila Viera.<\/p>\n<p>Posledn\u00e1 rozl\u00fa\u010dka sa uskuto\u010dnila v piatok 17. j\u00fala 2026 o 14:00 hod. v R\u00edmskokatol\u00edckom kostole sv\u00e4t\u00e9ho \u0160tefana Kr\u00e1\u013ea v Poprade \u2013 Matejovciach.<\/p>\n<p><a class=\"map-link\" target=\"_blank\" href=\"https:\/\/mapa.zoznam.sk\/?z=8&amp;p[0]=49.0511221,20.295414\" rel=\"nofollow noopener\"><img decoding=\"async\" src=\"https:\/\/www.europesays.com\/sk\/wp-content\/uploads\/2026\/07\/1784459113_644_staticmap.png\" style=\"padding-bottom:30px;width:100%\"\/><\/a>\t\t\t\t\t\t\t\t\t\t\t\t\t\t<\/p>\n<p class=\"tags\">Viac o t\u00e9me: <a href=\"https:\/\/regiony.zoznam.sk\/tag\/europske-ludove-remeslo\/\" rel=\"nofollow noopener\" target=\"_blank\">Eur\u00f3pske \u013eudov\u00e9 remeslo<\/a>, <a href=\"https:\/\/regiony.zoznam.sk\/tag\/folklor\/\" rel=\"nofollow noopener\" target=\"_blank\">folkl\u00f3r<\/a>, <a href=\"https:\/\/regiony.zoznam.sk\/tag\/poprad\/\" rel=\"nofollow noopener\" target=\"_blank\">Poprad<\/a>, <a href=\"https:\/\/regiony.zoznam.sk\/tag\/umelec\/\" rel=\"nofollow noopener\" target=\"_blank\">umelec<\/a>, <a href=\"https:\/\/regiony.zoznam.sk\/tag\/umrtie-2\/\" rel=\"nofollow noopener\" target=\"_blank\">\u00daMRTIE<\/a><\/p>\n<p>\t\tKoment\u00e1re k \u010dl\u00e1nku<\/p>\n<p>\t\t\t\t\t\t\t\t\t\t\t\t\t\t\t\t\t<img decoding=\"async\" class=\"article-comment-image\" src=\"https:\/\/www.europesays.com\/sk\/wp-content\/uploads\/2026\/07\/1784459114_44_avatar92.jpg\" alt=\"\"\/><\/p>\n<p>Soledad<\/p>\n<p>\n\t\t\t\t\t\t\t\t\tPred 17 hodinami\t\t\t\t\t\t\t\t<\/p>\n<p>&#8230;a zloba z teba ide aj pri takomto smutnom ozname&#8230;<\/p>\n<p>\t\t\t\t\t\t\t\t\t\t\t\t\t\t\t\t\t<img decoding=\"async\" class=\"article-comment-image\" src=\"https:\/\/www.europesays.com\/sk\/wp-content\/uploads\/2026\/07\/1784459114_44_avatar92.jpg\" alt=\"\"\/><\/p>\n<p>ETRUSK<\/p>\n<p>\n\t\t\t\t\t\t\t\t\tPred 16 hodinami\t\t\t\t\t\t\t\t<\/p>\n<p>DESSOLE LIBER\u00c1LNI UKROJINSK\u00cd SA VYHLI D\u00d4VODU AJ KE\u010e 40 ROKOV ZAZNAMENANE KORUPCIA M\u00c9DI\u00c1<\/p>\n","protected":false},"excerpt":{"rendered":"Ilustra\u010dn\u00fd AI obr\u00e1zok Podtatransk\u00fd regi\u00f3n zasiahla smutn\u00e1 spr\u00e1va. Vo veku nedo\u017eit\u00fdch 40 rokov n\u00e1hle zomrel ob\u013e\u00faben\u00fd \u013eudov\u00fd remeseln\u00edk&hellip;\n","protected":false},"author":2,"featured_media":128016,"comment_status":"","ping_status":"","sticky":false,"template":"","format":"standard","meta":{"footnotes":"","_share_on_mastodon":"0"},"categories":[6],"tags":[40773,1000,1533,43,40,44,39,42,45,41,24505,565],"class_list":["post-128015","post","type-post","status-publish","format-standard","has-post-thumbnail","category-slovensko","tag-europske-ludove-remeslo","tag-folklor","tag-poprad","tag-sk","tag-slovak","tag-slovak-republic","tag-slovakia","tag-slovencina","tag-slovenska-republika","tag-slovensko","tag-umelec","tag-umrtie"],"share_on_mastodon":{"url":"https:\/\/pubeurope.com\/@sk\/116946319965294190","error":""},"_links":{"self":[{"href":"https:\/\/www.europesays.com\/sk\/wp-json\/wp\/v2\/posts\/128015","targetHints":{"allow":["GET"]}}],"collection":[{"href":"https:\/\/www.europesays.com\/sk\/wp-json\/wp\/v2\/posts"}],"about":[{"href":"https:\/\/www.europesays.com\/sk\/wp-json\/wp\/v2\/types\/post"}],"author":[{"embeddable":true,"href":"https:\/\/www.europesays.com\/sk\/wp-json\/wp\/v2\/users\/2"}],"replies":[{"embeddable":true,"href":"https:\/\/www.europesays.com\/sk\/wp-json\/wp\/v2\/comments?post=128015"}],"version-history":[{"count":0,"href":"https:\/\/www.europesays.com\/sk\/wp-json\/wp\/v2\/posts\/128015\/revisions"}],"wp:featuredmedia":[{"embeddable":true,"href":"https:\/\/www.europesays.com\/sk\/wp-json\/wp\/v2\/media\/128016"}],"wp:attachment":[{"href":"https:\/\/www.europesays.com\/sk\/wp-json\/wp\/v2\/media?parent=128015"}],"wp:term":[{"taxonomy":"category","embeddable":true,"href":"https:\/\/www.europesays.com\/sk\/wp-json\/wp\/v2\/categories?post=128015"},{"taxonomy":"post_tag","embeddable":true,"href":"https:\/\/www.europesays.com\/sk\/wp-json\/wp\/v2\/tags?post=128015"}],"curies":[{"name":"wp","href":"https:\/\/api.w.org\/{rel}","templated":true}]}}