{"id":129626,"date":"2026-07-21T11:33:05","date_gmt":"2026-07-21T11:33:05","guid":{"rendered":"https:\/\/www.europesays.com\/sk\/129626\/"},"modified":"2026-07-21T11:33:05","modified_gmt":"2026-07-21T11:33:05","slug":"obrovska-tragedia-v-trebisove-auto-zrazilo-dieta-jeho-zivot-sa-uz-nepodarilo-zachranit-topky","status":"publish","type":"post","link":"https:\/\/www.europesays.com\/sk\/129626\/","title":{"rendered":"Obrovsk\u00e1 trag\u00e9dia v Trebi\u0161ove: Auto zrazilo die\u0165a, jeho \u017eivot sa u\u017e nepodarilo zachr\u00e1ni\u0165 &#8211; Topky"},"content":{"rendered":"<p><a href=\"https:\/\/news.google.com\/rss\/articles\/CBMiwAFBVV95cUxON201UUp2WU9QWHg0N2JydDNTQzhaMVIwSmxoREdHMmcyOVR6M0RCbDJXODM5UVNIOHh2TzJxeUZsem1vLWdHUlZiVUoxQzA3Ylk5aVJwcXl1QUdITnh3RmlPcEtTeUV4dmlQM2hWOUlBdkpjVzRxOG5LMkZfbF85UUlsbW1OS1lnSmNmU3BCSHNDSVhSM0hLTk9qRlY4bk5uOTJuMHNlcFdabUZseExmUDhCU1NTMlh6bEJTSE9yNXg?oc=5\" target=\"_blank\" rel=\"nofollow noopener\">Obrovsk\u00e1 trag\u00e9dia v Trebi\u0161ove: Auto zrazilo die\u0165a, jeho \u017eivot sa u\u017e nepodarilo zachr\u00e1ni\u0165<\/a>&nbsp;&nbsp;Topky<a href=\"https:\/\/news.google.com\/rss\/articles\/CBMiuwFBVV95cUxQcVphRERsWXV3QjB2ODVzQWtLd2dJZ2NUZ08xYmdPQXdDMWpXcFVvVmIzYnFmMnp3aGxvZGNiVVpFYnBXOHJ2UUg0enU5NG1uWExEZVE3ZnJSd1gzOUZLZXZjLXo5bllKVjZxSDEtNzIxdW9SUHVmZUlOc0Rqdlg5S0xUVm13VWJ5ZGFpNFo0eWc1QlRjX1Mzc2RJWWx5MEw0MG1pNzI3MFpZcXJOcDROVUhna2pQai1IcE9N?oc=5\" target=\"_blank\" rel=\"nofollow noopener\">Trag\u00e9dia v Trebi\u0161ove. Die\u0165a po zr\u00e1\u017eke s autom v nemocnici pod\u013eahlo zraneniam<\/a>&nbsp;&nbsp;Korz\u00e1r<a href=\"https:\/\/news.google.com\/rss\/articles\/CBMikgFBVV95cUxQUWR2SWdhS2VIWE5CNm94SGctWldvN01RZTlqaTQ4NUZQMWxCbTBGaXJiWFloS1R5ckNTd0NuZHl2cy00YW1RYzVRdnctOFEzVkZZajJtYlNBbGFiRUZoYXR4WlkxMjQzSXlSZjBaQlU5MTRkdTVvaWNSb18wcWExajJXa0U1NC1KbmZ2TEZkRWFsdw?oc=5\" target=\"_blank\" rel=\"nofollow noopener\">Trag\u00e9dia v Trebi\u0161ove: Po zr\u00e1\u017eke s autom zomrelo die\u0165a<\/a>&nbsp;&nbsp;Noviny.sk<a href=\"https:\/\/news.google.com\/rss\/articles\/CBMiqAFBVV95cUxNbU5RV1ZOaDNKRU1nUVhRSC10ckR2elNjcFVzLVBqcHl4eXlyMHRDQXlwRk95MkhaN2dhUW9xUGI4T3R4ZlF3VXVQQ1BIUjRKZWhfbW9lcjhqVUYyUHFEaW9qSDZCeTZ6Uk55R2JqQnQ4V1lLR0NJaWdRTUJKTmdPOUJpaTRMU3EtUDRQSWY2M0RTNnQ5aHpfRWJKZFR5Wl9pdG5NelYwcFo?oc=5\" target=\"_blank\" rel=\"nofollow noopener\">Obrovsk\u00e9 ne\u0161\u0165astie v Trebi\u0161ove. Pri dopravnej nehode zomrelo die\u0165a<\/a>&nbsp;&nbsp;tnlive<a href=\"https:\/\/news.google.com\/rss\/articles\/CBMimgFBVV95cUxNWFh0TlFMQ0RieDJCc3ZjTzVRR20xUG5SSDZPZmJfVWRBbkNuQmdtaU5DUnh5TXlOaU1nMFRMVkhKcU5pUG5HaXk3ZUxLQVBaeXpVYy1tOVBORVVLNE9ReG9lNnV6SUtVekhwUGF1c25aQ2lSOFB1b09PN2FvYm5NekpTOTFKTkNWUTdfd25tVDFmbFU2Zlh5X3Rn?oc=5\" target=\"_blank\" rel=\"nofollow noopener\">Trag\u00e9dia na v\u00fdchode Slovenska: Zomrelo die\u0165a. Pr\u00edpad vy\u0161etruje pol\u00edcia<\/a>&nbsp;&nbsp;Nov\u00fd \u010cas<\/p>\n","protected":false},"excerpt":{"rendered":"Obrovsk\u00e1 trag\u00e9dia v Trebi\u0161ove: Auto zrazilo die\u0165a, jeho \u017eivot sa u\u017e nepodarilo zachr\u00e1ni\u0165&nbsp;&nbsp;TopkyTrag\u00e9dia v Trebi\u0161ove. Die\u0165a po zr\u00e1\u017eke&hellip;\n","protected":false},"author":2,"featured_media":129627,"comment_status":"","ping_status":"","sticky":false,"template":"","format":"standard","meta":{"footnotes":"","_share_on_mastodon":"0"},"categories":[32],"tags":[34,37,33,43,40,39,42,41,744,36,38,35,729,1773],"class_list":["post-129626","post","type-post","status-publish","format-standard","has-post-thumbnail","category-spravy","tag-headlines","tag-hlavne-spravy","tag-news","tag-sk","tag-slovak","tag-slovakia","tag-slovencina","tag-slovensko","tag-smrt","tag-spravy","tag-titulky","tag-top-stories","tag-tragedia","tag-trebisov"],"share_on_mastodon":{"url":"https:\/\/pubeurope.com\/@sk\/116957754385830139","error":""},"_links":{"self":[{"href":"https:\/\/www.europesays.com\/sk\/wp-json\/wp\/v2\/posts\/129626","targetHints":{"allow":["GET"]}}],"collection":[{"href":"https:\/\/www.europesays.com\/sk\/wp-json\/wp\/v2\/posts"}],"about":[{"href":"https:\/\/www.europesays.com\/sk\/wp-json\/wp\/v2\/types\/post"}],"author":[{"embeddable":true,"href":"https:\/\/www.europesays.com\/sk\/wp-json\/wp\/v2\/users\/2"}],"replies":[{"embeddable":true,"href":"https:\/\/www.europesays.com\/sk\/wp-json\/wp\/v2\/comments?post=129626"}],"version-history":[{"count":0,"href":"https:\/\/www.europesays.com\/sk\/wp-json\/wp\/v2\/posts\/129626\/revisions"}],"wp:featuredmedia":[{"embeddable":true,"href":"https:\/\/www.europesays.com\/sk\/wp-json\/wp\/v2\/media\/129627"}],"wp:attachment":[{"href":"https:\/\/www.europesays.com\/sk\/wp-json\/wp\/v2\/media?parent=129626"}],"wp:term":[{"taxonomy":"category","embeddable":true,"href":"https:\/\/www.europesays.com\/sk\/wp-json\/wp\/v2\/categories?post=129626"},{"taxonomy":"post_tag","embeddable":true,"href":"https:\/\/www.europesays.com\/sk\/wp-json\/wp\/v2\/tags?post=129626"}],"curies":[{"name":"wp","href":"https:\/\/api.w.org\/{rel}","templated":true}]}}