{"id":130542,"date":"2026-07-22T11:43:11","date_gmt":"2026-07-22T11:43:11","guid":{"rendered":"https:\/\/www.europesays.com\/sk\/130542\/"},"modified":"2026-07-22T11:43:11","modified_gmt":"2026-07-22T11:43:11","slug":"foto-slavny-biatlonovy-par-prekvapil-fanusikov-radostna-sprava-meni-ich-planovanu-sezonu","status":"publish","type":"post","link":"https:\/\/www.europesays.com\/sk\/130542\/","title":{"rendered":"FOTO Sl\u00e1vny biatlonov\u00fd p\u00e1r prekvapil fan\u00fa\u0161ikov: Radostn\u00e1 spr\u00e1va men\u00ed ich pl\u00e1novan\u00fa sez\u00f3nu"},"content":{"rendered":"<p><a href=\"https:\/\/sportky.zoznam.sk\/g\/489301\/foto-slavny-biatlonovy-par-prekvapil-fanusikov-radostna-sprava-meni-ich-planovanu-sezonu?image=1100929\" title=\"\u0160v\u00e9dska biatlonistka Hanna \u00d6bergov\u00e1 sa te\u0161\u00ed z v\u00ed\u0165azstva v \u0161printe \u017eien na 7,5 km v r\u00e1mci 5. kola Svetov\u00e9ho poh\u00e1ra v nemeckom Ruhpoldingu\" rel=\"nofollow noopener\" target=\"_blank\">\t\t\t<img decoding=\"async\" loading=\"lazy\" src=\"https:\/\/www.europesays.com\/sk\/wp-content\/uploads\/2026\/07\/ruhpolding-hanna-obergova-sprint-1100929.jpg\"  alt=\"\u0160v\u00e9dska biatlonistka Hanna \u00d6bergov\u00e1 sa te\u0161\u00ed z v\u00ed\u0165azstva v \u0161printe \u017eien na 7,5 km v r\u00e1mci 5. kola Svetov\u00e9ho poh\u00e1ra v nemeckom Ruhpoldingu\"\/><\/a>\u0160v\u00e9dska biatlonistka Hanna \u00d6bergov\u00e1 sa te\u0161\u00ed z v\u00ed\u0165azstva v \u0161printe \u017eien na 7,5 km v r\u00e1mci 5. kola Svetov\u00e9ho poh\u00e1ra v nemeckom Ruhpoldingu\t\t\t Zdroj: TASR\/AP\/Sven Hoppe\/DPA\t\t\t\t<\/p>\n<p>\u0160TOKHOLM &#8211; Dvojn\u00e1sobn\u00e1 olympijsk\u00e1 v\u00ed\u0165azka v biatlone Hanna \u00d6bergov\u00e1 je tehotn\u00e1. Potomka o\u010dak\u00e1va s kolegom zo \u0161v\u00e9dskej reprezent\u00e1cie Martinom Ponsiluomou, ktor\u00fd rovnako patr\u00ed do absol\u00fatnej svetovej \u0161pi\u010dky. Spolo\u010dne to ozn\u00e1mili na Instagrame.\t<\/p>\n<p>&#8222;M\u00e1me novinky! Nadch\u00e1dzaj\u00faca sez\u00f3na pon\u00faka nov\u00e9 v\u00fdzvy,&#8220; nap\u00edsali k fotografi\u00e1m, kde m\u00e1 majite\u013eka 14 medail\u00ed z majstrovstiev sveta vidite\u013en\u00e9 tehotensk\u00e9 bru\u0161ko.<\/p>\n<p>Na tohtoro\u010dn\u00fdch zimn\u00fdch olympijsk\u00fdch hr\u00e1ch v Mil\u00e1ne a Cortine pomohla star\u0161ia zo sestier \u00d6bergov\u00fdch k striebru \u0161v\u00e9dskej \u017eenskej \u0161tafety. Z olympijsk\u00fdch medail\u00ed sa v Anterselve radoval aj jej partner, ktor\u00fd vyhral st\u00edha\u010dku a bol \u010dlenom \u0161v\u00e9dskej \u0161tafety mu\u017eov, ktor\u00e1 skon\u010dila tretia. Zlat\u00e9 medaily m\u00e1 \u00d6bergov\u00e1 z vytrvalostn\u00e9ho pretekov v Pchjong\u010dchangu 2018 a zo \u0161tafety v Pekingu 2022.<\/p>\n","protected":false},"excerpt":{"rendered":"\u0160v\u00e9dska biatlonistka Hanna \u00d6bergov\u00e1 sa te\u0161\u00ed z v\u00ed\u0165azstva v \u0161printe \u017eien na 7,5 km v r\u00e1mci 5. kola&hellip;\n","protected":false},"author":2,"featured_media":130543,"comment_status":"","ping_status":"","sticky":false,"template":"","format":"standard","meta":{"footnotes":"","_share_on_mastodon":"0"},"categories":[13],"tags":[1151,5895,41325,43,40,39,42,41,69,68],"class_list":["post-130542","post","type-post","status-publish","format-standard","has-post-thumbnail","category-sport","tag-biatlon","tag-hanna-obergova","tag-martin-ponsiluoma","tag-sk","tag-slovak","tag-slovakia","tag-slovencina","tag-slovensko","tag-sport","tag-sports"],"share_on_mastodon":{"url":"https:\/\/pubeurope.com\/@sk\/116963456147644774","error":""},"_links":{"self":[{"href":"https:\/\/www.europesays.com\/sk\/wp-json\/wp\/v2\/posts\/130542","targetHints":{"allow":["GET"]}}],"collection":[{"href":"https:\/\/www.europesays.com\/sk\/wp-json\/wp\/v2\/posts"}],"about":[{"href":"https:\/\/www.europesays.com\/sk\/wp-json\/wp\/v2\/types\/post"}],"author":[{"embeddable":true,"href":"https:\/\/www.europesays.com\/sk\/wp-json\/wp\/v2\/users\/2"}],"replies":[{"embeddable":true,"href":"https:\/\/www.europesays.com\/sk\/wp-json\/wp\/v2\/comments?post=130542"}],"version-history":[{"count":0,"href":"https:\/\/www.europesays.com\/sk\/wp-json\/wp\/v2\/posts\/130542\/revisions"}],"wp:featuredmedia":[{"embeddable":true,"href":"https:\/\/www.europesays.com\/sk\/wp-json\/wp\/v2\/media\/130543"}],"wp:attachment":[{"href":"https:\/\/www.europesays.com\/sk\/wp-json\/wp\/v2\/media?parent=130542"}],"wp:term":[{"taxonomy":"category","embeddable":true,"href":"https:\/\/www.europesays.com\/sk\/wp-json\/wp\/v2\/categories?post=130542"},{"taxonomy":"post_tag","embeddable":true,"href":"https:\/\/www.europesays.com\/sk\/wp-json\/wp\/v2\/tags?post=130542"}],"curies":[{"name":"wp","href":"https:\/\/api.w.org\/{rel}","templated":true}]}}