{"id":130934,"date":"2026-07-22T19:03:10","date_gmt":"2026-07-22T19:03:10","guid":{"rendered":"https:\/\/www.europesays.com\/sk\/130934\/"},"modified":"2026-07-22T19:03:10","modified_gmt":"2026-07-22T19:03:10","slug":"novy-sposob-ako-si-vynutit-prestup-z-klubu-hrac-wolverhamptonu-predviedol-nieco-nevidane","status":"publish","type":"post","link":"https:\/\/www.europesays.com\/sk\/130934\/","title":{"rendered":"Nov\u00fd sp\u00f4sob ako si vyn\u00fati\u0165 prestup z klubu? Hr\u00e1\u010d Wolverhamptonu predviedol nie\u010do nev\u00eddan\u00e9"},"content":{"rendered":"<p><a href=\"https:\/\/sportky.zoznam.sk\/g\/489383\/novy-sposob-ako-si-vynutit-prestup-z-klubu-hrac-wolverhamptonu-predviedol-nieco-nevidane?image=1183941\" title=\"Obranca Arsenalu William Saliba (v\u013eavo) v s\u00faboji s \u00fato\u010dn\u00edkom Tolum Arokodarem (vpravo) z Wolverhamptonu Wanderers\" rel=\"nofollow noopener\" target=\"_blank\">\t\t\t<img decoding=\"async\" loading=\"lazy\" src=\"https:\/\/www.europesays.com\/sk\/wp-content\/uploads\/2026\/07\/premier-league-wolverhampton-wanderers-1183941.jpg\"  alt=\"Obranca Arsenalu William Saliba (v\u013eavo) v s\u00faboji s \u00fato\u010dn\u00edkom Tolum Arokodarem (vpravo) z Wolverhamptonu Wanderers\"\/><\/a>Obranca Arsenalu William Saliba (v\u013eavo) v s\u00faboji s \u00fato\u010dn\u00edkom Tolum Arokodarem (vpravo) z Wolverhamptonu Wanderers\t\t\t Zdroj: SITA\/AP\/Dave Shopland\t\t\t\t<\/p>\n<p>LOND\u00ddN &#8211; \u0160trajkuj\u00faci \u00fato\u010dn\u00edk Tolu Arokodare don\u00fatil kou\u010da futbalistov Wolverhamptonu zru\u0161i\u0165 tr\u00e9ning. Nig\u00e9rijsk\u00fd reprezentant, ktor\u00fd si chce vyn\u00fati\u0165 prestup do Fiorentiny, sa pod\u013ea BBC posadil na ihrisko a odmietol od\u00eds\u0165. \t<\/p>\n<p>Nov\u00fd kou\u010d C\u00e9sar Peixoto preto pondel\u0148aj\u0161\u00ed tr\u00e9ning mu\u017estva, do ktor\u00e9ho patr\u00ed aj kapit\u00e1n \u010deskej reprezent\u00e1cie Ladislav Krej\u010d\u00ed, pred\u010dasne ukon\u010dil. Vedenie Wolverhamptonu, ktor\u00fd na jar zost\u00fapil z Premier League, ponuku Fiorentiny odmietlo. S\u00fahlasilo s podmienkami, s ktor\u00fdmi pri\u0161iel Trabzonspor, do Turecka v\u0161ak Arokodare nechce.<\/p>\n<p>Dvadsa\u0165p\u00e4\u0165ro\u010dn\u00fd \u00fato\u010dn\u00edk pri\u0161iel do Wolverhamptonu vlani z Genku za 24 mili\u00f3nov libier (vy\u0161e 679 mili\u00f3nov kor\u00fan) a podp\u00edsal zmluvu na \u0161tyri roky s opciou. V 38 s\u00fa\u0165a\u017en\u00fdch z\u00e1pasoch dal \u0161es\u0165 g\u00f3lov. V lige sa presadil trikr\u00e1t a nezabr\u00e1nil zostupu.<\/p>\n","protected":false},"excerpt":{"rendered":"Obranca Arsenalu William Saliba (v\u013eavo) v s\u00faboji s \u00fato\u010dn\u00edkom Tolum Arokodarem (vpravo) z Wolverhamptonu Wanderers Zdroj: SITA\/AP\/Dave Shopland&hellip;\n","protected":false},"author":2,"featured_media":130935,"comment_status":"","ping_status":"","sticky":false,"template":"","format":"standard","meta":{"footnotes":"","_share_on_mastodon":"0"},"categories":[13],"tags":[41394,6217,43,40,39,42,41,69,68,41393,5494],"class_list":["post-130934","post","type-post","status-publish","format-standard","has-post-thumbnail","category-sport","tag-cesar-peixoto","tag-championship","tag-sk","tag-slovak","tag-slovakia","tag-slovencina","tag-slovensko","tag-sport","tag-sports","tag-tolu-arokodare","tag-wolverhampton-wanderers"],"share_on_mastodon":{"url":"https:\/\/pubeurope.com\/@sk\/116965186241356036","error":""},"_links":{"self":[{"href":"https:\/\/www.europesays.com\/sk\/wp-json\/wp\/v2\/posts\/130934","targetHints":{"allow":["GET"]}}],"collection":[{"href":"https:\/\/www.europesays.com\/sk\/wp-json\/wp\/v2\/posts"}],"about":[{"href":"https:\/\/www.europesays.com\/sk\/wp-json\/wp\/v2\/types\/post"}],"author":[{"embeddable":true,"href":"https:\/\/www.europesays.com\/sk\/wp-json\/wp\/v2\/users\/2"}],"replies":[{"embeddable":true,"href":"https:\/\/www.europesays.com\/sk\/wp-json\/wp\/v2\/comments?post=130934"}],"version-history":[{"count":0,"href":"https:\/\/www.europesays.com\/sk\/wp-json\/wp\/v2\/posts\/130934\/revisions"}],"wp:featuredmedia":[{"embeddable":true,"href":"https:\/\/www.europesays.com\/sk\/wp-json\/wp\/v2\/media\/130935"}],"wp:attachment":[{"href":"https:\/\/www.europesays.com\/sk\/wp-json\/wp\/v2\/media?parent=130934"}],"wp:term":[{"taxonomy":"category","embeddable":true,"href":"https:\/\/www.europesays.com\/sk\/wp-json\/wp\/v2\/categories?post=130934"},{"taxonomy":"post_tag","embeddable":true,"href":"https:\/\/www.europesays.com\/sk\/wp-json\/wp\/v2\/tags?post=130934"}],"curies":[{"name":"wp","href":"https:\/\/api.w.org\/{rel}","templated":true}]}}