{"id":130988,"date":"2026-07-22T20:55:12","date_gmt":"2026-07-22T20:55:12","guid":{"rendered":"https:\/\/www.europesays.com\/sk\/130988\/"},"modified":"2026-07-22T20:55:12","modified_gmt":"2026-07-22T20:55:12","slug":"otec-laury-dahlmeierovej-po-roku-prelomil-mlcanie-sme-z-toho-unaveni","status":"publish","type":"post","link":"https:\/\/www.europesays.com\/sk\/130988\/","title":{"rendered":"Otec Laury Dahlmeierovej po roku prelomil ml\u010danie: Sme z toho unaven\u00ed"},"content":{"rendered":"<p>U\u017e takmer rok nie je medzi nami Laura Dahlmeierov\u00e1. Legend\u00e1rna biatlonistka zahynula 28. j\u00fala 2025 po\u010das horolezeck\u00e9ho v\u00fdstupu v pakistansk\u00fdch hor\u00e1ch. Teraz sa k trag\u00e9dii otvorene vyjadril jej otec Andreas Dahlmeier.<\/p>\n<p>Nemeck\u00e1 \u0161portovky\u0148a mala iba 31 rokov. Jej otec v rozhovore pre port\u00e1l t-online.de priznal, \u017ee rodina po roku od trag\u00e9die postupne na\u0161la vn\u00fatorn\u00fd pokoj a z\u00e1rove\u0148 ju te\u0161\u00ed, \u017ee medi\u00e1lny z\u00e1ujem o t\u00fato udalos\u0165 postupne ut\u00edchol.<\/p>\n<p>Otec prelomil ml\u010danie<\/p>\n<p>\u201eRodina sa dr\u017e\u00ed mimo pozornosti verejnosti. Sme radi, \u017ee z\u00e1ujem postupne opadol a op\u00e4\u0165 zavl\u00e1dol pokoj. Sme z toho unaven\u00ed,\u201c priznal Andreas Dahlmeier.<\/p>\n<p><a class=\"news-item-image\" target=\"_self\" href=\"https:\/\/sport.aktuality.sk\/ostatne-sporty\/clanok\/nechcela-ziaru-reflektorov-ale-pokoj-po-dahlmeierovej-smrti-prisla-chvila-ktora-dojala-vsetkych-2026030610511406921\" rel=\"nofollow noopener\"><img alt=\"Nechcela \u017eiaru reflektorov, ale pokoj. Po Dahlmeierovej smrti pri\u0161la chv\u00ed\u013ea, ktor\u00e1 dojala v\u0161etk\u00fdch\" src=\"data:image\/gif;base64,R0lGODlhAQABAIAAAAAAAP\/\/\/yH5BAEAAAAALAAAAAABAAEAAAIBRAA7\" decoding=\"async\" data-nimg=\"responsive\" class=\"side-article\" style=\"position:absolute;top:0;left:0;bottom:0;right:0;box-sizing:border-box;padding:0;border:none;margin:auto;display:block;width:0;height:0;min-width:100%;max-width:100%;min-height:100%;max-height:100%\"\/><img alt=\"Nechcela \u017eiaru reflektorov, ale pokoj. Po Dahlmeierovej smrti pri\u0161la chv\u00ed\u013ea, ktor\u00e1 dojala v\u0161etk\u00fdch\" src=\"https:\/\/www.europesays.com\/sk\/wp-content\/uploads\/2026\/07\/ab060376-1b1f-42dc-b443-4c3938efb43b.jpg\" decoding=\"async\" data-nimg=\"responsive\" style=\"position:absolute;top:0;left:0;bottom:0;right:0;box-sizing:border-box;padding:0;border:none;margin:auto;display:block;width:0;height:0;min-width:100%;max-width:100%;min-height:100%;max-height:100%\" class=\"side-article\" loading=\"lazy\"\/><\/a><\/p>\n<p class=\"news-item-description\">Od tragick\u00e9ho skonu fenomen\u00e1lnej biatlonistky Laury Dahlmeierovej v pakistansk\u00fdch hor\u00e1ch uplynulo u\u017e viac ako pol roka, no boles\u0165 v jej rodnom meste je st\u00e1le \u017eiv\u00e1. Miesto poslednej rozl\u00fa\u010dky a trvalej spomienky v\u0161ak teraz z\u00edskalo ofici\u00e1lnu a mimoriadne emot\u00edvnu podobu.<\/p>\n<p>Pam\u00e4tn\u00e9 miesto venovan\u00e9 Laure v Garmisch-Partenkirchene sa v\u0161ak stalo ob\u013e\u00faben\u00fdm p\u00fatnick\u00fdm miestom, kde jej mno\u017estvo \u013eud\u00ed prich\u00e1dza vzda\u0165 \u00factu. \u201eToto miesto sa stalo skuto\u010dn\u00fdm p\u00fatnick\u00fdm cie\u013eom,\u201c zhodnotil otec b\u00fdvalej biatlonistky. Z\u00e1rove\u0148 dodal, \u017ee ide o priestor, kde sa m\u00f4\u017eu \u013eudia na chv\u00ed\u013eu zastavi\u0165 a v tichosti si ju pripomen\u00fa\u0165.<\/p>\n<p>Pod\u013ea jej poslednej v\u00f4le malo v pr\u00edpade tragickej nehody jej telo nav\u017edy zosta\u0165 v hor\u00e1ch. B\u00fdval\u00e1 skvel\u00e1 biatlonistka si ne\u017eelala, aby ktoko\u013evek riskoval vlastn\u00fd \u017eivot pri pokuse o znesenie jej pozostatkov.<\/p>\n<p>Po\u010das olympijsk\u00fdch hier v Pjong\u010dangu z\u00edskala <a target=\"_blank\" class=\"editor-link\" href=\"https:\/\/sport.aktuality.sk\/tema\/laura-dahlmeierova-2023050312092225168\" rel=\"nofollow noopener\">Laura Dahlmeierov\u00e1<\/a> dve zlat\u00e9 a jednu bronzov\u00fa medailu. Na konte m\u00e1 aj 15 cenn\u00fdch kovov z majstrovstiev sveta, z toho sedem zlat\u00fdch. Rok pred olympi\u00e1dou navy\u0161e z\u00edskala Kri\u0161t\u00e1\u013eov\u00fd gl\u00f3bus za celkov\u00e9 prvenstvo vo Svetovom poh\u00e1ri.<\/p>\n<p>Nemeck\u00e1 telev\u00edzia ZDF moment\u00e1lne nakr\u00faca dokument\u00e1rny film venovan\u00fd jej \u017eivotu a \u00faspe\u0161nej kari\u00e9re. Nat\u00e1\u010danie prebieha na viacer\u00fdch miestach a vo filme vyst\u00fapia aj \u013eudia z jej najbli\u017e\u0161ieho okolia.<\/p>\n","protected":false},"excerpt":{"rendered":"U\u017e takmer rok nie je medzi nami Laura Dahlmeierov\u00e1. Legend\u00e1rna biatlonistka zahynula 28. j\u00fala 2025 po\u010das horolezeck\u00e9ho v\u00fdstupu&hellip;\n","protected":false},"author":2,"featured_media":130989,"comment_status":"","ping_status":"","sticky":false,"template":"","format":"standard","meta":{"footnotes":"","_share_on_mastodon":"0"},"categories":[13],"tags":[1151,41415,43,40,39,42,41,69,68],"class_list":["post-130988","post","type-post","status-publish","format-standard","has-post-thumbnail","category-sport","tag-biatlon","tag-laura-dahlmeierova","tag-sk","tag-slovak","tag-slovakia","tag-slovencina","tag-slovensko","tag-sport","tag-sports"],"share_on_mastodon":{"url":"https:\/\/pubeurope.com\/@sk\/116965626821521475","error":""},"_links":{"self":[{"href":"https:\/\/www.europesays.com\/sk\/wp-json\/wp\/v2\/posts\/130988","targetHints":{"allow":["GET"]}}],"collection":[{"href":"https:\/\/www.europesays.com\/sk\/wp-json\/wp\/v2\/posts"}],"about":[{"href":"https:\/\/www.europesays.com\/sk\/wp-json\/wp\/v2\/types\/post"}],"author":[{"embeddable":true,"href":"https:\/\/www.europesays.com\/sk\/wp-json\/wp\/v2\/users\/2"}],"replies":[{"embeddable":true,"href":"https:\/\/www.europesays.com\/sk\/wp-json\/wp\/v2\/comments?post=130988"}],"version-history":[{"count":0,"href":"https:\/\/www.europesays.com\/sk\/wp-json\/wp\/v2\/posts\/130988\/revisions"}],"wp:featuredmedia":[{"embeddable":true,"href":"https:\/\/www.europesays.com\/sk\/wp-json\/wp\/v2\/media\/130989"}],"wp:attachment":[{"href":"https:\/\/www.europesays.com\/sk\/wp-json\/wp\/v2\/media?parent=130988"}],"wp:term":[{"taxonomy":"category","embeddable":true,"href":"https:\/\/www.europesays.com\/sk\/wp-json\/wp\/v2\/categories?post=130988"},{"taxonomy":"post_tag","embeddable":true,"href":"https:\/\/www.europesays.com\/sk\/wp-json\/wp\/v2\/tags?post=130988"}],"curies":[{"name":"wp","href":"https:\/\/api.w.org\/{rel}","templated":true}]}}